{"id":8136,"date":"2019-05-01T22:14:16","date_gmt":"2019-05-01T22:14:16","guid":{"rendered":"https:\/\/redsemlac.com\/semmexico\/?p=8136"},"modified":"2023-07-21T14:48:39","modified_gmt":"2023-07-21T19:48:39","slug":"fondo-semillas-lanza-la-campana-maquilandoelcambio","status":"publish","type":"post","link":"https:\/\/redsemlac.com\/semmexico\/fondo-semillas-lanza-la-campana-maquilandoelcambio\/","title":{"rendered":"Fondo Semillas lanza la Campa\u00f1a #MaquilandoElCambio"},"content":{"rendered":"\n<p class=\"wp-block-paragraph\">Muestra con videos la realidad de las trabajadoras de la maquila en M\u00e9xico<\/p>\n\n\n\n<h5 class=\"wp-block-heading\"> Esa industria creci\u00f3 22 %, los salarios solo 2 %<\/h5>\n\n\n\n<p class=\"wp-block-paragraph\"><a href=\"https:\/\/semmexico.com\/gallery-post.php?id=8040#\">Elda Montiel<\/a><\/p>\n\n\n\n<p class=\"wp-block-paragraph\">SemM\u00e9xico, Cd. de M\u00e9xico, 1 mayo 2019.- Aunque la industria de la moda se tradujo en importantes ingresos para la econom\u00eda del pa\u00eds,&nbsp;con un valor de 43.2 millones de pesos en 2015, el salario semanal de las trabajadoras no les alcanza para comprar la canasta b\u00e1sica, por lo que el Fondo Semillas -organizaci\u00f3n que apoya a las mujeres-, pone en marcha la campa\u00f1a #MaquilandoElCambio.<\/p>\n\n\n\n<p class=\"wp-block-paragraph\">En el marco del D\u00eda del Trabajo, la campa\u00f1a da a conocer las historias de las trabajadoras de una industria que del 2007 al 2017 creci\u00f3 un 22 por ciento, mientras que el salario de las trabajadoras s\u00f3lo aumento en un dos por ciento.<\/p>\n\n\n\n<p class=\"wp-block-paragraph\">Adem\u00e1s, que m\u00e1s del 50 por ciento de las personas que se emplean en las l\u00edneas de producci\u00f3n son mujeres y, sin embargo, ocupan menos de un tercio de los puestos de supervisi\u00f3n, t\u00e9cnicos y administrativos, ya que la mayor\u00eda se desempe\u00f1an como ensambladoras.<\/p>\n\n\n\n<p class=\"wp-block-paragraph\">Las historias muestran la realidad de las trabajadoras de la maquila que padecen despidos injustificados, horas extra sin pago, acoso sexual, brecha salarial por g\u00e9nero, discriminaci\u00f3n, centros de trabajo inseguros, falta de apoyo a la maternidad y afectaciones a la salud.<\/p>\n\n\n\n<p class=\"wp-block-paragraph\">La campa\u00f1a consta de tres videos, en uno de ellos Oliva y Lety muestran como no les da tiempo de comer, porque la f\u00e1brica demanda m\u00e1s rapidez; como en el caso de Lety tiene que cerrar 900 costados de pantalones diarios, sola.<\/p>\n\n\n\n<p class=\"wp-block-paragraph\">Oliva madre soltera se perdi\u00f3 gran parte de la infancia de su hija por estar trabajando, ahora padece el \u201cs\u00edndrome del t\u00fanel carpiano\u201d, que consiste en entumecimiento y hormigueo en la mano, como resultado de su trabajo; su hija ya es abogada.<\/p>\n\n\n\n<p class=\"wp-block-paragraph\">Laura Garc\u00eda Coudurier, directora ejecutiva de Fondo Semillas, destac\u00f3 que si queremos un mundo distinto tenemos que empezar por mirarnos entre todas y todos con respeto e igualdad. Para ello, tenemos que poner nuestros recursos y energ\u00eda en lograr que todas las personas tengan acceso a un trabajo justo y digno, que les permita tener una vida sana y feliz\u201d.<\/p>\n\n\n\n<p class=\"wp-block-paragraph\">Desde hace 17 a\u00f1os, Fondo Semillas ha fortalecido a colectivas de trabajadoras de la maquila en M\u00e9xico. Actualmente, nueve grupos&nbsp;en Aguascalientes, CDMX, Coahuila, Hidalgo, Oaxaca y Puebla&nbsp;reciben recursos de Fondo Semillas para continuar su lucha organizada por mejorar las condiciones de vida de las mujeres empleadas en la industria textil.<\/p>\n\n\n\n<p class=\"wp-block-paragraph\">Al respecto, afirma Blanca que \u201cNosotras no movemos, despertamos conciencias\u201d coordinadora de la organizaci\u00f3n MUSA Oaxaca apoyada por Fondo Semillas brinda talleres a las trabajadoras para que conozcan sus derechos laborales y puedan defenderlos.<\/p>\n\n\n\n<p class=\"wp-block-paragraph\">Los tres videos que integran la campa\u00f1a #MaquilandoElCambio pueden encontrarse en los siguientes enlaces:<\/p>\n\n\n\n<p class=\"wp-block-paragraph\">\u00bfQu\u00e9 otras historias cuelgan en nuestros armarios? Episodio 1:<a href=\"https:\/\/www.youtube.com\/watch?v=KZaDbrxQeQo&amp;feature=youtu.be\" target=\"_blank\" rel=\"noreferrer noopener\">https:\/\/www.youtube.com\/watch?v=KZaDbrxQeQo&amp;feature=youtu.be<\/a><\/p>\n\n\n\n<p class=\"wp-block-paragraph\">\u00bfQu\u00e9 otras historias cuelgan en nuestros armarios? Episodio 2:<a href=\"https:\/\/www.youtube.com\/watch?v=TE1IH2Okh_U&amp;feature=youtu.be\" target=\"_blank\" rel=\"noreferrer noopener\">https:\/\/www.youtube.com\/watch?v=TE1IH2Okh_U&amp;feature=youtu.be<\/a><\/p>\n\n\n\n<p class=\"wp-block-paragraph\">\u00bfQu\u00e9 otras historias cuelgan en nuestros armarios? Episodio 3::<a href=\"https:\/\/www.youtube.com\/watch?v=nYr_Md5MSi0&amp;feature=youtu.be\" target=\"_blank\" rel=\"noreferrer noopener\">https:\/\/www.youtube.com\/watch?v=nYr_Md5MSi0&amp;feature=youtu.be<\/a><\/p>\n\n\n\n<p class=\"wp-block-paragraph\">SEM\/em\/sj<\/p>\n","protected":false},"excerpt":{"rendered":"<p>Muestra con videos la realidad de las trabajadoras de la maquila en M\u00e9xico Esa industria creci\u00f3 22 %, los salarios solo 2 % Elda Montiel SemM\u00e9xico, Cd. de M\u00e9xico, 1 mayo 2019.- Aunque la industria de la moda se tradujo en importantes ingresos para la econom\u00eda del pa\u00eds,&nbsp;con un valor de 43.2 millones de pesos [&hellip;]<\/p>\n","protected":false},"author":3,"featured_media":8137,"comment_status":"open","ping_status":"open","sticky":false,"template":"","format":"standard","meta":{"_monsterinsights_skip_tracking":false,"footnotes":""},"categories":[690,54],"tags":[],"class_list":["post-8136","post","type-post","status-publish","format-standard","has-post-thumbnail","category-690","category-mujeres"],"_links":{"self":[{"href":"https:\/\/redsemlac.com\/semmexico\/wp-json\/wp\/v2\/posts\/8136","targetHints":{"allow":["GET"]}}],"collection":[{"href":"https:\/\/redsemlac.com\/semmexico\/wp-json\/wp\/v2\/posts"}],"about":[{"href":"https:\/\/redsemlac.com\/semmexico\/wp-json\/wp\/v2\/types\/post"}],"author":[{"embeddable":true,"href":"https:\/\/redsemlac.com\/semmexico\/wp-json\/wp\/v2\/users\/3"}],"replies":[{"embeddable":true,"href":"https:\/\/redsemlac.com\/semmexico\/wp-json\/wp\/v2\/comments?post=8136"}],"version-history":[{"count":0,"href":"https:\/\/redsemlac.com\/semmexico\/wp-json\/wp\/v2\/posts\/8136\/revisions"}],"wp:featuredmedia":[{"embeddable":true,"href":"https:\/\/redsemlac.com\/semmexico\/wp-json\/wp\/v2\/media\/8137"}],"wp:attachment":[{"href":"https:\/\/redsemlac.com\/semmexico\/wp-json\/wp\/v2\/media?parent=8136"}],"wp:term":[{"taxonomy":"category","embeddable":true,"href":"https:\/\/redsemlac.com\/semmexico\/wp-json\/wp\/v2\/categories?post=8136"},{"taxonomy":"post_tag","embeddable":true,"href":"https:\/\/redsemlac.com\/semmexico\/wp-json\/wp\/v2\/tags?post=8136"}],"curies":[{"name":"wp","href":"https:\/\/api.w.org\/{rel}","templated":true}]}}