{"id":8133,"date":"2019-05-01T22:12:24","date_gmt":"2019-05-01T22:12:24","guid":{"rendered":"https:\/\/redsemlac.com\/semmexico\/?p=8133"},"modified":"2023-07-21T14:48:40","modified_gmt":"2023-07-21T19:48:40","slug":"fallece-patricia-berumen-comprometida-periodista-y-feminista","status":"publish","type":"post","link":"https:\/\/redsemlac.com\/semmexico\/fallece-patricia-berumen-comprometida-periodista-y-feminista\/","title":{"rendered":"Fallece Patricia Ber\u00famen, comprometida periodista y feminista"},"content":{"rendered":"\n<p class=\"wp-block-paragraph\">Autora de uno de los primeros libros sobre aborto y violencia familiar<\/p>\n\n\n\n<h5 class=\"wp-block-heading\"> Sus inicios como informadora remontan a los a\u00f1os setenta<\/h5>\n\n\n\n<p class=\"wp-block-paragraph\"><a href=\"https:\/\/semmexico.com\/gallery-post.php?id=8042#\">Redacci\u00f3n<\/a><\/p>\n\n\n\n<p class=\"wp-block-paragraph\"><strong>Lorena Vaniezcot<\/strong><\/p>\n\n\n\n<p class=\"wp-block-paragraph\">SemM\u00e9xico, Cd. de M\u00e9xico, 1 mayo 2019.- Patricia Ber\u00famen, periodista mexicana muri\u00f3 este d\u00eda por la ma\u00f1ana.<\/p>\n\n\n\n<p class=\"wp-block-paragraph\">Feminista e informadora preocupada, coautora de Es S\u00e1bado y el Sol Brilla (Ed. Diana, 1990), junto con Roc\u00edo Villagarc\u00eda, libro pionero sobre el aborto en M\u00e9xico y m\u00e1s tarde del libro La Violencia Intrafamiliar, un Drama Cotidiano, entre otros, con los que la hoy desaparecida Patricia Ber\u00famen mostr\u00f3 la violencia encarnada a trav\u00e9s de relatos de sus protagonistas.<\/p>\n\n\n\n<p class=\"wp-block-paragraph\">Con este \u00faltimo texto mostr\u00f3 la realidad de mujeres que sufr\u00edan violencia, revel\u00f3 lo que sigue persistiendo la falta de especializaci\u00f3n del funcionariado y la inexistencia de garant\u00edas para las mujeres que viven el drama de la violencia familiar.<\/p>\n\n\n\n<p class=\"wp-block-paragraph\">\u201cLas mujeres no son las \u00fanicas, pero s\u00ed son las principales v\u00edctimas de violencia intrafamiliar. En M\u00e9xico -sostiene Ber\u00famen- 70 por ciento de ellas han padecido alg\u00fan tipo de violencia: f\u00edsica o sicol\u00f3gica.<\/p>\n\n\n\n<p class=\"wp-block-paragraph\">\u201cSaber que en este momento hay mujeres \u00bbque por miedo o verg\u00fcenza no denuncian la violencia, o creen que es su cruz y tienen que aguantarse\u00bb, es lo que llev\u00f3 a Ber\u00famen a escribir el libro. En \u00e9l cuenta historias reales, representativas de diferentes formas de violencia: \u00bbLa g\u00e9nesis del libro est\u00e1 en mi profunda convicci\u00f3n feminista desde hace 30 a\u00f1os. Pertenezco a la primera generaci\u00f3n de feministas rabiosas en M\u00e9xico, junto con Martha Lamas, B\u00e1rbara Yll\u00e1n (subprocuradora de Atenci\u00f3n a V\u00edctimas del Delito y Servicios a la Comunidad de la Procuradur\u00eda General de Justicia del DF y prologuista del libro), Anil\u00fa El\u00edas, Mireya Toto y Esperanza Brito, entre otras\u00bb.<\/p>\n\n\n\n<p class=\"wp-block-paragraph\">Dijo en una nota period\u00edstica de Arturo Garc\u00eda Hern\u00e1ndez, publicada en La Jornada, el 2 de julio de 2003, en la que recuerda que a principios de la d\u00e9cada de los 80, \u00bbnos juntamos por primera vez en una gran mesa mujeres de distintos partidos y organizaciones para analizar y luchar por los cambios en las leyes para erradicar la violencia intrafamiliar. Es el \u00fanico tema que re\u00fane a las mujeres, sea del partido que sean, y de la extracci\u00f3n social que sea. Hemos tenido grandes logros, las organizaciones de mujeres m\u00e1s que los partidos pol\u00edticos. Ya las mujeres tienen opciones, pueden hacer algo para salir del problema, ya se habla del tema, hay ensayos, programas de televisi\u00f3n, pero siento que todav\u00eda falta mucha difusi\u00f3n\u00bb (sic).<\/p>\n\n\n\n<p class=\"wp-block-paragraph\">Como periodista, a Patricia Ber\u00famen se le recuerda en sus inicios en el Telesistema mexicano, hoy Televisa, con Jacobo Zabludowski, adem\u00e1s de haber incursionado en el periodismo informativo y de opini\u00f3n en diversos medios, y de manera fundamental en la Revista Fem y programas televisivos de corte feminista en la d\u00e9cada de los setenta.<\/p>\n\n\n\n<p class=\"wp-block-paragraph\">Patricia Ber\u00famen ser\u00e1 velada en la Funeraria Garc\u00eda L\u00f3pez de Abraham Gonz\u00e1lez, en esta ciudad, a partir de esta tarde. QEPD Patricia Ber\u00famen.<\/p>\n\n\n\n<p class=\"wp-block-paragraph\">SEM\/lv\/sj<\/p>\n","protected":false},"excerpt":{"rendered":"<p>Autora de uno de los primeros libros sobre aborto y violencia familiar Sus inicios como informadora remontan a los a\u00f1os setenta Redacci\u00f3n Lorena Vaniezcot SemM\u00e9xico, Cd. de M\u00e9xico, 1 mayo 2019.- Patricia Ber\u00famen, periodista mexicana muri\u00f3 este d\u00eda por la ma\u00f1ana. Feminista e informadora preocupada, coautora de Es S\u00e1bado y el Sol Brilla (Ed. Diana, [&hellip;]<\/p>\n","protected":false},"author":3,"featured_media":8134,"comment_status":"open","ping_status":"open","sticky":false,"template":"","format":"standard","meta":{"_monsterinsights_skip_tracking":false,"footnotes":""},"categories":[690,54],"tags":[],"class_list":["post-8133","post","type-post","status-publish","format-standard","has-post-thumbnail","category-690","category-mujeres"],"_links":{"self":[{"href":"https:\/\/redsemlac.com\/semmexico\/wp-json\/wp\/v2\/posts\/8133","targetHints":{"allow":["GET"]}}],"collection":[{"href":"https:\/\/redsemlac.com\/semmexico\/wp-json\/wp\/v2\/posts"}],"about":[{"href":"https:\/\/redsemlac.com\/semmexico\/wp-json\/wp\/v2\/types\/post"}],"author":[{"embeddable":true,"href":"https:\/\/redsemlac.com\/semmexico\/wp-json\/wp\/v2\/users\/3"}],"replies":[{"embeddable":true,"href":"https:\/\/redsemlac.com\/semmexico\/wp-json\/wp\/v2\/comments?post=8133"}],"version-history":[{"count":0,"href":"https:\/\/redsemlac.com\/semmexico\/wp-json\/wp\/v2\/posts\/8133\/revisions"}],"wp:featuredmedia":[{"embeddable":true,"href":"https:\/\/redsemlac.com\/semmexico\/wp-json\/wp\/v2\/media\/8134"}],"wp:attachment":[{"href":"https:\/\/redsemlac.com\/semmexico\/wp-json\/wp\/v2\/media?parent=8133"}],"wp:term":[{"taxonomy":"category","embeddable":true,"href":"https:\/\/redsemlac.com\/semmexico\/wp-json\/wp\/v2\/categories?post=8133"},{"taxonomy":"post_tag","embeddable":true,"href":"https:\/\/redsemlac.com\/semmexico\/wp-json\/wp\/v2\/tags?post=8133"}],"curies":[{"name":"wp","href":"https:\/\/api.w.org\/{rel}","templated":true}]}}