{"id":8128,"date":"2019-03-20T21:49:33","date_gmt":"2019-03-20T21:49:33","guid":{"rendered":"https:\/\/redsemlac.com\/semmexico\/?p=8128"},"modified":"2023-07-21T14:47:45","modified_gmt":"2023-07-21T19:47:45","slug":"ganan-amparo-1700-estancias-infantiles-y-les-devolveran-presupuesto","status":"publish","type":"post","link":"https:\/\/redsemlac.com\/semmexico\/ganan-amparo-1700-estancias-infantiles-y-les-devolveran-presupuesto\/","title":{"rendered":"Ganan amparo 1,700 estancias infantiles y les devolver\u00e1n presupuesto"},"content":{"rendered":"\n<p class=\"wp-block-paragraph\">Gobierno federal se ver\u00e1 obligado a poner en marcha el programa tal y como funcionaba hasta diciembre pasado.<\/p>\n\n\n\n<h5 class=\"wp-block-heading\"> De acuerdo con un fallo judicial presentado por un senador, las guarder\u00edas ganaron 5 amparos.<\/h5>\n\n\n\n<p class=\"wp-block-paragraph\"><a href=\"https:\/\/semmexico.com\/gallery-post.php?id=7623#\">Redacci\u00f3n<\/a><\/p>\n\n\n\n<p class=\"wp-block-paragraph\">SemM\u00e9xico\/El Pipila.mx. 20 de marzo 2019.- De las nueve mil estancias infantiles que operan en el pa\u00eds, mil 700 ganaron cinco amparos contra el recorte presupuestal, por lo que el Gobierno federal se ver\u00e1 obligado a poner en marcha el programa tal y como funcionaba hasta diciembre pasado.<\/p>\n\n\n\n<p class=\"wp-block-paragraph\">De acuerdo con la documentaci\u00f3n presentada por el senador del partido Movimiento Ciudadano, Samuel Garc\u00eda Sep\u00falveda, la secretaria de Bienestar, Mar\u00eda Luisa Albores, y la subsecretaria, Ariadna Montiel Reyes, tienen un plazo de 24 horas para restituir los recursos a las estancias infantiles amparadas para que operen de manera normal.<\/p>\n\n\n\n<p class=\"wp-block-paragraph\">El senador asegur\u00f3 que no hay manera de que el gobierno federal \u201cle d\u00e9 vuelta a esta resoluci\u00f3n judicial, por lo que esta cascada de amparos ha demostrado que nadie puede atropellar el derecho de ni\u00f1as y ni\u00f1os\u201d.<\/p>\n\n\n\n<p class=\"wp-block-paragraph\">A\u00f1adi\u00f3 que est\u00e1n en proceso alrededor de mil 323 amparos m\u00e1s y algunos ya fueron presentados en 22 entidades del pa\u00eds, de acuerdo con el portal 24 Horas.<\/p>\n\n\n\n<p class=\"wp-block-paragraph\">Mientras tanto, en Chihuahua, 110 padres, madres y estancias infantiles obtuvieron un amparo colectivo, por lo que el gobierno de Andr\u00e9s Manuel L\u00f3pez Obrador les deber\u00e1 pagar los meses de enero, febrero y marzo, inform\u00f3 el diputado panista federal, Mario Carrasco.<\/p>\n\n\n\n<p class=\"wp-block-paragraph\">SEM\/El Pipila.mx.<\/p>\n","protected":false},"excerpt":{"rendered":"<p>Gobierno federal se ver\u00e1 obligado a poner en marcha el programa tal y como funcionaba hasta diciembre pasado. De acuerdo con un fallo judicial presentado por un senador, las guarder\u00edas ganaron 5 amparos. Redacci\u00f3n SemM\u00e9xico\/El Pipila.mx. 20 de marzo 2019.- De las nueve mil estancias infantiles que operan en el pa\u00eds, mil 700 ganaron cinco [&hellip;]<\/p>\n","protected":false},"author":3,"featured_media":8129,"comment_status":"open","ping_status":"open","sticky":false,"template":"","format":"standard","meta":{"_monsterinsights_skip_tracking":false,"footnotes":""},"categories":[690,56],"tags":[],"class_list":["post-8128","post","type-post","status-publish","format-standard","has-post-thumbnail","category-690","category-redes"],"_links":{"self":[{"href":"https:\/\/redsemlac.com\/semmexico\/wp-json\/wp\/v2\/posts\/8128","targetHints":{"allow":["GET"]}}],"collection":[{"href":"https:\/\/redsemlac.com\/semmexico\/wp-json\/wp\/v2\/posts"}],"about":[{"href":"https:\/\/redsemlac.com\/semmexico\/wp-json\/wp\/v2\/types\/post"}],"author":[{"embeddable":true,"href":"https:\/\/redsemlac.com\/semmexico\/wp-json\/wp\/v2\/users\/3"}],"replies":[{"embeddable":true,"href":"https:\/\/redsemlac.com\/semmexico\/wp-json\/wp\/v2\/comments?post=8128"}],"version-history":[{"count":0,"href":"https:\/\/redsemlac.com\/semmexico\/wp-json\/wp\/v2\/posts\/8128\/revisions"}],"wp:featuredmedia":[{"embeddable":true,"href":"https:\/\/redsemlac.com\/semmexico\/wp-json\/wp\/v2\/media\/8129"}],"wp:attachment":[{"href":"https:\/\/redsemlac.com\/semmexico\/wp-json\/wp\/v2\/media?parent=8128"}],"wp:term":[{"taxonomy":"category","embeddable":true,"href":"https:\/\/redsemlac.com\/semmexico\/wp-json\/wp\/v2\/categories?post=8128"},{"taxonomy":"post_tag","embeddable":true,"href":"https:\/\/redsemlac.com\/semmexico\/wp-json\/wp\/v2\/tags?post=8128"}],"curies":[{"name":"wp","href":"https:\/\/api.w.org\/{rel}","templated":true}]}}