{"id":81251,"date":"2024-05-10T13:59:41","date_gmt":"2024-05-10T19:59:41","guid":{"rendered":"https:\/\/redsemlac.com\/semmexico\/?p=81251"},"modified":"2024-05-10T13:59:41","modified_gmt":"2024-05-10T19:59:41","slug":"evelyn-salgado-y-fiscal-general-celebran-a-madres-y-profesionistas","status":"publish","type":"post","link":"https:\/\/redsemlac.com\/semmexico\/evelyn-salgado-y-fiscal-general-celebran-a-madres-y-profesionistas\/","title":{"rendered":"Evelyn Salgado y Fiscal General celebran a madres y profesionistas\u00a0"},"content":{"rendered":"\n<p class=\"wp-block-paragraph\">&nbsp;Isabel Ortega Morales<\/p>\n\n\n\n<p class=\"wp-block-paragraph\">SemM\u00e9xico\/ SURIANA RADIO\/ Ceprovysa, Chilpancingo, Guerrero., 10 de mayo, 2024.- Con la presencia de la Gobernadora Evelyn Salgado Pineda, el Fiscal General del Estado, Zipacn\u00e1 Jes\u00fas Torres Ojeda celebr\u00f3 a las Madres Profesionistas que laboran en esa instancia procuradora de justicia.<\/p>\n\n\n\n<p class=\"wp-block-paragraph\"><br>A trav\u00e9s de su cuenta social, el Fiscal General del Estado se\u00f1al\u00f3 \u201ccelebramos el D\u00eda de las Madres a las mujeres y profesionistas que conforman la Fiscal\u00eda General del Estado de Guerrero, en compa\u00f1\u00eda de la Gobernadora Evelyn Salgado Pineda\u201d.<br>El Fiscal General del Estado dijo sentirse orgulloso de contar con \u201cmadres de familia que a la vez son fiscales, ministerios p\u00fablicos, polic\u00edas de investigaci\u00f3n, peritos, personal administrativo y dem\u00e1s especialistas\u201d.<\/p>\n\n\n\n<p class=\"wp-block-paragraph\"><br>Zipacn\u00e1 Jes\u00fas Torres Ojeda, Fiscal General del Estado, se\u00f1al\u00f3 que \u201cgracias a sus capacidades t\u00e9cnicas y profesionales permiten garantizar la procuraci\u00f3n de justicia en Guerrero\u201d.<\/p>\n","protected":false},"excerpt":{"rendered":"<p>&nbsp;Isabel Ortega Morales SemM\u00e9xico\/ SURIANA RADIO\/ Ceprovysa, Chilpancingo, Guerrero., 10 de mayo, 2024.- Con la presencia de la Gobernadora Evelyn Salgado Pineda, el Fiscal General del Estado, Zipacn\u00e1 Jes\u00fas Torres Ojeda celebr\u00f3 a las Madres Profesionistas que laboran en esa instancia procuradora de justicia. A trav\u00e9s de su cuenta social, el Fiscal General del Estado [&hellip;]<\/p>\n","protected":false},"author":3,"featured_media":81253,"comment_status":"open","ping_status":"open","sticky":false,"template":"","format":"standard","meta":{"_monsterinsights_skip_tracking":false,"footnotes":""},"categories":[682],"tags":[],"class_list":["post-81251","post","type-post","status-publish","format-standard","has-post-thumbnail","category-noticias"],"_links":{"self":[{"href":"https:\/\/redsemlac.com\/semmexico\/wp-json\/wp\/v2\/posts\/81251","targetHints":{"allow":["GET"]}}],"collection":[{"href":"https:\/\/redsemlac.com\/semmexico\/wp-json\/wp\/v2\/posts"}],"about":[{"href":"https:\/\/redsemlac.com\/semmexico\/wp-json\/wp\/v2\/types\/post"}],"author":[{"embeddable":true,"href":"https:\/\/redsemlac.com\/semmexico\/wp-json\/wp\/v2\/users\/3"}],"replies":[{"embeddable":true,"href":"https:\/\/redsemlac.com\/semmexico\/wp-json\/wp\/v2\/comments?post=81251"}],"version-history":[{"count":0,"href":"https:\/\/redsemlac.com\/semmexico\/wp-json\/wp\/v2\/posts\/81251\/revisions"}],"wp:featuredmedia":[{"embeddable":true,"href":"https:\/\/redsemlac.com\/semmexico\/wp-json\/wp\/v2\/media\/81253"}],"wp:attachment":[{"href":"https:\/\/redsemlac.com\/semmexico\/wp-json\/wp\/v2\/media?parent=81251"}],"wp:term":[{"taxonomy":"category","embeddable":true,"href":"https:\/\/redsemlac.com\/semmexico\/wp-json\/wp\/v2\/categories?post=81251"},{"taxonomy":"post_tag","embeddable":true,"href":"https:\/\/redsemlac.com\/semmexico\/wp-json\/wp\/v2\/tags?post=81251"}],"curies":[{"name":"wp","href":"https:\/\/api.w.org\/{rel}","templated":true}]}}