{"id":8116,"date":"2019-05-02T21:27:07","date_gmt":"2019-05-02T21:27:07","guid":{"rendered":"https:\/\/redsemlac.com\/semmexico\/?p=8116"},"modified":"2023-07-21T14:48:39","modified_gmt":"2023-07-21T19:48:39","slug":"denuncia-a-su-agresor-pero-teme-por-su-integridad","status":"publish","type":"post","link":"https:\/\/redsemlac.com\/semmexico\/denuncia-a-su-agresor-pero-teme-por-su-integridad\/","title":{"rendered":"Denuncia a su agresor, pero teme por su integridad"},"content":{"rendered":"\n<p class=\"wp-block-paragraph\">Su agresor, un comerciante, tambi\u00e9n ha acosado a otras mujeres, denuncian en redes sociales<\/p>\n\n\n\n<h5 class=\"wp-block-heading\"> El acoso sexual callejero representa el 65.3 % de agresiones en la calle: ENDIREH.<\/h5>\n\n\n\n<p class=\"wp-block-paragraph\"><a href=\"https:\/\/semmexico.com\/gallery-post.php?id=8054#\">Soledad Jarqu\u00edn Edgar<\/a><\/p>\n\n\n\n<p class=\"wp-block-paragraph\">SemM\u00e9xico, Oaxaca, 2 mayo 2019.- Yulissa Sara\u00ed Morales Santiago interpuso una denuncia ante el Ministerio P\u00fablico de Tlacolula de Matamoros contra Adri\u00e1n J.M. quien la acos\u00f3 sexualmente y la agredi\u00f3 este 1 de mayo en las calles de ese municipio.<\/p>\n\n\n\n<p class=\"wp-block-paragraph\">Explic\u00f3 que de igual manera interpuso una denuncia contra Adri\u00e1n J. L. hijo del primero, por amenazas en su contra, luego de que, tras la agresi\u00f3n sexual callejera public\u00f3 los hechos y una fotograf\u00eda del agresor en su cuenta de Facebook, a manera de hacer p\u00fablico lo que hab\u00eda ocurrido. Por ambas denuncias se inici\u00f3 una carpeta de investigaci\u00f3n.<\/p>\n\n\n\n<p class=\"wp-block-paragraph\">La joven estudiante de Fisioterapia en la Universidad Aut\u00f3noma Benito Ju\u00e1rez de Oaxaca explic\u00f3 que teme por su integridad f\u00edsica y la de su familia, ya que ambos agresores se presentaron la noche de este mi\u00e9rcoles en su domicilio para amenazarla por la publicaci\u00f3n y advirti\u00e9ndole que ser\u00eda demandada.<\/p>\n\n\n\n<p class=\"wp-block-paragraph\">Aunque despu\u00e9s Adri\u00e1n J.L. pretendi\u00f3 \u201csuavizar\u201d los hechos, pidi\u00e9ndole que saliera de su casa y que fuera hasta el autom\u00f3vil donde se encontraba su pap\u00e1 Adri\u00e1n J.M. quien le dar\u00eda una disculpa y le se\u00f1al\u00f3 que incluso \u201cpodr\u00edan llegar a una negociaci\u00f3n\u201d, a lo que ella se neg\u00f3.<\/p>\n\n\n\n<p class=\"wp-block-paragraph\">La v\u00edctima de acoso sexual callejero explic\u00f3 que tras su publicaci\u00f3n otras mujeres se\u00f1alaron que tambi\u00e9n han sido acosadas por Adri\u00e1n J.M. quien es comerciante de ropa en Tlacolula, municipio ubicado a 30 kil\u00f3metros de la capital oaxaque\u00f1a.<\/p>\n\n\n\n<p class=\"wp-block-paragraph\">\u201cEs real, yo tambi\u00e9n fui v\u00edctima de ese se\u00f1or y muy grosero. No soy de ah\u00ed, solo fui a trabajar un tiempo y de verdad me da mucha tristeza y pena pasar por ah\u00ed\u201d, dice una de las respuestas a la publicaci\u00f3n de Facebook de Yulissa Sara\u00ed Morales.<\/p>\n\n\n\n<p class=\"wp-block-paragraph\">En su red social hubo muchas muestras de solidaridad de hombres y mujeres con Yulissa Sara\u00ed Morales Santiago, quienes adem\u00e1s demandaron a las autoridades que atiendan ese y otros casos que se han presentado en el municipio.<\/p>\n\n\n\n<p class=\"wp-block-paragraph\">De acuerdo con la Encuesta Nacional sobre la Din\u00e1mica de las Relaciones en los Hogares (ENDIREH) 2016 la violencia comunitaria revela que el 65.3 por ciento de las agresiones ocurren en la calle por parte de desconocidos, adem\u00e1s de otros lugares como el transporte p\u00fablico y parques p\u00fablicos, en general la violencia comunitaria constituye el 38.7 por ciento por el \u00e1mbito d\u00f3nde ocurre la violencia.<\/p>\n\n\n\n<p class=\"wp-block-paragraph\">De los actos de violencia m\u00e1s frecuentes destaca la violencia sexual, que han sufrido 34.3 % de las mujeres de 15 a\u00f1os y m\u00e1s, ya sea por intimidaci\u00f3n, acoso, abuso o violaci\u00f3n sexual, esto de acuerdo a datos del INEGI.<\/p>\n\n\n\n<p class=\"wp-block-paragraph\">SEM\/sj<\/p>\n","protected":false},"excerpt":{"rendered":"<p>Su agresor, un comerciante, tambi\u00e9n ha acosado a otras mujeres, denuncian en redes sociales El acoso sexual callejero representa el 65.3 % de agresiones en la calle: ENDIREH. Soledad Jarqu\u00edn Edgar SemM\u00e9xico, Oaxaca, 2 mayo 2019.- Yulissa Sara\u00ed Morales Santiago interpuso una denuncia ante el Ministerio P\u00fablico de Tlacolula de Matamoros contra Adri\u00e1n J.M. quien [&hellip;]<\/p>\n","protected":false},"author":3,"featured_media":8117,"comment_status":"open","ping_status":"open","sticky":false,"template":"","format":"standard","meta":{"_monsterinsights_skip_tracking":false,"footnotes":""},"categories":[690,54],"tags":[],"class_list":["post-8116","post","type-post","status-publish","format-standard","has-post-thumbnail","category-690","category-mujeres"],"_links":{"self":[{"href":"https:\/\/redsemlac.com\/semmexico\/wp-json\/wp\/v2\/posts\/8116","targetHints":{"allow":["GET"]}}],"collection":[{"href":"https:\/\/redsemlac.com\/semmexico\/wp-json\/wp\/v2\/posts"}],"about":[{"href":"https:\/\/redsemlac.com\/semmexico\/wp-json\/wp\/v2\/types\/post"}],"author":[{"embeddable":true,"href":"https:\/\/redsemlac.com\/semmexico\/wp-json\/wp\/v2\/users\/3"}],"replies":[{"embeddable":true,"href":"https:\/\/redsemlac.com\/semmexico\/wp-json\/wp\/v2\/comments?post=8116"}],"version-history":[{"count":0,"href":"https:\/\/redsemlac.com\/semmexico\/wp-json\/wp\/v2\/posts\/8116\/revisions"}],"wp:featuredmedia":[{"embeddable":true,"href":"https:\/\/redsemlac.com\/semmexico\/wp-json\/wp\/v2\/media\/8117"}],"wp:attachment":[{"href":"https:\/\/redsemlac.com\/semmexico\/wp-json\/wp\/v2\/media?parent=8116"}],"wp:term":[{"taxonomy":"category","embeddable":true,"href":"https:\/\/redsemlac.com\/semmexico\/wp-json\/wp\/v2\/categories?post=8116"},{"taxonomy":"post_tag","embeddable":true,"href":"https:\/\/redsemlac.com\/semmexico\/wp-json\/wp\/v2\/tags?post=8116"}],"curies":[{"name":"wp","href":"https:\/\/api.w.org\/{rel}","templated":true}]}}