{"id":8104,"date":"2019-05-02T21:04:32","date_gmt":"2019-05-02T21:04:32","guid":{"rendered":"https:\/\/redsemlac.com\/semmexico\/?p=8104"},"modified":"2023-07-21T14:48:39","modified_gmt":"2023-07-21T19:48:39","slug":"exigen-sanciones-a-servidores-publicos-omisos-en-el-caso-de-vanessa","status":"publish","type":"post","link":"https:\/\/redsemlac.com\/semmexico\/exigen-sanciones-a-servidores-publicos-omisos-en-el-caso-de-vanessa\/","title":{"rendered":"Exigen sanciones a servidores p\u00fablicos omisos en el caso de Vanessa"},"content":{"rendered":"\n<p class=\"wp-block-paragraph\">* Hasta ahora inadmisible la respuesta del Estado<\/p>\n\n\n\n<h5 class=\"wp-block-heading\"> Deficiente respuesta ante el reclamo de auxilio.<\/h5>\n\n\n\n<p class=\"wp-block-paragraph\"><a href=\"https:\/\/semmexico.com\/gallery-post.php?id=8057#\">Analy S. Nu\u00f1o<\/a><\/p>\n\n\n\n<p class=\"wp-block-paragraph\">SemM\u00e9xico, Guadalajara, Jal., 2 mayo 2019.- El Estado debe fincar responsabilidad a los funcionarios que estuvieron a cargo de la denuncia y las \u00f3rdenes de protecci\u00f3n de Vanessa, as\u00ed como a los polic\u00edas con quienes habl\u00f3 minutos antes de ser asesinada y quienes filtraron el v\u00eddeo de su feminicidio afuera de Casa Jalisco.<\/p>\n\n\n\n<p class=\"wp-block-paragraph\">La coordinadora del Comit\u00e9 de Am\u00e9rica Latina y el Caribe para la Defensa de las Mujeres (CLADEM), Guadalupe Ramos Ponce, demand\u00f3 al gobierno acciones en contra de los servidores p\u00fablicos que conocieron del caso desde la primera denuncia en 2017 presentada por Vanessa, hasta el momento de su feminicidio, el pasado 25 de abril.<\/p>\n\n\n\n<p class=\"wp-block-paragraph\">\u201cEstamos exigiendo que se inicien los procedimientos de responsabilidad, no puede pasar este caso sin que exista un funcionario sancionado, se les tiene que sancionar, se les tiene que iniciar procedimientos de responsabilidad de todo, desde cuando ella denunci\u00f3, qui\u00e9nes eran los responsables de atender el caso, de darle seguimiento a la orden de protecci\u00f3n hasta su llegada a Casa Jalisco y la responsabilidad de qui\u00e9nes estaban ah\u00ed y, desde mi punto de vista, no atendieron adecuadamente a Vanessa\u201d.<\/p>\n\n\n\n<p class=\"wp-block-paragraph\">Refiri\u00f3 que se debe fijar responsabilidad al custodio de Casa Jalisco y el guarda espaldas del Fiscal General, ante su deficiente respuesta en la petici\u00f3n de auxilio de Vanessa, pues tuvieron al menos 10 segundos para resguardarla, sin embargo, no actuaron.<\/p>\n\n\n\n<p class=\"wp-block-paragraph\">\u201cEsto refleja algo importante que es que los casos de violencia contra las mujeres son minimizados, cuando escuchan a las mujeres hablar de esas violencias, no magnifican ni analizan la situaci\u00f3n de riesgo, seguramente lo que ah\u00ed estaban dici\u00e9ndole a Vanessa, por lo que escuchaban, es \u2018vaya al Centro de Justicia porque aqu\u00ed no podemos hacer nada\u2019\u201d, indic\u00f3<\/p>\n\n\n\n<p class=\"wp-block-paragraph\">A consideraci\u00f3n de Ramos Ponce las declaraciones del gobernador, el fiscal general y el presidente municipal de Guadalajara en torno al feminicidio de Vanessa muestran su ignorancia en el tema y falta de empat\u00eda con las v\u00edctimas al responsabilizarlas de la violencia que viven.<\/p>\n\n\n\n<p class=\"wp-block-paragraph\">\u201cLa respuesta que ha tenido el gobierno del estado es inadmisible en muchos sentidos, refleja mucho de la ignorancia que hay sobre el tema, no tienen perspectiva de g\u00e9nero y no tienen idea tampoco de todas las problem\u00e1ticas de violencia y de los feminicidios que implica la violencia machista (\u2026). Todas estas declaraciones est\u00e1n llenas de imprecisiones, de ignorancia y de falta de respeto a las v\u00edctimas\u201d, reproch\u00f3.<\/p>\n\n\n\n<p class=\"wp-block-paragraph\">\u201cSe tiene que hacer la exigencia para que el estado cambie desde lo discursivo, la manera en que atiende discursivamente los casos, porque son violentos, porque generan no s\u00f3lo mayor violencia sino incluso posibles violaciones a los derechos humanos, y toda la estructura de acceso a la justicia que no funciona. Lo m\u00ednimo que debe haber por parte de la autoridad es respeto a la v\u00edctima\u201d, a\u00f1adi\u00f3.<\/p>\n\n\n\n<p class=\"wp-block-paragraph\">En cuanto a la filtraci\u00f3n del v\u00eddeo, la acad\u00e9mica feminista se\u00f1al\u00f3 que no s\u00f3lo se advierte un intento de responsabilizar a la v\u00edctima y al agresor sino tambi\u00e9n de eludir la responsabilidad del Estado de garantizar una vida libre de violencia a las mujeres.<\/p>\n\n\n\n<p class=\"wp-block-paragraph\"><strong>Investigan la filtraci\u00f3n del video<\/strong><\/p>\n\n\n\n<p class=\"wp-block-paragraph\">En este mismo sentido, los comisionados del Instituto de Transparencia,&nbsp;Informaci\u00f3n P\u00fablica y Protecci\u00f3n de Datos Personales del Estado de Jalisco (ITEI)&nbsp;avalaron solicitarle a la Direcci\u00f3n de Protecci\u00f3n de Datos Personales del ITEI que inicie una investigaci\u00f3n previa en contra de quien resulte responsable, derivado del tratamiento de datos personales de sistemas de video vigilancia.<\/p>\n\n\n\n<p class=\"wp-block-paragraph\">\u201cEl ITEI es el responsable de cuidar cu\u00e1l es el tratamiento que se le est\u00e1 dando por parte de las autoridades a los datos personales, es por eso que se determina, ante hechos que son completamente notorios, de manera oficiosa determina el d\u00eda de hoy abrir una investigaci\u00f3n que servir\u00e1 para determinar si el sistema de video vigilancia pertenece a un ente p\u00fablico o a un ente privado y, con base en eso, qu\u00e9 medidas se est\u00e1n tomando por parte de la autoridad, tanto f\u00edsicas, t\u00e9cnicas y administrativas para llevar a cabo el tratamiento adecuado del cuidado de los datos personales que est\u00e1n en su poder\u00bb, inform\u00f3 el organismo.&nbsp;<\/p>\n\n\n\n<p class=\"wp-block-paragraph\">SEM\/asn\/sj<\/p>\n","protected":false},"excerpt":{"rendered":"<p>* Hasta ahora inadmisible la respuesta del Estado Deficiente respuesta ante el reclamo de auxilio. Analy S. Nu\u00f1o SemM\u00e9xico, Guadalajara, Jal., 2 mayo 2019.- El Estado debe fincar responsabilidad a los funcionarios que estuvieron a cargo de la denuncia y las \u00f3rdenes de protecci\u00f3n de Vanessa, as\u00ed como a los polic\u00edas con quienes habl\u00f3 minutos [&hellip;]<\/p>\n","protected":false},"author":3,"featured_media":8105,"comment_status":"open","ping_status":"open","sticky":false,"template":"","format":"standard","meta":{"_monsterinsights_skip_tracking":false,"footnotes":""},"categories":[690,54],"tags":[],"class_list":["post-8104","post","type-post","status-publish","format-standard","has-post-thumbnail","category-690","category-mujeres"],"_links":{"self":[{"href":"https:\/\/redsemlac.com\/semmexico\/wp-json\/wp\/v2\/posts\/8104","targetHints":{"allow":["GET"]}}],"collection":[{"href":"https:\/\/redsemlac.com\/semmexico\/wp-json\/wp\/v2\/posts"}],"about":[{"href":"https:\/\/redsemlac.com\/semmexico\/wp-json\/wp\/v2\/types\/post"}],"author":[{"embeddable":true,"href":"https:\/\/redsemlac.com\/semmexico\/wp-json\/wp\/v2\/users\/3"}],"replies":[{"embeddable":true,"href":"https:\/\/redsemlac.com\/semmexico\/wp-json\/wp\/v2\/comments?post=8104"}],"version-history":[{"count":0,"href":"https:\/\/redsemlac.com\/semmexico\/wp-json\/wp\/v2\/posts\/8104\/revisions"}],"wp:featuredmedia":[{"embeddable":true,"href":"https:\/\/redsemlac.com\/semmexico\/wp-json\/wp\/v2\/media\/8105"}],"wp:attachment":[{"href":"https:\/\/redsemlac.com\/semmexico\/wp-json\/wp\/v2\/media?parent=8104"}],"wp:term":[{"taxonomy":"category","embeddable":true,"href":"https:\/\/redsemlac.com\/semmexico\/wp-json\/wp\/v2\/categories?post=8104"},{"taxonomy":"post_tag","embeddable":true,"href":"https:\/\/redsemlac.com\/semmexico\/wp-json\/wp\/v2\/tags?post=8104"}],"curies":[{"name":"wp","href":"https:\/\/api.w.org\/{rel}","templated":true}]}}