{"id":80928,"date":"2024-05-03T08:32:42","date_gmt":"2024-05-03T14:32:42","guid":{"rendered":"https:\/\/redsemlac.com\/semmexico\/?p=80928"},"modified":"2024-05-03T08:32:43","modified_gmt":"2024-05-03T14:32:43","slug":"libertad-de-prensa-y-resguardo-de-nuestras-voces-las-de-las-mujeres","status":"publish","type":"post","link":"https:\/\/redsemlac.com\/semmexico\/libertad-de-prensa-y-resguardo-de-nuestras-voces-las-de-las-mujeres\/","title":{"rendered":"Libertad de Prensa y resguardo de nuestras voces, las de las mujeres"},"content":{"rendered":"\n<p class=\"wp-block-paragraph\">D\u00eda Mundial de la libertad de Prensa<\/p>\n\n\n\n<p class=\"wp-block-paragraph\">Redacci\u00f3n<\/p>\n\n\n\n<p class=\"wp-block-paragraph\">SemM\u00e9xico, Ciudad de M\u00e9xico, 2024.- Han pasado ya 30 a\u00f1os desde que se celebr\u00f3, por primera vez, el D\u00eda Mundial de la Libertad de Prensa en 1994, un a\u00f1o despu\u00e9s de que la Asamblea General de Naciones Unidas declarara el 3 de mayo como fecha para recordar la necesidad de que los gobiernos respeten la libertad de expresi\u00f3n y para concienciar sobre los problemas de la libertad de prensa y la \u00e9tica profesional.&nbsp;<\/p>\n\n\n\n<p class=\"wp-block-paragraph\">Seg\u00fan el art\u00edculo 19 de la Declaraci\u00f3n Universal de los Derechos Humanos, la libertad de expresi\u00f3n es un derecho fundamental:&nbsp;<em>\u00abTodo individuo tiene derecho a la libertad de opini\u00f3n y de expresi\u00f3n; este derecho incluye el de no ser molestado a causa de sus opiniones, el de investigar y recibir informaciones y opiniones, y el de difundirlas, sin limitaci\u00f3n de fronteras, por cualquier medio de expresi\u00f3n\u00bb.&nbsp;<\/em><\/p>\n\n\n\n<p class=\"wp-block-paragraph\">Desde la Red Internacional de Periodistas con Visi\u00f3n de G\u00e9nero, RIPVG hacemos nuestro el art\u00edculo 19 sabiendo que es imprescindible el fortalecimiento de una prensa independiente, plural y libre para consolidar y garantizar la democracia.&nbsp;<\/p>\n\n\n\n<p class=\"wp-block-paragraph\">La libertad de prensa implica resguardar la diversidad de voces. El singular de \u201cmujeres periodistas\u201d no aplica en el ejercicio de la libertad de expresi\u00f3n y de prensa, porque somos muchas y diferentes. Informamos y comunicamos desde la diferencia, la diversidad y la pluralidad. Por tanto, callar una voz, constituye un ataque directo contra las libertades y derechos colectivos.&nbsp;<\/p>\n\n\n\n<p class=\"wp-block-paragraph\">Este a\u00f1o en el que se celebra la edici\u00f3n 31 en Santiago de Chile, UNESCO ha dedicado la conmemoraci\u00f3n a debatir el papel del periodismo ante la crisis ambiental.<\/p>\n\n\n\n<p class=\"wp-block-paragraph\">Desde la Red celebramos que un tema de tanta relevancia para nuestro presente y, sobre todo, futuro, sea objeto de atenci\u00f3n. La prensa debe de jugar un papel primordial a la hora de difundir la informaci\u00f3n, acoger la diversidad de voces expertas y tambi\u00e9n cr\u00edticas.<\/p>\n\n\n\n<p class=\"wp-block-paragraph\">En estas l\u00edneas, queremos recordar el panel&nbsp;\u201cJusticia clim\u00e1tica, Medios de Comunicaci\u00f3n y G\u00e9nero\u201d&nbsp;que organizamos con motivo de la 66 edici\u00f3n de la Comisi\u00f3n de la Condici\u00f3n Jur\u00eddica y Social de la Mujer (CSW por sus siglas en ingl\u00e9s) de Naciones Unidas,&nbsp; y donde diferentes expertas explicaron c\u00f3mo las mujeres son las m\u00e1s afectadas y vulneradas en sus derechos por el cambio clim\u00e1tico. Las mujeres son las que mayoritariamente sufren por la escasez del agua, la deforestaci\u00f3n, y dan una&nbsp; lucha constante por la defensa de los territorios y de los ecosistemas, realizando acciones para mitigar los efectos de este fen\u00f3meno.<\/p>\n\n\n\n<p class=\"wp-block-paragraph\">Hay que impulsar pol\u00edticas medioambientales desde una perspectiva de g\u00e9nero, interseccional y de derechos humanos para enfrentar el cambio clim\u00e1tico y apostar por un desarrollo sostenible que proteja a las personas y a nuestro planeta.<\/p>\n\n\n\n<figure class=\"wp-block-image\"><img decoding=\"async\" src=\"https:\/\/lh7-us.googleusercontent.com\/fwn0Ivo4YmCMe-s4KhVNFNlg_J5wEDxZg2hsd2y-sN1Db-Tq3Zk4zpp5A8zR_pDf-bE_xAziw0v_Nr9LMIzqGVzqlcEdUzM-BHlD7TpOWlSzy7LoaSOZNGIy-j-z3cCTCPnd7kzHoDAKOpk2Lb3oUg\" alt=\"Imagen que contiene reloj, medidor\n\nDescripci\u00f3n generada autom\u00e1ticamente\"\/><\/figure>\n","protected":false},"excerpt":{"rendered":"<p>D\u00eda Mundial de la libertad de Prensa Redacci\u00f3n SemM\u00e9xico, Ciudad de M\u00e9xico, 2024.- Han pasado ya 30 a\u00f1os desde que se celebr\u00f3, por primera vez, el D\u00eda Mundial de la Libertad de Prensa en 1994, un a\u00f1o despu\u00e9s de que la Asamblea General de Naciones Unidas declarara el 3 de mayo como fecha para recordar [&hellip;]<\/p>\n","protected":false},"author":3,"featured_media":80929,"comment_status":"open","ping_status":"open","sticky":false,"template":"","format":"standard","meta":{"_monsterinsights_skip_tracking":false,"footnotes":""},"categories":[694,53],"tags":[],"class_list":["post-80928","post","type-post","status-publish","format-standard","has-post-thumbnail","category-destacadas","category-internacional"],"_links":{"self":[{"href":"https:\/\/redsemlac.com\/semmexico\/wp-json\/wp\/v2\/posts\/80928","targetHints":{"allow":["GET"]}}],"collection":[{"href":"https:\/\/redsemlac.com\/semmexico\/wp-json\/wp\/v2\/posts"}],"about":[{"href":"https:\/\/redsemlac.com\/semmexico\/wp-json\/wp\/v2\/types\/post"}],"author":[{"embeddable":true,"href":"https:\/\/redsemlac.com\/semmexico\/wp-json\/wp\/v2\/users\/3"}],"replies":[{"embeddable":true,"href":"https:\/\/redsemlac.com\/semmexico\/wp-json\/wp\/v2\/comments?post=80928"}],"version-history":[{"count":0,"href":"https:\/\/redsemlac.com\/semmexico\/wp-json\/wp\/v2\/posts\/80928\/revisions"}],"wp:featuredmedia":[{"embeddable":true,"href":"https:\/\/redsemlac.com\/semmexico\/wp-json\/wp\/v2\/media\/80929"}],"wp:attachment":[{"href":"https:\/\/redsemlac.com\/semmexico\/wp-json\/wp\/v2\/media?parent=80928"}],"wp:term":[{"taxonomy":"category","embeddable":true,"href":"https:\/\/redsemlac.com\/semmexico\/wp-json\/wp\/v2\/categories?post=80928"},{"taxonomy":"post_tag","embeddable":true,"href":"https:\/\/redsemlac.com\/semmexico\/wp-json\/wp\/v2\/tags?post=80928"}],"curies":[{"name":"wp","href":"https:\/\/api.w.org\/{rel}","templated":true}]}}