{"id":80926,"date":"2024-05-03T08:30:33","date_gmt":"2024-05-03T14:30:33","guid":{"rendered":"https:\/\/redsemlac.com\/semmexico\/?p=80926"},"modified":"2024-05-03T08:30:34","modified_gmt":"2024-05-03T14:30:34","slug":"juego-de-palabras-violencia-politica-y-sus-consecuencias","status":"publish","type":"post","link":"https:\/\/redsemlac.com\/semmexico\/juego-de-palabras-violencia-politica-y-sus-consecuencias\/","title":{"rendered":"Juego de Palabras | Violencia pol\u00edtica y sus consecuencias."},"content":{"rendered":"\n<p class=\"wp-block-paragraph\"><\/p>\n\n\n\n<p class=\"wp-block-paragraph\"><strong><em>Yaneth Tamayo Avalos<\/em><\/strong><\/p>\n\n\n\n<p class=\"wp-block-paragraph\">SemM\u00e9xico, Quer\u00e9taro, Qro., 3 de mayo, 2024.- En el proceso electoral que est\u00e1 por venir, se renovar\u00e1n m\u00e1s de 20 mil cargos de elecci\u00f3n popular, incluyendo la presidencia.<\/p>\n\n\n\n<p class=\"wp-block-paragraph\">En estos comicios, la violencia pol\u00edtica ha provocado el terror en los partidos pol\u00edticos y candidatos que figuran en las zonas con mayor presencia del crimen organizado, lo que representa un atentado a la democracia y la restricci\u00f3n a los derechos pol\u00edticos electorales, tanto de los contendientes como del electorado.<\/p>\n\n\n\n<p class=\"wp-block-paragraph\">Si bien, las causas de violencia no son imputables a las v\u00edctimas ni a los candidatos en turno, lo cierto es, que el ambiente pol\u00edtico polarizado y los partidos d\u00e9biles y oportunistas, han contribuido a que los grupos criminales se valgan de favores y amenazas para ganar influencia entre los candidatos.*<\/p>\n\n\n\n<p class=\"wp-block-paragraph\">Mientras algunos aspirantes compiten por conseguir votos, los grupos criminales se mantienen ocupados buscando potenciales aliados entre los futuros funcionarios, independientemente de su filiaci\u00f3n pol\u00edtica.&nbsp;<\/p>\n\n\n\n<p class=\"wp-block-paragraph\">La lucha entre estos grupos por conseguir una mayor influencia sobre el Estado, ha desatado una ola de violencia pol\u00edtico electoral.&nbsp;<\/p>\n\n\n\n<p class=\"wp-block-paragraph\"><strong>Violencia pol\u00edtica<\/strong><\/p>\n\n\n\n<p class=\"wp-block-paragraph\">La violencia pol\u00edtica consiste en el uso de la fuerza f\u00edsica o psicol\u00f3gica contra una persona o grupos de ellas, o en atentados contra las personas con quienes mantienen una cercan\u00eda. Este tipo de violencia obedece generalmente al ejercicio del poder contra las personas opositoras, para que se abstengan de dirigirse contra el sistema o pol\u00edtica imperante.&nbsp;<\/p>\n\n\n\n<p class=\"wp-block-paragraph\">La violencia pol\u00edtica puede ser perpetuada por agentes del Estado, partidos pol\u00edticos o sus representantes, medios de comunicaci\u00f3n y en general cualquier persona o grupo de personas.<\/p>\n\n\n\n<p class=\"wp-block-paragraph\">Conviene subrayar, que en los procesos electorales es muy com\u00fan hablar de la violencia pol\u00edtica contra las mujeres por raz\u00f3n de g\u00e9nero, la cual es una tipolog\u00eda, que impacta severamente en los derechos de las militantes y candidatas. Sin embargo, en esta ocasi\u00f3n, el tema se aborda desde un aspecto mas general.<\/p>\n\n\n\n<p class=\"wp-block-paragraph\"><strong>Las cifras<\/strong><\/p>\n\n\n\n<p class=\"wp-block-paragraph\">El proceso electoral 2024, sin duda representar\u00e1 un hito en la historia del pa\u00eds, por primera vez las mujeres encabezan la candidatura presidencial, lo que vaticina la elecci\u00f3n de la primera presidenta de M\u00e9xico; pero adem\u00e1s, la resistencia ante un posible cambio de poder y la intervenci\u00f3n de grupos criminales, es lo que marcar\u00e1 a este proceso como el m\u00e1s violento.<\/p>\n\n\n\n<p class=\"wp-block-paragraph\">Datos aportados por el Laboratorio Electoral, se\u00f1alan que al mes de abril se tienen registrados m\u00e1s de 157 agresiones a aspirantes y personas relacionadas con el proceso electoral. De estos, 51 fueron asesinatos, de los que 27 eran aspirantes, adem\u00e1s de 9 secuestros, 22 atentados y 75 amenazas.**<\/p>\n\n\n\n<p class=\"wp-block-paragraph\">Siendo los partidos con mayor n\u00famero de aspirantes asesinados Morena y el PAN, en la mayor\u00eda de los casos de amenazas e intimidaci\u00f3n no se dan a conocer los nombres por miedo, y en casi ning\u00fan caso se ha informado a las autoridades electorales de estas situaciones.&nbsp;<\/p>\n\n\n\n<p class=\"wp-block-paragraph\"><strong>Las consecuencias<\/strong>&nbsp;<\/p>\n\n\n\n<p class=\"wp-block-paragraph\">Las elecciones mexicanas son m\u00e1s que una competencia entre candidatos por el respaldo popular. Tambi\u00e9n son un foro para que los grupos criminales obtengan, prolonguen y consoliden su acceso al poder estatal.&nbsp;<\/p>\n\n\n\n<p class=\"wp-block-paragraph\">Estos grupos ejercen la presi\u00f3n m\u00e1s intensa y abierta sobre los procesos electorales en las regiones afectadas por el conflicto y a nivel municipal, que sigue siendo la capa m\u00e1s d\u00e9bil del gobierno y tambi\u00e9n la que enfrenta el desaf\u00edo m\u00e1s abrumador en la lucha contra el crimen. *<\/p>\n\n\n\n<p class=\"wp-block-paragraph\">En el contexto actual del pa\u00eds, la violencia asociada a los comicios mantiene una tendencia que preocupa a las instituciones electorales, ya que, se ha precisado que la violencia ejercida en contra de los partidos pol\u00edticos y candidatos, se han suscitado en territorios controlados por grupos criminales.<\/p>\n\n\n\n<p class=\"wp-block-paragraph\">Siendo Michoac\u00e1n, Chiapas, Guerrero, Jalisco, Veracruz, Estado de M\u00e9xico y Morelos, las entidades federativas con mayores incidencias de violencia pol\u00edtica.<\/p>\n\n\n\n<p class=\"wp-block-paragraph\">Hasta el mes de abril, el INE ha recibido 99 solicitudes de protecci\u00f3n, de las que ha aprobado 74 y 14 se encuentran en un nivel alto de riesgo.<\/p>\n\n\n\n<p class=\"wp-block-paragraph\">Lo anterior, ha representado dificultades para que algunos partidos pol\u00edticos y aspirantes, sostengan sus candidaturas y realicen sus campa\u00f1as pol\u00edticas, estas condiciones de terrorismo reflejan las nulas garant\u00edas para participar en los procesos electorales locales de estos Estados.<\/p>\n\n\n\n<p class=\"wp-block-paragraph\">De ah\u00ed que, el Instituto Nacional Electoral tenga que determinar si existen las condiciones necesarias para llevar a cabo las elecciones en alguna de estas entidades.<\/p>\n\n\n\n<p class=\"wp-block-paragraph\">Ya que, de darse alg\u00fan supuesto de violencia generalizada por el crimen organizado, podr\u00eda causarse la nulidad de las elecciones en los territorios en conflicto, lo que traer\u00eda implicaciones jur\u00eddicas, pol\u00edticas, econ\u00f3micas y sociales, que significar\u00edan una perdida en la calidad de la democracia.<\/p>\n\n\n\n<p class=\"wp-block-paragraph\"><strong>Concluyendo<\/strong><\/p>\n\n\n\n<p class=\"wp-block-paragraph\">Si bien, las instituciones electorales son las responsables de garantizar elecciones libres y aut\u00e9nticas, no se les puede trasladar la totalidad de la carga, es necesario se\u00f1alar y hacer visible el continuo lazo entre el gobierno y el crimen organizado, ya que eso es lo que ha mantenido altos niveles de violencia del pa\u00eds.<\/p>\n\n\n\n<p class=\"wp-block-paragraph\">Por ello, es necesario implementar medidas para frenar la corrupci\u00f3n e impunidad durante y despu\u00e9s de las elecciones, ya que es lo \u00fanico que puede evitar que los grupos criminales obtengan ventaja al establecer pactos con aquellas personas que posiblemente sean electas.<\/p>\n\n\n\n<p class=\"wp-block-paragraph\">* <a href=\"https:\/\/www.crisisgroup.org\/es\/latin-america-caribbean\/mexico\/089-electoral-violence-and-illicit-influence-mexicos-hot-land\">https:\/\/www.crisisgroup.org\/es\/latin-america-caribbean\/mexico\/089-electoral-violence-and-illicit-influence-mexicos-hot-land<\/a><\/p>\n\n\n\n<p class=\"wp-block-paragraph\">** <a href=\"https:\/\/laboratorioelectoral.mx\/leerdocumento\/Violencia_electoral_proceso_2023_2024_Segundo_reporte_PRELIMINAR\">https:\/\/laboratorioelectoral.mx\/leerdocumento\/Violencia_electoral_proceso_2023_2024_Segundo_reporte_PRELIMINAR<\/a><\/p>\n","protected":false},"excerpt":{"rendered":"<p>Yaneth Tamayo Avalos SemM\u00e9xico, Quer\u00e9taro, Qro., 3 de mayo, 2024.- En el proceso electoral que est\u00e1 por venir, se renovar\u00e1n m\u00e1s de 20 mil cargos de elecci\u00f3n popular, incluyendo la presidencia. En estos comicios, la violencia pol\u00edtica ha provocado el terror en los partidos pol\u00edticos y candidatos que figuran en las zonas con mayor presencia [&hellip;]<\/p>\n","protected":false},"author":3,"featured_media":70201,"comment_status":"open","ping_status":"open","sticky":false,"template":"","format":"standard","meta":{"_monsterinsights_skip_tracking":false,"footnotes":""},"categories":[35,93],"tags":[],"class_list":["post-80926","post","type-post","status-publish","format-standard","has-post-thumbnail","category-opinion","category-yaneth-tamayo-avalos"],"_links":{"self":[{"href":"https:\/\/redsemlac.com\/semmexico\/wp-json\/wp\/v2\/posts\/80926","targetHints":{"allow":["GET"]}}],"collection":[{"href":"https:\/\/redsemlac.com\/semmexico\/wp-json\/wp\/v2\/posts"}],"about":[{"href":"https:\/\/redsemlac.com\/semmexico\/wp-json\/wp\/v2\/types\/post"}],"author":[{"embeddable":true,"href":"https:\/\/redsemlac.com\/semmexico\/wp-json\/wp\/v2\/users\/3"}],"replies":[{"embeddable":true,"href":"https:\/\/redsemlac.com\/semmexico\/wp-json\/wp\/v2\/comments?post=80926"}],"version-history":[{"count":0,"href":"https:\/\/redsemlac.com\/semmexico\/wp-json\/wp\/v2\/posts\/80926\/revisions"}],"wp:featuredmedia":[{"embeddable":true,"href":"https:\/\/redsemlac.com\/semmexico\/wp-json\/wp\/v2\/media\/70201"}],"wp:attachment":[{"href":"https:\/\/redsemlac.com\/semmexico\/wp-json\/wp\/v2\/media?parent=80926"}],"wp:term":[{"taxonomy":"category","embeddable":true,"href":"https:\/\/redsemlac.com\/semmexico\/wp-json\/wp\/v2\/categories?post=80926"},{"taxonomy":"post_tag","embeddable":true,"href":"https:\/\/redsemlac.com\/semmexico\/wp-json\/wp\/v2\/tags?post=80926"}],"curies":[{"name":"wp","href":"https:\/\/api.w.org\/{rel}","templated":true}]}}