{"id":8092,"date":"2019-05-03T19:34:29","date_gmt":"2019-05-03T19:34:29","guid":{"rendered":"https:\/\/redsemlac.com\/semmexico\/?p=8092"},"modified":"2023-07-21T14:48:38","modified_gmt":"2023-07-21T19:48:38","slug":"la-sociedad-civil-tambien-es-pueblo-demandan-dialogo-y-colaboracion-con-el-gobierno-federal","status":"publish","type":"post","link":"https:\/\/redsemlac.com\/semmexico\/la-sociedad-civil-tambien-es-pueblo-demandan-dialogo-y-colaboracion-con-el-gobierno-federal\/","title":{"rendered":"La sociedad civil tambi\u00e9n es pueblo, demandan di\u00e1logo y colaboraci\u00f3n con el gobierno federal"},"content":{"rendered":"\n<p class=\"wp-block-paragraph\">Apostamos por pol\u00edticas econ\u00f3micas que dejen de ser concentradoras del ingreso y promotoras de desigualdad, se\u00f1alan en un comunicado<\/p>\n\n\n\n<h5 class=\"wp-block-heading\"> Organizaciones sociales, rechazan descalificaciones de L\u00f3pez Obrador.<\/h5>\n\n\n\n<p class=\"wp-block-paragraph\"><a href=\"https:\/\/semmexico.com\/gallery-post.php?id=8062#\">Elda Montiel<\/a><\/p>\n\n\n\n<p class=\"wp-block-paragraph\">SemM\u00e9xico. Cd. de M\u00e9xico. 03 de Mayo 2019.- La lucha contra la corrupci\u00f3n no basta para cambiar la realidad nacional sino va acompa\u00f1ada de pol\u00edticas tendientes a la modificaci\u00f3n de la estructura y el modelo socioecon\u00f3mico, asuntos sobre los que el actual gobierno no ha formulado, hasta ahora, propuestas.<\/p>\n\n\n\n<p class=\"wp-block-paragraph\">Afirmar que la mayor\u00eda de las organizaciones sociales son conservadores, cercanas a los consorcios empresariales y que no est\u00e1n en la izquierda revela un poco cre\u00edble desconocimiento de la realidad nacional.<\/p>\n\n\n\n<p class=\"wp-block-paragraph\">As\u00ed como el \u00e1nimo de asumirse como exclusivo representante de los intereses populares, no siempre se demuestra en la pr\u00e1ctica gubernamental, ni en sus alianzas, ni en la integraci\u00f3n del gobierno. &nbsp;<\/p>\n\n\n\n<p class=\"wp-block-paragraph\">As\u00ed respondieron las organizaciones de la sociedad civil ante las descalificaciones de que han sido objeto por parte del Presidente de la Rep\u00fablica, sin embargo, sostienen que es posible la colaboraci\u00f3n a partir del di\u00e1logo con un gobierno que pretende hacer cambios de fondo.<\/p>\n\n\n\n<p class=\"wp-block-paragraph\">Consideran que adem\u00e1s del di\u00e1logo, &nbsp;se requieren crear las condiciones, as\u00ed como el reconocimiento de que la democracia requiere contrapesos no solo pol\u00edticos sino tambi\u00e9n sociales, estos no pueden contraponerse al pueblo y la sociedad.<\/p>\n\n\n\n<p class=\"wp-block-paragraph\">Tras se\u00f1alar que la sociedad se manifiesta a trav\u00e9s de m\u00faltiples organizaciones, m\u00e1s de 300 en 23 entidades del pa\u00eds, en el comunicado \u201cLas organizaciones civiles y el futuro del pa\u00eds\u201d, indican que es posible una alianza entre la izquierda social y la izquierda partidaria, si se asume como tal.<\/p>\n\n\n\n<p class=\"wp-block-paragraph\">Consideraron que las descalificaciones presidenciales, desde hace meses, causan mucha inquietud y confusi\u00f3n entre la opini\u00f3n p\u00fablica, por lo que hicieron un recuento de la activa participaci\u00f3n que han tenido como defensoras de innumerables causas populares, de derechos humanos, de la democracia y de los intereses nacionales.<\/p>\n\n\n\n<p class=\"wp-block-paragraph\">Desde la atenci\u00f3n a v\u00edctimas por los sismos de 1985 y 2017, la b\u00fasqueda de los 43 estudiantes desaparecidos de Ayotzinapa, el acompa\u00f1amiento a familiares de v\u00edctimas de feminicidio hasta reformas legislativas, y la defensa de intereses nacionales.<\/p>\n\n\n\n<p class=\"wp-block-paragraph\">No es el dinero sino la concepci\u00f3n de democracia el debate sobre las OSC<\/p>\n\n\n\n<p class=\"wp-block-paragraph\">Precisaron que la discusi\u00f3n fundamental sobre el derecho de las organizaciones civiles a recibir financiamientos gubernamentales, no es sobre el dinero, sino sobre la concepci\u00f3n de democracia y sobre el ejercicio irrestricto de los derechos humanos respecto al papel de la sociedad civil en la vida p\u00fablica.<\/p>\n\n\n\n<p class=\"wp-block-paragraph\">En el recuento de las sucesivas luchas por elecciones transparentes y leg\u00edtimas, sin acciones y exclusiones antidemocr\u00e1ticas, destacan la movilizaci\u00f3n ciudadana para impedir en el a\u00f1o 2005 la inhabilitaci\u00f3n v\u00eda el desafuero de un aspirante que hoy es el actual presidente de la Rep\u00fablica.<\/p>\n\n\n\n<p class=\"wp-block-paragraph\">Los logros de las organizaciones sociales han sido, la mayor de las veces sin recursos p\u00fablicos, sin detentar cargos de representaci\u00f3n popular, hablando con los partidos y las autoridades sin convertirnos en sus clientelas.<\/p>\n\n\n\n<p class=\"wp-block-paragraph\">Tambi\u00e9n se\u00f1alan c\u00f3mo a partir del fraude electoral de 1988 la observaci\u00f3n electoral se conquist\u00f3 como un derecho y la autonom\u00eda del \u00e1rbitro electoral, permiti\u00f3 a los partidos competir en mejores condiciones y la Constituci\u00f3n de la Ciudad de M\u00e9xico.<\/p>\n\n\n\n<p class=\"wp-block-paragraph\">Desde la #IzquierdaSocial hemos combatido al neoliberalismo, apostamos por pol\u00edticas econ\u00f3micas que dejen de ser concentradoras del ingreso y promotoras de desigualdad, y por pol\u00edticas sociales que no se limiten a distribuir d\u00e1divas entre \u201cbeneficiarios\u201d.<\/p>\n\n\n\n<p class=\"wp-block-paragraph\">Consultas reales y no simulaciones.<\/p>\n\n\n\n<p class=\"wp-block-paragraph\">Destacan que en la oposici\u00f3n al despojo de las tierras y territorios de los pueblos ind\u00edgenas y campesinos han demandado el cumplimiento del Convenio 169 de la Organizaci\u00f3n Internacional del Trabajo (OIT) para que se instrumenten consultas reales con los pueblos, apegadas a la normatividad nacional e internacional, y no simulaciones que no aseguran su participaci\u00f3n y que inclusive ofenden su cultura.<\/p>\n\n\n\n<p class=\"wp-block-paragraph\">Destacan la oposici\u00f3n a una Guardia Nacional bajo el mando del ej\u00e9rcito, por lo que aplaudimos que el Senado haya aprobado que cualquier persona que en ella participe no deber\u00e1 encontrarse en servicio activo de la fuerza armada permanente.<\/p>\n\n\n\n<p class=\"wp-block-paragraph\">La elaboraci\u00f3n del Plan Nacional de Desarrollo y su posterior aprobaci\u00f3n en la C\u00e1mara de Diputados son la ocasi\u00f3n obligada para abrir los asuntos de inter\u00e9s fundamental a la opini\u00f3n del p\u00fablico y tomar realmente en cuenta las propuestas que de \u00e9l surjan.<\/p>\n\n\n\n<p class=\"wp-block-paragraph\">Esperamos que el gobierno atienda el cumplimiento con el Consejo de Derechos Humanos de la ONU exigi\u00f3 con las medidas de protecci\u00f3n para los defensores y periodistas. para preservar sus vidas en grave riesgo, solamente en los \u00faltimos cien d\u00edas han sido asesinados m\u00e1s de una decena de defensores y periodistas.<\/p>\n\n\n\n<p class=\"wp-block-paragraph\">Las m\u00faltiples organizaciones y personas firmantes participan en sectores educativos, de salud, feministas, populares, derechos sociales, defensores del agua. &nbsp;<\/p>\n\n\n\n<p class=\"wp-block-paragraph\">SEM\/EM\/IL<br><\/p>\n","protected":false},"excerpt":{"rendered":"<p>Apostamos por pol\u00edticas econ\u00f3micas que dejen de ser concentradoras del ingreso y promotoras de desigualdad, se\u00f1alan en un comunicado Organizaciones sociales, rechazan descalificaciones de L\u00f3pez Obrador. Elda Montiel SemM\u00e9xico. Cd. de M\u00e9xico. 03 de Mayo 2019.- La lucha contra la corrupci\u00f3n no basta para cambiar la realidad nacional sino va acompa\u00f1ada de pol\u00edticas tendientes a [&hellip;]<\/p>\n","protected":false},"author":3,"featured_media":8093,"comment_status":"open","ping_status":"open","sticky":false,"template":"","format":"standard","meta":{"_monsterinsights_skip_tracking":false,"footnotes":""},"categories":[690,54],"tags":[],"class_list":["post-8092","post","type-post","status-publish","format-standard","has-post-thumbnail","category-690","category-mujeres"],"_links":{"self":[{"href":"https:\/\/redsemlac.com\/semmexico\/wp-json\/wp\/v2\/posts\/8092","targetHints":{"allow":["GET"]}}],"collection":[{"href":"https:\/\/redsemlac.com\/semmexico\/wp-json\/wp\/v2\/posts"}],"about":[{"href":"https:\/\/redsemlac.com\/semmexico\/wp-json\/wp\/v2\/types\/post"}],"author":[{"embeddable":true,"href":"https:\/\/redsemlac.com\/semmexico\/wp-json\/wp\/v2\/users\/3"}],"replies":[{"embeddable":true,"href":"https:\/\/redsemlac.com\/semmexico\/wp-json\/wp\/v2\/comments?post=8092"}],"version-history":[{"count":0,"href":"https:\/\/redsemlac.com\/semmexico\/wp-json\/wp\/v2\/posts\/8092\/revisions"}],"wp:featuredmedia":[{"embeddable":true,"href":"https:\/\/redsemlac.com\/semmexico\/wp-json\/wp\/v2\/media\/8093"}],"wp:attachment":[{"href":"https:\/\/redsemlac.com\/semmexico\/wp-json\/wp\/v2\/media?parent=8092"}],"wp:term":[{"taxonomy":"category","embeddable":true,"href":"https:\/\/redsemlac.com\/semmexico\/wp-json\/wp\/v2\/categories?post=8092"},{"taxonomy":"post_tag","embeddable":true,"href":"https:\/\/redsemlac.com\/semmexico\/wp-json\/wp\/v2\/tags?post=8092"}],"curies":[{"name":"wp","href":"https:\/\/api.w.org\/{rel}","templated":true}]}}