{"id":8086,"date":"2019-05-03T19:29:57","date_gmt":"2019-05-03T19:29:57","guid":{"rendered":"https:\/\/redsemlac.com\/semmexico\/?p=8086"},"modified":"2023-07-21T14:48:39","modified_gmt":"2023-07-21T19:48:39","slug":"ni-una-mas-ni-una-asesinada-mas-la-exigencia-de-estudiantes-de-la-unam-ante-feminicidios","status":"publish","type":"post","link":"https:\/\/redsemlac.com\/semmexico\/ni-una-mas-ni-una-asesinada-mas-la-exigencia-de-estudiantes-de-la-unam-ante-feminicidios\/","title":{"rendered":"\u201cNi una m\u00e1s, ni una asesinada m\u00e1s\u201d, la exigencia de estudiantes de la UNAM ante feminicidios"},"content":{"rendered":"\n<p class=\"wp-block-paragraph\">Demandaron el esclarecimiento de los cr\u00edmenes contra j\u00f3venes estudiantes<\/p>\n\n\n\n<h5 class=\"wp-block-heading\"> UNAM es c\u00f3mplice de asesinatos y feminicidios, denunciaron<\/h5>\n\n\n\n<p class=\"wp-block-paragraph\"><a href=\"https:\/\/semmexico.com\/gallery-post.php?id=8066#\">Redacci\u00f3n<\/a><\/p>\n\n\n\n<p class=\"wp-block-paragraph\"><strong>Erandi Le\u00f3n Tierranueva<\/strong><\/p>\n\n\n\n<p class=\"wp-block-paragraph\">SemM\u00e9xico. Ciudad de M\u00e9xico. 03 de mayo 2019.- Al grito un\u00e1nime de \u201cNi una m\u00e1s, ni una asesinada m\u00e1s\u201d y bajo la advertencia vehemente de #NiPerd\u00f3nNiOlvido, madres, familiares, activistas y estudiantes realizaron una marcha pac\u00edfica para protestar y exigir justicia contra los feminicidios y desapariciones que recientemente cobraron la vida de Aide\u00e9, estudiante de 18 a\u00f1os que fue asesinada dentro de las instalaciones del CCH Oriente.<\/p>\n\n\n\n<p class=\"wp-block-paragraph\">Ante la inoperancia de las autoridades de justicia y universitarias, el colectivo Rosas Oriente del CCH demandaron el esclarecimiento del crimen y acompa\u00f1amiento a los familiares de Aide\u00e9, adem\u00e1s de la destituci\u00f3n inmediata del director Efra\u00edn Peralta Terrazas, por no atender las solicitudes de seguridad que ha exigido la comunidad estudiantil.<\/p>\n\n\n\n<p class=\"wp-block-paragraph\">\u201cLa UNAM es c\u00f3mplice de los asesinatos y feminicidios que han nublado esta casa de estudios. Necesitamos el apoyo de los j\u00f3venes, madres y padres de familia, pues vamos contra una mafia de poder que opera dentro de la universidad\u201d, sentenci\u00f3 Mar\u00eda de Lourdes, activista de la Coordinaci\u00f3n de Familiares y madre de Carlos Cuevas, estudiante asesinado en 2011.<\/p>\n\n\n\n<p class=\"wp-block-paragraph\">La marcha que parti\u00f3 en punto de las 12 del d\u00eda del parque La Bombilla, fue antecedida por la disculpa p\u00fablica ofrecida el 2 de mayo por la Procuradur\u00eda General de Justicia de la CDMX a familiares de Lesvy &nbsp;Berl\u00edn Rivera, estudiante asesinada en una caseta telef\u00f3nica de Ciudad Universitaria, y que en un inicio la Procuradur\u00eda calific\u00f3 como suicidio.<\/p>\n\n\n\n<p class=\"wp-block-paragraph\">\u201cDe ninguna manera vamos a permitir que las autoridades sigan siendo omisas. Es importante dar a conocer nuestra indignaci\u00f3n por estos hechos, llevamos un dolor colectivo, sobre todo las familias que hemos sido v\u00edctimas de este sistema y de las servidoras y servidores p\u00fablicos que no han hecho su trabajo de manera correcta\u201d, se\u00f1al\u00f3 Araceli Osorio, quien estuvo presente en la manifestaci\u00f3n y exigi\u00f3 castigo inmediato a los asesinos, adem\u00e1s de la presentaci\u00f3n con vida de todas las mujeres que se encuentran desaparecidas de manera forzada.<\/p>\n\n\n\n<p class=\"wp-block-paragraph\">La caminata que concluy\u00f3 en la caseta telef\u00f3nica &nbsp;de Ciudad Universitaria donde fue asesinada Lesvy, fungi\u00f3 como punto de reuni\u00f3n y demanda de familiares y colectivos que exigen justicia, \u201cLas instituciones carecen de protocolos para ejercer justicia con perspectiva de g\u00e9nero\u201d.<\/p>\n\n\n\n<p class=\"wp-block-paragraph\">\u201cEsta marcha pac\u00edfica y los colectivos presentes son para llamar a la unidad y la lucha, y no quedarnos en nuestras casas, porque no sirve de nada\u201d, enfatizaron familiares de hijas e hijos asesinados y desaparecidos, quienes al grito de \u201cNi perd\u00f3n ni olvido, castigo a los asesinos\u201d, &nbsp;hicieron retumbar la m\u00e1xima casa de estudios del pa\u00eds.<br><\/p>\n","protected":false},"excerpt":{"rendered":"<p>Demandaron el esclarecimiento de los cr\u00edmenes contra j\u00f3venes estudiantes UNAM es c\u00f3mplice de asesinatos y feminicidios, denunciaron Redacci\u00f3n Erandi Le\u00f3n Tierranueva SemM\u00e9xico. Ciudad de M\u00e9xico. 03 de mayo 2019.- Al grito un\u00e1nime de \u201cNi una m\u00e1s, ni una asesinada m\u00e1s\u201d y bajo la advertencia vehemente de #NiPerd\u00f3nNiOlvido, madres, familiares, activistas y estudiantes realizaron una marcha [&hellip;]<\/p>\n","protected":false},"author":3,"featured_media":8087,"comment_status":"open","ping_status":"open","sticky":false,"template":"","format":"standard","meta":{"_monsterinsights_skip_tracking":false,"footnotes":""},"categories":[690,54],"tags":[],"class_list":["post-8086","post","type-post","status-publish","format-standard","has-post-thumbnail","category-690","category-mujeres"],"_links":{"self":[{"href":"https:\/\/redsemlac.com\/semmexico\/wp-json\/wp\/v2\/posts\/8086","targetHints":{"allow":["GET"]}}],"collection":[{"href":"https:\/\/redsemlac.com\/semmexico\/wp-json\/wp\/v2\/posts"}],"about":[{"href":"https:\/\/redsemlac.com\/semmexico\/wp-json\/wp\/v2\/types\/post"}],"author":[{"embeddable":true,"href":"https:\/\/redsemlac.com\/semmexico\/wp-json\/wp\/v2\/users\/3"}],"replies":[{"embeddable":true,"href":"https:\/\/redsemlac.com\/semmexico\/wp-json\/wp\/v2\/comments?post=8086"}],"version-history":[{"count":0,"href":"https:\/\/redsemlac.com\/semmexico\/wp-json\/wp\/v2\/posts\/8086\/revisions"}],"wp:featuredmedia":[{"embeddable":true,"href":"https:\/\/redsemlac.com\/semmexico\/wp-json\/wp\/v2\/media\/8087"}],"wp:attachment":[{"href":"https:\/\/redsemlac.com\/semmexico\/wp-json\/wp\/v2\/media?parent=8086"}],"wp:term":[{"taxonomy":"category","embeddable":true,"href":"https:\/\/redsemlac.com\/semmexico\/wp-json\/wp\/v2\/categories?post=8086"},{"taxonomy":"post_tag","embeddable":true,"href":"https:\/\/redsemlac.com\/semmexico\/wp-json\/wp\/v2\/tags?post=8086"}],"curies":[{"name":"wp","href":"https:\/\/api.w.org\/{rel}","templated":true}]}}