{"id":8083,"date":"2019-04-29T19:28:18","date_gmt":"2019-04-29T19:28:18","guid":{"rendered":"https:\/\/redsemlac.com\/semmexico\/?p=8083"},"modified":"2023-07-21T14:48:41","modified_gmt":"2023-07-21T19:48:41","slug":"que-le-dejaron-45-anos-de-periodismo-a-lolita-ayala","status":"publish","type":"post","link":"https:\/\/redsemlac.com\/semmexico\/que-le-dejaron-45-anos-de-periodismo-a-lolita-ayala\/","title":{"rendered":"\u00bfQu\u00e9 le dejaron 45 a\u00f1os de periodismo a Lolita Ayala?"},"content":{"rendered":"\n<p class=\"wp-block-paragraph\">La certeza de que los periodistas informamos, escribimos, rese\u00f1amos para un futuro.<\/p>\n\n\n\n<h5 class=\"wp-block-heading\"> En entrevista, la otrora l\u00edder de opini\u00f3n y figura emblem\u00e1tica de Televisa, asegura que aprendi\u00f3 a tolerar la fama. A sobrellevarla sin perder el piso.<\/h5>\n\n\n\n<p class=\"wp-block-paragraph\"><a href=\"https:\/\/semmexico.com\/gallery-post.php?id=7996#\">Redacci\u00f3n<\/a><\/p>\n\n\n\n<p class=\"wp-block-paragraph\"><strong>Miguel Reyes Razo\/Foto: Alejandro Aguilar<\/strong><\/p>\n\n\n\n<p class=\"wp-block-paragraph\">SemM\u00e9xico\/Sol de M\u00e9xico. 29 de abril 2019.- \u201cNo me vayas a preguntar de pol\u00edtica\u201d, advierte amistosa Lolita Ayala, quien se define: \u201cNacida para ayudar. A seres humanos. Y a los animales. Jam\u00e1s me preocup\u00f3 planear mi vida. \u00a1Y result\u00f3 maravillosa! Ser mujer me favoreci\u00f3. Aunque existan mujeres que no me crean. Ser mujer me abri\u00f3 puertas y facilit\u00f3 mi desarrollo. S\u00e9, conozco, vivo el dolor. Y crece mi certeza. Dios me dej\u00f3 en el mundo para ayudar a pobres, enfermos y hambrientos. Desde 1985 fund\u00e9 \u00abS\u00f3lo para ayudar\u00bb. Casi 35 a\u00f1os en el empe\u00f1o. Aliento de fil\u00e1ntropos generosos. Velados por la incertidumbre. No sabemos cu\u00e1l ser\u00e1 su destino. Si este gobierno retira la deducibilidad de los donantes&#8230; Desapareceremos\u201d.<\/p>\n\n\n\n<p class=\"wp-block-paragraph\">Para las orejas. Se tensa. Se acomoda a su lado la educada Rita. Una perra boxer as\u00ed bautizada en memoria de la admirada Rita G\u00e1nem. Brillante, soberbia reportera. De la \u00abfuente\u00bb obrera con Don Fidel Vel\u00e1zquez y Jorge Dur\u00e1n Ch\u00e1vez, a la narraci\u00f3n de la reapertura del Canal de Suez y las turbulencias de la delincuencia en Colombia. \u201cFuimos muy amigas. Juntas trabajamos mucho. Esta Rita me la regal\u00f3 Virginia Lemaitre, reportera de 24 HORAS.<\/p>\n\n\n\n<p class=\"wp-block-paragraph\">&nbsp;\u201cIba a cumplir 30 a\u00f1os el noticiario que yo dirig\u00eda en el Canal 2 de Televisa. Y \u00a1catapl\u00fan! lo cancelaron. Televisa es y ser\u00e1 parte esencial de mi vida. M\u00e1s de la mitad de mi existencia transcurri\u00f3 ah\u00ed. Siempre la amar\u00e9.<\/p>\n\n\n\n<p class=\"wp-block-paragraph\">&nbsp;\u201cTuve el privilegio de ser amiga de Emilio Azc\u00e1rraga Milmo. 25 a\u00f1os fue mi jefe. Nos ca\u00edamos bien. Fue un hombre maravilloso. Protector, generoso. Fui una de sus pocas amigas. Pod\u00eda pasar dos horas en su oficina. De sus amores y de sus enfermedades me platicaba. Quiz\u00e1 su m\u00e9dico no previ\u00f3 el avance de su mal. Su muerte me caus\u00f3 un dolor profundo. Lo quise much\u00edsimo. Y s\u00ed. Reconozco que no era muy tolerante.<\/p>\n\n\n\n<p class=\"wp-block-paragraph\"><strong>&#8211;M\u00e1s bien todo lo contrario, Lolita. Se sab\u00eda que su genio era explosivo. Hasta a Jacobo Zabludovsky zarandeaba&#8211;, le recuerda el reportero.<\/strong><\/p>\n\n\n\n<p class=\"wp-block-paragraph\">&#8211;Si le ca\u00edas bien era \u00abcalabacitas tiernas\u00bb. Si no, mejor ni acerc\u00e1rsele. Pero los que sab\u00edan que no los tragaba, procuraban mantenerse lejos. \u00a1Para qu\u00e9 le buscaban! Jacobo y Emilio se admiraban. La forma de ser de Emilio hac\u00eda diferencia. Recuerdo que en una de las juntas de los lunes con los responsables de noticieros Emilio puso como \u201clazo de cochino\u201d a Jacobo. Enrojec\u00eda, se le congestionaba el rostro &#8211;hasta casi parecer morado&#8211;, el rostro a Jacobo. Mudo, aguantaba el chaparr\u00f3n. Uno clavaba la mirada ya en el techo, ya en las tarjetas reci\u00e9n garabateadas. Se asfixiaba. Unos minutos despu\u00e9s, cuando ya todos est\u00e1bamos en nuestras oficinas un mensajero lleg\u00f3 a la de Jacobo. Le entreg\u00f3 las llaves de un autom\u00f3vil. El Mercedes-Benz blindado que Emilio usaba. \u201cDisc\u00falpame, Jacobo. Se me pas\u00f3 la mano. Quiero cuidarte. Este es mi obsequio\u201d.<\/p>\n\n\n\n<p class=\"wp-block-paragraph\"><strong>&#8211;\u00bfEscribir\u00edas un libro que narrara esos a\u00f1os y situaciones, Lolita?<\/strong><\/p>\n\n\n\n<p class=\"wp-block-paragraph\">&#8211;\u00a1No! \u00a1Nunca! \u00a1Jam\u00e1s! En los primeros d\u00edas extra\u00f1\u00e9 la intensidad de las horas dedicadas al periodismo. Para informar me arreglaba contra reloj. A las 10 dejaba mi casa. El noticiero condicion\u00f3 mi vida. Si mucho me apuras dir\u00e9 que me esclaviz\u00f3. Imposible planear un viaje familiar. Despertar para pensar: \u00bfQu\u00e9 pasar\u00e1 hoy? \u00bfC\u00f3mo lo voy a decir? \u00bfQu\u00e9 me voy a poner? \u00bfEsa blusa, aquel vestido? Preparaba el \u00e1nimo. Me duele el sufrimiento ajeno. Comprendo que la informaci\u00f3n tiene su peso. Y que hay que transmitirla; comunicarla. Procur\u00e9, no obstante, que no estimulara el morbo. Apel\u00e9 al buen gusto, a la sensibilidad para no herir la de los televidentes. Cont\u00e9 con un equipo que comparti\u00f3 puntos de vista. \u00a1Si dur\u00f3 casi 30 a\u00f1os es que no era malo! \u00bfT\u00fa, que crees?<\/p>\n\n\n\n<p class=\"wp-block-paragraph\">Elegancia de Dolores Ayala Nieto. Su fortaleza. Elegante chaqueta verde. Fino pantal\u00f3n negro. Sobrio maquillaje. Moderaci\u00f3n ante los chocolatines y bocadillos.<\/p>\n\n\n\n<p class=\"wp-block-paragraph\"><strong>&#8211;\u00bfQu\u00e9 le dejaron 45 a\u00f1os de periodismo, Lolita?<\/strong><\/p>\n\n\n\n<p class=\"wp-block-paragraph\">&#8211;La certeza de que los periodistas informamos, escribimos, rese\u00f1amos para un futuro. Contamos este tiempo. Damos fe de sus hechos. Contempor\u00e1neos nos leen, se enteran. Pocas horas despu\u00e9s nuestra labor se transformar\u00e1 en Historia. Debo confesar que el periodismo &#8211;mi aprendizaje&#8211; me dio mucho. Me ense\u00f1\u00f3 a trabajar. A conocer y a tratar a grandes personalidades. Y a rozarme con personas grandes. Seres que irradiaban &#8211;y pose\u00edan&#8211; grandeza. Tambi\u00e9n aprend\u00ed a tolerar la fama. A sobrellevarla sin perder el piso. \u00a1No es f\u00e1cil! Tan problem\u00e1tica la celebridad como el poder. Requiere un serio aprendizaje vivirlos. Es tratar a la gente con educaci\u00f3n y afecto. Se me acercan, me cuentan, me abrazan, solicitan. O elogian. Aseguran que me extra\u00f1an. Quieren saber cu\u00e1ndo volver\u00e9 a la televisi\u00f3n. O me conf\u00edan un problema. Y piden mi ayuda. Y los remito a la Fundaci\u00f3n \u201cS\u00f3lo por Ayudar\u201d. Quieren extirparse una catarata. Los remitimos a la Conde de la Valenciana. O al Hospital de la Luz. seis mil pesos con todo y anteojos nuevos. Mira Reyes Razo s\u00e9 de oftalm\u00f3logos que cobran \u00a175 mil pesos!. Una injusticia. Un abuso. Yo atiendo a todos. Percibo sus buenas \u201cvibras\u201d. Su trato me llena de alegr\u00eda\u2026<\/p>\n\n\n\n<p class=\"wp-block-paragraph\">\u00abAl periodismo debo el cauce para ayudar a los dem\u00e1s. Informaci\u00f3n, periodismo y televisi\u00f3n resultaron \u00fatiles. Abrieron puertas a enfermos y a pobres. A enfermos pobres. Mis 45 a\u00f1os en Televisa sirvieron para desarrollar \u00abS\u00f3lo por Ayudar\u00bb. Sus 11 programas &#8211;ll\u00e1malos causas&#8211; abarcan a todo el pa\u00eds\u201d.<\/p>\n\n\n\n<p class=\"wp-block-paragraph\"><strong>Once programas repiti\u00f3 Lolita Ayala, quien cit\u00f3 algunos:<\/strong><\/p>\n\n\n\n<p class=\"wp-block-paragraph\">&nbsp;\u201cC\u00e1ncer de pulm\u00f3n. 950 trasplantes de ri\u00f1\u00f3n. C\u00e1ncer de mama. Leucemia linfobl\u00e1stica que da\u00f1a a ni\u00f1os. Leucemia mieloide que afecta adultos. Y la Casa de Ni\u00f1os de la calle. Y el Banco de Alimentos. Trabajamos desde los d\u00edas del sismo de 1985. Temblor, terremoto del 19 de septiembre. Servimos. Ya te dije: Yo no planee mi vida. Y as\u00ed o as\u00e1 es maravillosa. Creo en la existencia de un Ser Superior. Veo a Dios. Nunca, jam\u00e1s me sent\u00ed ni pens\u00e9 en vivir la televisi\u00f3n. La Medicina era mi meta. Estudiarla para curar. M\u00e9dico. Doctora. Preparaba mi ingreso la Facultad de Medicina. Regularizaba papeles. Homologaba mis estudios del College en que estudi\u00e9 en Estados Unidos. Una amiga me tent\u00f3: \u201cEn el Canal 8 buscan a una muchacha para que pase un noticiero. Ve\u201d. Me resist\u00ed. En seis meses ya estar\u00eda en Medicina. Me present\u00e9. Una nube de muchachas quer\u00eda el empleo. Me hicieron leer unas cuartillas. Enmudec\u00ed al d\u00eda siguiente. Me eligieron.<\/p>\n\n\n\n<p class=\"wp-block-paragraph\">\u201cPodr\u00e9 trabajar 6 meses. Y no m\u00e1s\u201d, dijo. \u201cDe acuerdo\u00bb, le respondieron. \u201cNo s\u00e9 nada de periodismo\u201d, comunic\u00f3. \u201cNo se preocupe\u201d, le devolvieron. \u201cNo redacto, ni reporteo\u201d, se sincer\u00f3. \u201cYa aprender\u00e1\u201d, le contestaron. Era Rolando Ortega Director de Notimex. Pocas horas despu\u00e9s estaba \u201cal aire\u201d con Roberto Armend\u00e1riz y Jorge Kellog.<\/p>\n\n\n\n<p class=\"wp-block-paragraph\">&nbsp;\u201cRolando Ortega hizo que Don Juli\u00e1n de Llantada me mostrase secretos del periodismo. Mis conocimientos de cultura general &#8211;mi conocimiento y dominio&#8211; de algunos idiomas y mi responsabilidad hicieron todo. Los seis meses se convirtieron en 45 a\u00f1os. Mi vida. Empec\u00e9 en febrero del 71. En 1973 con la fusi\u00f3n de TIM-Telesistema Mexicano llegu\u00e9 a 24 HORAS con Jacobo Zabludovsky. Llegu\u00e9 a ser directora de ese noticiero. Me parece que me la pusieron muy f\u00e1cil. Ser mujer me ayud\u00f3. \u00a1Aunque las mujeres no me lo crean! Ser mujer me abri\u00f3 puertas. \u00a1Pum! \u00a1Pum!\u00a1Pum! Secretar\u00eda de Salud. Medicinas. Prob\u00e9 mi amor por la medicina. Algo incre\u00edble. Soy un persona muy afortunada\u201d.<\/p>\n\n\n\n<p class=\"wp-block-paragraph\">Un terrible accidente de helic\u00f3ptero en serran\u00edas chihuahuenses. El aparato se qued\u00f3 sin combustible y cay\u00f3 en plomada m\u00e1s de 30 metros, la lesion\u00f3. Salv\u00f3 su vida. Perdi\u00f3 movilidad, agilidad. \u201cNo olvidar\u00e9 jam\u00e1s la exigencia del gobernador que demandaba al piloto: \u201c\u00a1Ju\u00e9gatela! \u00a1Ju\u00e9gatela!. Y que, accidentados, rotos, ag\u00f3nicos el piloto al borde del llanto ped\u00eda: \u201c\u00a1Disc\u00falpeme se\u00f1or, le fall\u00e9!\u201d.<\/p>\n\n\n\n<p class=\"wp-block-paragraph\">\u201cHe tenido golpes muy graves, muy fuertes. Los digiero. La vida sigue. Trabajo entre dolores y sufrimientos. Doy mi mejor sonrisa. Vivo la alegr\u00eda de estar viva\u2026 La otra opci\u00f3n no me atrae nada; nadita\u201d.<\/p>\n\n\n\n<p class=\"wp-block-paragraph\"><strong>&#8211;\u00bfSe fomenta, se estimula la Filantrop\u00eda en M\u00e9xico, Lolita?<\/strong><\/p>\n\n\n\n<p class=\"wp-block-paragraph\">&#8211;\u00cdba bien hasta 2016. Las lecciones la detuvieron un poco. Me entristece saber que el gobierno actual asegure que las fundaciones como \u201cSolo por Ayudar\u201d no son necesarias. Se reh\u00fasa a conceder la deducibilidad &#8211;de impuestos&#8211; a los donantes. Fil\u00e1ntropos muy importantes se resisten a entregar aportaciones que no hace mucho donaban con sonrisas. La deducibilidad no es evasi\u00f3n de impuestos. Equivale a lo que cotiza un m\u00e9dico en su consultorio. Como un 30 por ciento. Si el gobierno no concede la deducibilidad muchas fundaciones desapareceremos.<\/p>\n\n\n\n<p class=\"wp-block-paragraph\">SEM\/El Sol de M\u00e9xico<br><\/p>\n","protected":false},"excerpt":{"rendered":"<p>La certeza de que los periodistas informamos, escribimos, rese\u00f1amos para un futuro. En entrevista, la otrora l\u00edder de opini\u00f3n y figura emblem\u00e1tica de Televisa, asegura que aprendi\u00f3 a tolerar la fama. A sobrellevarla sin perder el piso. Redacci\u00f3n Miguel Reyes Razo\/Foto: Alejandro Aguilar SemM\u00e9xico\/Sol de M\u00e9xico. 29 de abril 2019.- \u201cNo me vayas a preguntar [&hellip;]<\/p>\n","protected":false},"author":3,"featured_media":8084,"comment_status":"open","ping_status":"open","sticky":false,"template":"","format":"standard","meta":{"_monsterinsights_skip_tracking":false,"footnotes":""},"categories":[690,56],"tags":[],"class_list":["post-8083","post","type-post","status-publish","format-standard","has-post-thumbnail","category-690","category-redes"],"_links":{"self":[{"href":"https:\/\/redsemlac.com\/semmexico\/wp-json\/wp\/v2\/posts\/8083","targetHints":{"allow":["GET"]}}],"collection":[{"href":"https:\/\/redsemlac.com\/semmexico\/wp-json\/wp\/v2\/posts"}],"about":[{"href":"https:\/\/redsemlac.com\/semmexico\/wp-json\/wp\/v2\/types\/post"}],"author":[{"embeddable":true,"href":"https:\/\/redsemlac.com\/semmexico\/wp-json\/wp\/v2\/users\/3"}],"replies":[{"embeddable":true,"href":"https:\/\/redsemlac.com\/semmexico\/wp-json\/wp\/v2\/comments?post=8083"}],"version-history":[{"count":0,"href":"https:\/\/redsemlac.com\/semmexico\/wp-json\/wp\/v2\/posts\/8083\/revisions"}],"wp:featuredmedia":[{"embeddable":true,"href":"https:\/\/redsemlac.com\/semmexico\/wp-json\/wp\/v2\/media\/8084"}],"wp:attachment":[{"href":"https:\/\/redsemlac.com\/semmexico\/wp-json\/wp\/v2\/media?parent=8083"}],"wp:term":[{"taxonomy":"category","embeddable":true,"href":"https:\/\/redsemlac.com\/semmexico\/wp-json\/wp\/v2\/categories?post=8083"},{"taxonomy":"post_tag","embeddable":true,"href":"https:\/\/redsemlac.com\/semmexico\/wp-json\/wp\/v2\/tags?post=8083"}],"curies":[{"name":"wp","href":"https:\/\/api.w.org\/{rel}","templated":true}]}}