{"id":80670,"date":"2024-04-26T13:32:53","date_gmt":"2024-04-26T19:32:53","guid":{"rendered":"https:\/\/redsemlac.com\/semmexico\/?p=80670"},"modified":"2024-04-26T13:32:59","modified_gmt":"2024-04-26T19:32:59","slug":"incrementar-la-participacion-economica-de-las-mujeres-ante-el-envejecimiento-poblacional-en-al-fmi","status":"publish","type":"post","link":"https:\/\/redsemlac.com\/semmexico\/incrementar-la-participacion-economica-de-las-mujeres-ante-el-envejecimiento-poblacional-en-al-fmi\/","title":{"rendered":"Incrementar la participaci\u00f3n econ\u00f3mica de las mujeres ante el envejecimiento poblacional en AL: FMI"},"content":{"rendered":"\n<p class=\"wp-block-paragraph\">Elda Montiel&nbsp;<\/p>\n\n\n\n<p class=\"wp-block-paragraph\">SemM\u00e9xico, Ciudad de M\u00e9xico, 26 de abril, 2024.- El Fondo Monetario Internacional (FMI) advierte que en Am\u00e9rica Latina se deben tomar medidas ante el envejecimiento de la poblaci\u00f3n que desacelera el crecimiento laboral, por lo que recomienda incrementar la participaci\u00f3n econ\u00f3mica de las mujeres, que sigue siendo baja, de apenas 52 por ciento&nbsp; frente a 75 por ciento de la masculina.&nbsp;&nbsp;&nbsp;<\/p>\n\n\n\n<p class=\"wp-block-paragraph\">Se\u00f1alan que los pa\u00edses de la Am\u00e9rica Latina deben redoblar los esfuerzos para fomentar el aumento de la productividad de la mano de obra, resolver los problemas de gobernanza y de exigencias en regulaciones empresariales, pues a\u00fan con un dividendo demogr\u00e1fico disminuyendo, se puede generar ingresos para crecer con pol\u00edticas p\u00fablicas mejor dise\u00f1adas.&nbsp;<\/p>\n\n\n\n<p class=\"wp-block-paragraph\">Las consecuencias de no actuar podr\u00edan ser dram\u00e1ticas: Una poblaci\u00f3n activa cada vez m\u00e1s reducida para financiar a un n\u00famero creciente de jubilados, la explosi\u00f3n simult\u00e1nea de la morbilidad relacionada con el envejecimiento, los costos de salud asociados y un descenso de la calidad de vida de las personas mayores por falta de recursos humanos, financieros e institucionales\u201d.&nbsp;<\/p>\n\n\n\n<p class=\"wp-block-paragraph\">Se\u00f1ala que el crecimiento de la fuerza laboral en Am\u00e9rica Latina viene desacelerando desde la pandemia y tendr\u00e1 un efecto negativo en el crecimiento econ\u00f3mico de los pr\u00f3ximos a\u00f1os. La poblaci\u00f3n envejece, los j\u00f3venes emigran desincentivados por el crimen y la inseguridad, y se generan m\u00e1s presiones presupuestales y sociales.<\/p>\n\n\n\n<p class=\"wp-block-paragraph\">Desde el 2000 hasta hoy, el crecimiento de la poblaci\u00f3n ayudaba a generar un aumento anual de 1% en la fuerza laboral de Am\u00e9rica Latina. De acuerdo a las previsiones, el porcentaje de poblaci\u00f3n activa registra en promedio 0.5% de crecimiento anual, durante el pr\u00f3ximo lustro, impactado incluso por la emigraci\u00f3n que ha generado la inseguridad y el crimen que prevalece en los pa\u00edses de la regi\u00f3n.&nbsp;&nbsp;<\/p>\n\n\n\n<p class=\"wp-block-paragraph\">Entre las recomendaciones se\u00f1ala que la participaci\u00f3n femenina puede aumentarse ampliando los programas de cuidado infantil y m\u00e1s capacitaci\u00f3n a las mujeres.<\/p>\n\n\n\n<p class=\"wp-block-paragraph\">Al mismo tiempo invertir en capital humano que se centren en crecimiento econ\u00f3mico per c\u00e1pita pese al descenso del porcentaje de poblaci\u00f3n en edad de trabajar. Lo ideal es reforzar los programas de capacitaci\u00f3n y calificaci\u00f3n de forma que no s\u00f3lo incrementen la productividad de quienes ya pertenecen a la poblaci\u00f3n activa, sino que tambi\u00e9n fomenten la participaci\u00f3n de los grupos infrarrepresentados como las madres y personas adultas mayores, como eliminar los desincentivos al trabajo despu\u00e9s de la jubilaci\u00f3n y adoptar pol\u00edticas que faciliten el empleo de las personas adultas mayores.&nbsp;<\/p>\n","protected":false},"excerpt":{"rendered":"<p>Elda Montiel&nbsp; SemM\u00e9xico, Ciudad de M\u00e9xico, 26 de abril, 2024.- El Fondo Monetario Internacional (FMI) advierte que en Am\u00e9rica Latina se deben tomar medidas ante el envejecimiento de la poblaci\u00f3n que desacelera el crecimiento laboral, por lo que recomienda incrementar la participaci\u00f3n econ\u00f3mica de las mujeres, que sigue siendo baja, de apenas 52 por ciento&nbsp; [&hellip;]<\/p>\n","protected":false},"author":3,"featured_media":80671,"comment_status":"open","ping_status":"open","sticky":false,"template":"","format":"standard","meta":{"_monsterinsights_skip_tracking":false,"footnotes":""},"categories":[53],"tags":[],"class_list":["post-80670","post","type-post","status-publish","format-standard","has-post-thumbnail","category-internacional"],"_links":{"self":[{"href":"https:\/\/redsemlac.com\/semmexico\/wp-json\/wp\/v2\/posts\/80670","targetHints":{"allow":["GET"]}}],"collection":[{"href":"https:\/\/redsemlac.com\/semmexico\/wp-json\/wp\/v2\/posts"}],"about":[{"href":"https:\/\/redsemlac.com\/semmexico\/wp-json\/wp\/v2\/types\/post"}],"author":[{"embeddable":true,"href":"https:\/\/redsemlac.com\/semmexico\/wp-json\/wp\/v2\/users\/3"}],"replies":[{"embeddable":true,"href":"https:\/\/redsemlac.com\/semmexico\/wp-json\/wp\/v2\/comments?post=80670"}],"version-history":[{"count":0,"href":"https:\/\/redsemlac.com\/semmexico\/wp-json\/wp\/v2\/posts\/80670\/revisions"}],"wp:featuredmedia":[{"embeddable":true,"href":"https:\/\/redsemlac.com\/semmexico\/wp-json\/wp\/v2\/media\/80671"}],"wp:attachment":[{"href":"https:\/\/redsemlac.com\/semmexico\/wp-json\/wp\/v2\/media?parent=80670"}],"wp:term":[{"taxonomy":"category","embeddable":true,"href":"https:\/\/redsemlac.com\/semmexico\/wp-json\/wp\/v2\/categories?post=80670"},{"taxonomy":"post_tag","embeddable":true,"href":"https:\/\/redsemlac.com\/semmexico\/wp-json\/wp\/v2\/tags?post=80670"}],"curies":[{"name":"wp","href":"https:\/\/api.w.org\/{rel}","templated":true}]}}