{"id":80667,"date":"2024-04-26T13:31:20","date_gmt":"2024-04-26T19:31:20","guid":{"rendered":"https:\/\/redsemlac.com\/semmexico\/?p=80667"},"modified":"2024-04-26T13:31:20","modified_gmt":"2024-04-26T19:31:20","slug":"textura-violeta-milei-abascal-y-andronico-el-presidente-del-senado-boliviano","status":"publish","type":"post","link":"https:\/\/redsemlac.com\/semmexico\/textura-violeta-milei-abascal-y-andronico-el-presidente-del-senado-boliviano\/","title":{"rendered":"Textura Violeta | Milei, Abascal y\u2026 \u00a1Andr\u00f3nico!, el presidente del Senado boliviano"},"content":{"rendered":"\n<p class=\"wp-block-paragraph\"><\/p>\n\n\n\n<p class=\"wp-block-paragraph\">Drina Ergueta<\/p>\n\n\n\n<p class=\"wp-block-paragraph\">SemM\u00e9xico, La Paz-Bolivia, 26 de abril,&nbsp; 2024.- Mucho se le ha criticado al presidente del Senado boliviano luego de que dijo que la Ley 348 es una \u201cley antihombres\u201d \u00bfQue acaso Andr\u00f3nico Rodr\u00edguez no sabe que en pol\u00edtica hay que tener cuidado cuando se hacen declaraciones p\u00fablicas (e incluso privadas)? El delf\u00edn de Evo Morales abri\u00f3 la boca y se coloc\u00f3 solito al lado de representantes de la extrema derecha.<\/p>\n\n\n\n<p class=\"wp-block-paragraph\">Evidentemente, se trata de un malentendido, tal como \u00e9l mismo lo explic\u00f3 posteriormente ante las cr\u00edticas. Es decir, se trata de un \u201cmal-entendido\u201d o un \u201cno entendido\u201d o un \u201cen el fondo no quiero entender porque no me interesa perder mis privilegios masculinos\u201d que comparte con muchos hombres y con un grupo -que no menciono para no darle mayor relevancia- que est\u00e1 buscando suavizar la Ley integral para garantizar a las mujeres una vida libre de violencia (Ley 348) que, con los fallos que pueda tener, es una conquista de las mujeres.<\/p>\n\n\n\n<p class=\"wp-block-paragraph\">En Espa\u00f1a, el partido de extrema derecha (VOX), liderado por Santiago Abascal, tiene una posici\u00f3n muy conservadora que niega que exista la violencia de g\u00e9nero o la violencia machista, por lo que busca tambi\u00e9n que se eliminen las conquistas legales en ese sentido. En Argentina, el presidente Javier Milei ha prohibido que se ense\u00f1e algo que est\u00e9 relacionado con la igualdad de g\u00e9nero en las escuelas. Con anterioridad, en Brasil, cuando Jail Bolsonaro era presidente igualmente rechaz\u00f3 cualquier demanda en relaci\u00f3n a combatir la desigualdad de g\u00e9nero. As\u00ed, en todas las regiones del mundo occidental donde est\u00e1 la extrema derecha una de sus posiciones es oponerse a cualquier conquista de las mujeres y poblaci\u00f3n LGTBI y negar la violencia machista \u00bfQu\u00e9 hace en este grupo Andr\u00f3nico Rodr\u00edguez?<\/p>\n\n\n\n<p class=\"wp-block-paragraph\">Parece que es muy f\u00e1cil diferenciar posturas pol\u00edticas de derecha o de izquierda, salvo cuando se cruzan otras discriminaciones como la de g\u00e9nero porque es cuando muchos de los varones hacen esp\u00edritu de cuerpo y se unen, pese a sus diferencias pol\u00edticas. Se sienten atacados, es as\u00ed como unos hacen de la vista gorda frente al machismo y no se pronuncian al respecto porque no es asunto suyo y otros se ofenden y tienden a defender a los agresores. Parece que es el caso de Andr\u00f3nico.<\/p>\n\n\n\n<p class=\"wp-block-paragraph\">Seguramente, Rodr\u00edguez conoce a alguien que dice haber sido acusado falsamente de violencia de g\u00e9nero. Entonces eso le llev\u00f3 a decir que \u201cle consta\u201d que la Ley 348 es injusta con los hombres. Esta mirada, que comparten muchos hombres e incluso mujeres, que asegura ver casos de injusticias es muy miope e interesada, adem\u00e1s. Puede haber alg\u00fan caso muy raro de cierto nivel de abuso de una mujer frente a un hombre, ven eso mientras cierran los ojos a las estad\u00edsticas terribles de feminicidios, violencias f\u00edsicas, violaciones, acosos y un sinf\u00edn de violencias machistas registradas contra las que lucha la ley.<\/p>\n\n\n\n<p class=\"wp-block-paragraph\">Hay que incidir en las acusaciones falsas. Para una mujer que sufre violencia machista es muy dif\u00edcil que se le crea y lo demuestre, mucho m\u00e1s para alguien que se inventa y esto no prospera. Es posible acusar de robo a alguien siendo inocente, pero se debe demostrar su culpabilidad \u00bfPor esto hay que modificar o eliminar en el C\u00f3digo Penal las leyes contra el robo? Un absurdo.<\/p>\n\n\n\n<p class=\"wp-block-paragraph\">El patriarcado y su violencia es es-truc-tu-ral. Esto es que todo el sistema social est\u00e1 construido para los hombres, hombres como l\u00edderes de esta sociedad, como personas que deciden y como representantes de su familia: las mujeres, ni\u00f1as y ni\u00f1os y tambi\u00e9n personas mayores que no pueden valerse por s\u00ed mismas. Este sistema hist\u00f3ricamente se ha mantenido mediante leyes (que priorizan a los varones en la educaci\u00f3n, en el trabajo y posiciones p\u00fablicas) e instituciones (como el matrimonio, la iglesia, entre otros) por lo que romper con ello es muy dif\u00edcil; sin embargo, las mujeres lo han ido haciendo y ganando espacios y normativas.<\/p>\n\n\n\n<p class=\"wp-block-paragraph\">La derecha y extrema derecha, incluso a los libertarios que propugnan la libre elecci\u00f3n siempre que no sea cambiar de sexo o hablar de derechos de las mujeres, es muy conservadora en lo que a patriarcado se refiere. As\u00ed, la defensa de la familia es una de sus ideas b\u00e1sicas que, como estandarte, llega a la gente de esa manera b\u00e1sica. Parecer\u00eda que la familia hombre-mujer-hijos\/as es lo ideal, pero ese ideal se desdibuja cuando se habla de violencia machista, violencia que se ejerce principalmente en ese \u00e1mbito y desde el var\u00f3n fundamentalmente. Se trata pues de un discurso falso y \u00fatil. Tan \u00fatil que hasta alguien que supuestamente es de izquierda cae.<\/p>\n","protected":false},"excerpt":{"rendered":"<p>Drina Ergueta SemM\u00e9xico, La Paz-Bolivia, 26 de abril,&nbsp; 2024.- Mucho se le ha criticado al presidente del Senado boliviano luego de que dijo que la Ley 348 es una \u201cley antihombres\u201d \u00bfQue acaso Andr\u00f3nico Rodr\u00edguez no sabe que en pol\u00edtica hay que tener cuidado cuando se hacen declaraciones p\u00fablicas (e incluso privadas)? El delf\u00edn de [&hellip;]<\/p>\n","protected":false},"author":3,"featured_media":69835,"comment_status":"open","ping_status":"open","sticky":false,"template":"","format":"standard","meta":{"_monsterinsights_skip_tracking":false,"footnotes":""},"categories":[77,35,102],"tags":[],"class_list":["post-80667","post","type-post","status-publish","format-standard","has-post-thumbnail","category-drina-ergueta","category-opinion","category-textura-violeta"],"_links":{"self":[{"href":"https:\/\/redsemlac.com\/semmexico\/wp-json\/wp\/v2\/posts\/80667","targetHints":{"allow":["GET"]}}],"collection":[{"href":"https:\/\/redsemlac.com\/semmexico\/wp-json\/wp\/v2\/posts"}],"about":[{"href":"https:\/\/redsemlac.com\/semmexico\/wp-json\/wp\/v2\/types\/post"}],"author":[{"embeddable":true,"href":"https:\/\/redsemlac.com\/semmexico\/wp-json\/wp\/v2\/users\/3"}],"replies":[{"embeddable":true,"href":"https:\/\/redsemlac.com\/semmexico\/wp-json\/wp\/v2\/comments?post=80667"}],"version-history":[{"count":0,"href":"https:\/\/redsemlac.com\/semmexico\/wp-json\/wp\/v2\/posts\/80667\/revisions"}],"wp:featuredmedia":[{"embeddable":true,"href":"https:\/\/redsemlac.com\/semmexico\/wp-json\/wp\/v2\/media\/69835"}],"wp:attachment":[{"href":"https:\/\/redsemlac.com\/semmexico\/wp-json\/wp\/v2\/media?parent=80667"}],"wp:term":[{"taxonomy":"category","embeddable":true,"href":"https:\/\/redsemlac.com\/semmexico\/wp-json\/wp\/v2\/categories?post=80667"},{"taxonomy":"post_tag","embeddable":true,"href":"https:\/\/redsemlac.com\/semmexico\/wp-json\/wp\/v2\/tags?post=80667"}],"curies":[{"name":"wp","href":"https:\/\/api.w.org\/{rel}","templated":true}]}}