{"id":8049,"date":"2019-05-08T19:09:17","date_gmt":"2019-05-08T19:09:17","guid":{"rendered":"https:\/\/redsemlac.com\/semmexico\/?p=8049"},"modified":"2023-07-21T14:48:36","modified_gmt":"2023-07-21T19:48:36","slug":"ocnf-exige-justicia-para-nina-victima-de-violacion-y-feminicidio-en-edomex","status":"publish","type":"post","link":"https:\/\/redsemlac.com\/semmexico\/ocnf-exige-justicia-para-nina-victima-de-violacion-y-feminicidio-en-edomex\/","title":{"rendered":"OCNF exige justicia para ni\u00f1a v\u00edctima de violaci\u00f3n y feminicidio en EDOMEX"},"content":{"rendered":"\n<p class=\"wp-block-paragraph\">La familia de F\u00e1tima, ha recibido agresiones.<\/p>\n\n\n\n<h5 class=\"wp-block-heading\"> El cuerpo de F\u00e1tima fue encontrado por su madre golpeado, cortado, lapidado y enterrado en una zona boscosa cerca de su casa.<\/h5>\n\n\n\n<p class=\"wp-block-paragraph\"><a href=\"https:\/\/semmexico.com\/gallery-post.php?id=8098#\">Redacci\u00f3n<\/a><\/p>\n\n\n\n<p class=\"wp-block-paragraph\">SemM\u00e9xico. Cd. de M\u00e9xico a 8 de mayo de 2019.&nbsp;El Observatorio Ciudadano Nacional del Feminicidio (OCNF) exige justicia y la sanci\u00f3n&nbsp;a las tres&nbsp;personas acusadas de la violaci\u00f3n y posterior feminicidio de la ni\u00f1a F\u00e1tima Varinia, ocurridos el 5 de febrero de 2015.<\/p>\n\n\n\n<p class=\"wp-block-paragraph\">En un comunicado se pronuncian &nbsp;en el marco de la audiencia que se realizar\u00e1&nbsp;el pr\u00f3ximo jueves&nbsp;9 de mayo de 2019, en Lerma, Estado de M\u00e9xico. Esta audiencia ser\u00e1 relacionada a los hechos ocurridos en la comunidad de Lupita Casas Viejas, Estado de M\u00e9xico, luego de que la ni\u00f1a regresaba de su escuela.&nbsp;<\/p>\n\n\n\n<p class=\"wp-block-paragraph\">El cuerpo de F\u00e1tima fue encontrado por su madre golpeado, cortado, lapidado y enterrado en una zona boscosa cerca de su casa. Actualmente, dos de los responsables se encuentran en prisi\u00f3n. Uno de ellos fue sentenciado a cinco a\u00f1os por ser menor de edad, otro a 73 a\u00f1os 8 meses y uno de los acusados fue absuelto en 2017.<\/p>\n\n\n\n<p class=\"wp-block-paragraph\">Ante ello, la familia de F\u00e1tima interpuso un amparo con n\u00famero 200\/2017, y junto al Observatorio Ciudadano Nacional del Feminicidio realizaron labores de incidencia y seguimiento, lo que deriv\u00f3 en que el amparo haya sido concedido a la familia, ordenando reponer el proceso hasta la etapa intermedia, momento en el que actualmente se encuentra el caso.<\/p>\n\n\n\n<p class=\"wp-block-paragraph\">En este peregrinar, la familia de F\u00e1tima, ha recibido agresiones y amenazas de muerte, por lo que se &nbsp;han visto forzados a cambiar su residencia,&nbsp; lo que ha repercutido de manera negativa en su vida.<\/p>\n\n\n\n<p class=\"wp-block-paragraph\">\u201cEn este contexto, hacemos un llamado a la sociedad en general a que se una a la exigencia de justicia para que ambos delitos no queden impunes\u201d.<\/p>\n\n\n\n<p class=\"wp-block-paragraph\">Por ello exigen:&nbsp;<\/p>\n\n\n\n<p class=\"wp-block-paragraph\">-Realizaci\u00f3n de un juicio con perspectiva de g\u00e9nero y derechos humanos.<\/p>\n\n\n\n<p class=\"wp-block-paragraph\">-Garant\u00eda y salvaguarda de los derechos de la infancia.<\/p>\n\n\n\n<p class=\"wp-block-paragraph\">&#8211; Garant\u00edas de seguridad para proteger la vida &nbsp;e integridad de la familia de F\u00e1tima.<br><br>-Sanci\u00f3n a todas las personas responsables.<br><br>-Garant\u00edas de no repetici\u00f3n.<br><br>-Reparaci\u00f3n integral del da\u00f1o.<\/p>\n\n\n\n<p class=\"wp-block-paragraph\">SEM\/GR<\/p>\n","protected":false},"excerpt":{"rendered":"<p>La familia de F\u00e1tima, ha recibido agresiones. El cuerpo de F\u00e1tima fue encontrado por su madre golpeado, cortado, lapidado y enterrado en una zona boscosa cerca de su casa. Redacci\u00f3n SemM\u00e9xico. Cd. de M\u00e9xico a 8 de mayo de 2019.&nbsp;El Observatorio Ciudadano Nacional del Feminicidio (OCNF) exige justicia y la sanci\u00f3n&nbsp;a las tres&nbsp;personas acusadas de [&hellip;]<\/p>\n","protected":false},"author":3,"featured_media":8050,"comment_status":"open","ping_status":"open","sticky":false,"template":"","format":"standard","meta":{"_monsterinsights_skip_tracking":false,"footnotes":""},"categories":[690,54],"tags":[],"class_list":["post-8049","post","type-post","status-publish","format-standard","has-post-thumbnail","category-690","category-mujeres"],"_links":{"self":[{"href":"https:\/\/redsemlac.com\/semmexico\/wp-json\/wp\/v2\/posts\/8049","targetHints":{"allow":["GET"]}}],"collection":[{"href":"https:\/\/redsemlac.com\/semmexico\/wp-json\/wp\/v2\/posts"}],"about":[{"href":"https:\/\/redsemlac.com\/semmexico\/wp-json\/wp\/v2\/types\/post"}],"author":[{"embeddable":true,"href":"https:\/\/redsemlac.com\/semmexico\/wp-json\/wp\/v2\/users\/3"}],"replies":[{"embeddable":true,"href":"https:\/\/redsemlac.com\/semmexico\/wp-json\/wp\/v2\/comments?post=8049"}],"version-history":[{"count":0,"href":"https:\/\/redsemlac.com\/semmexico\/wp-json\/wp\/v2\/posts\/8049\/revisions"}],"wp:featuredmedia":[{"embeddable":true,"href":"https:\/\/redsemlac.com\/semmexico\/wp-json\/wp\/v2\/media\/8050"}],"wp:attachment":[{"href":"https:\/\/redsemlac.com\/semmexico\/wp-json\/wp\/v2\/media?parent=8049"}],"wp:term":[{"taxonomy":"category","embeddable":true,"href":"https:\/\/redsemlac.com\/semmexico\/wp-json\/wp\/v2\/categories?post=8049"},{"taxonomy":"post_tag","embeddable":true,"href":"https:\/\/redsemlac.com\/semmexico\/wp-json\/wp\/v2\/tags?post=8049"}],"curies":[{"name":"wp","href":"https:\/\/api.w.org\/{rel}","templated":true}]}}