{"id":8043,"date":"2019-05-08T19:04:46","date_gmt":"2019-05-08T19:04:46","guid":{"rendered":"https:\/\/redsemlac.com\/semmexico\/?p=8043"},"modified":"2023-07-21T14:48:36","modified_gmt":"2023-07-21T19:48:36","slug":"irma-pineda-sera-la-voz-de-los-pueblos-indigenas-ante-la-onu","status":"publish","type":"post","link":"https:\/\/redsemlac.com\/semmexico\/irma-pineda-sera-la-voz-de-los-pueblos-indigenas-ante-la-onu\/","title":{"rendered":"Irma Pineda ser\u00e1 la voz de los pueblos ind\u00edgenas ante la ONU"},"content":{"rendered":"\n<p class=\"wp-block-paragraph\">Es zapoteca de origen, nacida en el istmo de Oaxaca<\/p>\n\n\n\n<h5 class=\"wp-block-heading\"> Profesora y poeta, cuya obra ha sido traducida a varios idiomas<\/h5>\n\n\n\n<p class=\"wp-block-paragraph\"><a href=\"https:\/\/semmexico.com\/gallery-post.php?id=8099#\">Patricia Brise\u00f1o<\/a><\/p>\n\n\n\n<p class=\"wp-block-paragraph\">SemM\u00e9xico, Oaxaca, 8 mayo 2019.- La poeta zapoteca, Irma Pineda Santiago result\u00f3 electa para&nbsp; representar la voz de los pueblos ind\u00edgenas de toda Latinoam\u00e9rica y el Caribe ante la Organizaci\u00f3n de las Naciones Unidas (ONU).<\/p>\n\n\n\n<p class=\"wp-block-paragraph\"><br>La profesora juchiteca estuvo en la terna propuesta para tener un asiento en el Foro Permanente para las Cuestiones Ind\u00edgenas en la ONU durante el per\u00edodo 2020-2022. Las otras dos candidatas son tambi\u00e9n mujeres de Ecuador y Per\u00fa.<\/p>\n\n\n\n<p class=\"wp-block-paragraph\"><br>En su momento, Pineda Santiago coment\u00f3 a este medio que recibi\u00f3 la invitaci\u00f3n para el puesto honorario por parte de la Secretar\u00eda de Relaciones Exteriores (SRE), que apoy\u00f3 y promocion\u00f3 la propuesta en los foros internacionales para que M\u00e9xico, a trav\u00e9s de su persona abandere la voz de los pueblos originarios de Am\u00e9rica.<\/p>\n\n\n\n<p class=\"wp-block-paragraph\"><br>Reconoci\u00f3 que las otras dos contendientes son representantes ind\u00edgenas con m\u00e1s larga trayectoria por lo consideraban muy dif\u00edcil dicho nombramiento, que hoy martes se concret\u00f3.<\/p>\n\n\n\n<p class=\"wp-block-paragraph\"><br>Irma Pineda Santiago naci\u00f3 en la S\u00e9ptima Secci\u00f3n del municipio de Juchit\u00e1n de Zaragoza, es hija del desaparecido l\u00edder campesino V\u00edctor Pineda Santiago y de la profesora C\u00e1ndida Santiago. Es licenciada en Comunicaci\u00f3n.<\/p>\n\n\n\n<p class=\"wp-block-paragraph\"><br>Es autora de casi una docena de libros biling\u00fces entre poemarios, traducciones y libros para ni\u00f1os. Su poes\u00eda ha sido traducida a varios idiomas como el italiano y el ruso. Es considerada una de la poetas m\u00e1s importantes de lenguas ind\u00edgenas en el pa\u00eds.&nbsp;<\/p>\n\n\n\n<p class=\"wp-block-paragraph\"><br>Actualmente se desempe\u00f1a como catedr\u00e1tica de la Universidad Pedag\u00f3gica Nacional (UPN) en Ciudad Ixtepec, en el Istmo.<\/p>\n","protected":false},"excerpt":{"rendered":"<p>Es zapoteca de origen, nacida en el istmo de Oaxaca Profesora y poeta, cuya obra ha sido traducida a varios idiomas Patricia Brise\u00f1o SemM\u00e9xico, Oaxaca, 8 mayo 2019.- La poeta zapoteca, Irma Pineda Santiago result\u00f3 electa para&nbsp; representar la voz de los pueblos ind\u00edgenas de toda Latinoam\u00e9rica y el Caribe ante la Organizaci\u00f3n de las [&hellip;]<\/p>\n","protected":false},"author":3,"featured_media":8044,"comment_status":"open","ping_status":"open","sticky":false,"template":"","format":"standard","meta":{"_monsterinsights_skip_tracking":false,"footnotes":""},"categories":[690,54],"tags":[],"class_list":["post-8043","post","type-post","status-publish","format-standard","has-post-thumbnail","category-690","category-mujeres"],"_links":{"self":[{"href":"https:\/\/redsemlac.com\/semmexico\/wp-json\/wp\/v2\/posts\/8043","targetHints":{"allow":["GET"]}}],"collection":[{"href":"https:\/\/redsemlac.com\/semmexico\/wp-json\/wp\/v2\/posts"}],"about":[{"href":"https:\/\/redsemlac.com\/semmexico\/wp-json\/wp\/v2\/types\/post"}],"author":[{"embeddable":true,"href":"https:\/\/redsemlac.com\/semmexico\/wp-json\/wp\/v2\/users\/3"}],"replies":[{"embeddable":true,"href":"https:\/\/redsemlac.com\/semmexico\/wp-json\/wp\/v2\/comments?post=8043"}],"version-history":[{"count":0,"href":"https:\/\/redsemlac.com\/semmexico\/wp-json\/wp\/v2\/posts\/8043\/revisions"}],"wp:featuredmedia":[{"embeddable":true,"href":"https:\/\/redsemlac.com\/semmexico\/wp-json\/wp\/v2\/media\/8044"}],"wp:attachment":[{"href":"https:\/\/redsemlac.com\/semmexico\/wp-json\/wp\/v2\/media?parent=8043"}],"wp:term":[{"taxonomy":"category","embeddable":true,"href":"https:\/\/redsemlac.com\/semmexico\/wp-json\/wp\/v2\/categories?post=8043"},{"taxonomy":"post_tag","embeddable":true,"href":"https:\/\/redsemlac.com\/semmexico\/wp-json\/wp\/v2\/tags?post=8043"}],"curies":[{"name":"wp","href":"https:\/\/api.w.org\/{rel}","templated":true}]}}