{"id":80370,"date":"2024-04-18T19:19:31","date_gmt":"2024-04-19T01:19:31","guid":{"rendered":"https:\/\/redsemlac.com\/semmexico\/?p=80370"},"modified":"2024-04-18T19:20:47","modified_gmt":"2024-04-19T01:20:47","slug":"disminuye-violencia-electoral-la-asistencia-a-votar-data-civica","status":"publish","type":"post","link":"https:\/\/redsemlac.com\/semmexico\/disminuye-violencia-electoral-la-asistencia-a-votar-data-civica\/","title":{"rendered":"Disminuye violencia electoral la asistencia a votar: Data C\u00edvica\u00a0"},"content":{"rendered":"\n<ul class=\"wp-block-list\">\n<li>Mil 400 v\u00edctimas de 2018 a 2023 en alcald\u00edas, sindicaturas y regidur\u00edas<\/li>\n\n\n\n<li>En Guerrero hay que pedir permiso para hacer campa\u00f1a revela candidata<\/li>\n<\/ul>\n\n\n\n<p class=\"wp-block-paragraph\">Elda Montiel<\/p>\n\n\n\n<p class=\"wp-block-paragraph\">SemM\u00e9xico. Ciudad de M\u00e9xico. 17 de abril 2024.- La violencia electoral por parte de grupo criminales en el pa\u00eds disminuye la asistencia a votar, aumenta las sustituciones de funcionarios de casillas en el d\u00eda de la elecci\u00f3n, las agresiones ocurren principalmente a nivel municipal, ya que as\u00ed construyen sus controles territoriales.<\/p>\n\n\n\n<p class=\"wp-block-paragraph\">Para Sandra Ley, coordinadora del Programa de Seguridad de M\u00e9xico Eval\u00faa, este tipo de ataques afecta en la percepci\u00f3n de la gente que vota, pues lo que quiere el crimen es precisamente mantener esa percepci\u00f3n de temor. Afectan de manera directa el resultado en las urnas y en la democracia, se\u00f1alan Data C\u00edvica, M\u00e9xico Eval\u00faa y Animal Pol\u00edtico, durante la presentaci\u00f3n del Proyecto \u201cVotar entre balas\u201d<\/p>\n\n\n\n<p class=\"wp-block-paragraph\">Por cada agresi\u00f3n contra una persona candidata, se registr\u00f3 una disminuci\u00f3n de 1.3 por ciento, en promedio en la asistencia de la ciudadan\u00eda a votar entre las elecciones de 2018 y 2021. Adem\u00e1s, la sustituci\u00f3n del funcionariado de casillas por las primeras personas que se forman en la fila el d\u00eda de la elecci\u00f3n fue de 8.6 por ciento, por arriba del promedio nacional de 3.9 por ciento.<\/p>\n\n\n\n<p class=\"wp-block-paragraph\">Las agresiones se concentran en 77 por ciento a nivel municipal con mil 400 v\u00edctimas registradas entre 2018 y 2023, en alcald\u00edas, sindicaturas y regidur\u00edas. Los estados del pa\u00eds con m\u00e1s ataques se encuentran Guerrero, Guanajuato, Veracruz y Oaxaca.<\/p>\n\n\n\n<p class=\"wp-block-paragraph\">Para asumir una candidatura en Guerrero \u201chay que pedir permiso, si no lo haces te desaparecen\u201d, se\u00f1alan candidatas de Morena que pidieron mantener su anonimato. Lo quele interesa al narco es que el presupuesto p\u00fablico llegue a sus manos y ejercerlo como quieran<strong>, <\/strong>\u201cellos tienen sus propias constructoras que ganan contratos de manera directa\u201d, dir\u00e1 en otra entrevista un aspirante del PRD, y tambi\u00e9n el control de la polic\u00eda municipal, de los agentes de tr\u00e1nsito, y del aparato burocr\u00e1tico, administrativo, y hasta de la recaudaci\u00f3n municipal.&nbsp;<\/p>\n\n\n\n<p class=\"wp-block-paragraph\">En este contexto Data C\u00edvica, M\u00e9xico Eval\u00faa y Animal Pol\u00edtico emite algunas recomendaciones de pol\u00edtica p\u00fablica, entre las que destaca: Que los partidos pol\u00edticos asuman su responsabilidad y no postulen candidatos cuyas trayectorias y v\u00ednculos abonan a procesos de violencia, colusi\u00f3n e impunidad; y que autoridades electorales utilicen los datos disponibles para identificar tendencias y objetivos y se puedan generar planes de prevenci\u00f3n y protecci\u00f3n, entre otras medidas.<\/p>\n\n\n\n<p class=\"wp-block-paragraph\">Adem\u00e1s de fortalecer la profesionalizaci\u00f3n de las corporaciones de seguridad municipales y que se garantice por parte de las autoridades judiciales el puntual seguimiento a la investigaci\u00f3n y sanci\u00f3n de los culpables.<\/p>\n\n\n\n<p class=\"wp-block-paragraph\">Concluyeron que es importante que el sexenio que est\u00e1 por comenzar tome cartas en el asunto y considere en su agenda de administraci\u00f3n esta situaci\u00f3n.<\/p>\n\n\n\n<p class=\"wp-block-paragraph\">Aumenta la violencia<\/p>\n\n\n\n<p class=\"wp-block-paragraph\">Adem\u00e1s, por cada ataque a funcionarios p\u00fablicos, al a\u00f1o siguiente aumenta cinco puntos la tasa de homicidios en el municipio. Como ejemplo, en Atoyac, Veracruz, el presidente municipal suplente fue secuestrado y posteriormente asesinado a principios de 2019, despu\u00e9s de lo cual se dispar\u00f3 casi cinco veces la tasa de homicidios.<\/p>\n\n\n\n<p class=\"wp-block-paragraph\">En San Pedro Tlaquepaque, Jalisco, donde la participaci\u00f3n electoral baj\u00f3 de 54 por ciento a 21 por ciento despu\u00e9s del periodo electoral de 2018, hubo un ataque contra un regidor, pero en el de 2021 sumaron tres, contra la presidenta municipal y dos exfuncionarios de seguridad.<\/p>\n\n\n\n<p class=\"wp-block-paragraph\">En Apaseo el Grande, Guanajuato, que tuvo una ca\u00edda de la participaci\u00f3n de 50 por ciento a 39 por ciento tras el asesinato de un candidato a regidor y dos militantes de partidos en 2021, y la sustituci\u00f3n de funcionarios de casilla subi\u00f3 de 12 a 19 por ciento.<\/p>\n\n\n\n<p class=\"wp-block-paragraph\"><strong>Crimen organizado por el control territorial<\/strong><\/p>\n\n\n\n<p class=\"wp-block-paragraph\">\u201cEl inter\u00e9s de las organizaciones criminales est\u00e1 en el nivel local, ya que as\u00ed es como construyen sus controles territoriales: localidad por localidad, para consecuentemente controlar municipios y regiones enteras\u201d, se\u00f1ala el informe presentado.&nbsp;&nbsp;<\/p>\n\n\n\n<p class=\"wp-block-paragraph\">Otro, apartado que incluye el reporte es que en realidad todos los partidos pol\u00edticos son afectados con este tipo de agresiones y asesinatos, un cuarto de las v\u00edctimas era de Morena. Cabe mencionar que, si se considera que el PAN, PRI y PRD han competido como coalici\u00f3n en la mayor parte de los municipios, este grupo de oposici\u00f3n concentra m\u00e1s del 40 por ciento de los ataques.&nbsp;&nbsp;<\/p>\n\n\n\n<p class=\"wp-block-paragraph\"><strong>Ernesto N\u00fa\u00f1ez, subdirector de Animal Pol\u00edtico,<\/strong>&nbsp;se\u00f1al\u00f3 que desde el medio aportar\u00e1n con reportajes period\u00edsticos para mostrar la violencia que se est\u00e1 viviendo en el pa\u00eds, sobre todo en algunos municipios.&nbsp; L<strong>a periodista Olivia Zer\u00f3n&nbsp;<\/strong>mencion\u00f3 que no se trata de contabilizar las muertes sino de entender e investigar por qu\u00e9 sucede.<\/p>\n\n\n\n<p class=\"wp-block-paragraph\"><strong>En seis a\u00f1os: 162 v\u00edctimas vinculadas a elecciones en Veracruz <\/strong><strong><\/strong><\/p>\n\n\n\n<p class=\"wp-block-paragraph\">En Veracruz, del 1 de enero de 2018 al 13 de abril de 2024 se han registrado 162 v\u00edctimas de asesinatos, amenazas, secuestros, ataques armados, desapariciones y atentados a autoridades de elecci\u00f3n popular, candidatos, integrantes de partido, familiares, fuerzas de seguridad fuera de combate y funcionarios.<\/p>\n\n\n\n<p class=\"wp-block-paragraph\">Con esa cifra, Veracruz agrupa al 9.52 por ciento de las v\u00edctimas en el pa\u00eds y se se\u00f1ala que de los 162 eventos registrados en la entidad se han reportado 108 asesinatos, 16 de estos contra candidatos, 19 contra funcionarios, 22 contra autoridades de elecci\u00f3n popular, 27 contra fuerzas de seguridad fuera de combate y nueve contra integrantes de partidos pol\u00edticos.<\/p>\n\n\n\n<p class=\"wp-block-paragraph\">De los 108 asesinatos, 16 fueron contra personas candidatas, 19 contra funcionarios, 22 contra autoridades de elecci\u00f3n popular, 15 en contra de familiares, nueve se perpetraron contra integrantes de partido y 27 contra fuerzas de seguridad fuera de combate.<\/p>\n\n\n\n<p class=\"wp-block-paragraph\">El reporte de Data C\u00edvica revela que los municipios con m\u00e1s agresiones, secuestros, asesinatos, ataques armados contra candidatos, funcionarios, miembros de partidos pol\u00edticos son; C\u00f3rdoba con 10, Acayucan con nueve; Tecolutla y Yanga con siete cada uno, P\u00e1nuco con seis y Rafael Delgado con cinco.<\/p>\n\n\n\n<p class=\"wp-block-paragraph\">SEM\/em\/sj<\/p>\n","protected":false},"excerpt":{"rendered":"<p>La violencia electoral por parte de grupo criminales en el pa\u00eds disminuye la asistencia a votar, aumenta las sustituciones de funcionarios de casillas en el d\u00eda de la elecci\u00f3n, las agresiones ocurren principalmente a nivel municipal, ya que as\u00ed construyen sus controles territoriales.<\/p>\n","protected":false},"author":3,"featured_media":80371,"comment_status":"open","ping_status":"open","sticky":false,"template":"","format":"standard","meta":{"_monsterinsights_skip_tracking":false,"footnotes":""},"categories":[141],"tags":[],"class_list":["post-80370","post","type-post","status-publish","format-standard","has-post-thumbnail","category-elecciones-2020-2021"],"_links":{"self":[{"href":"https:\/\/redsemlac.com\/semmexico\/wp-json\/wp\/v2\/posts\/80370","targetHints":{"allow":["GET"]}}],"collection":[{"href":"https:\/\/redsemlac.com\/semmexico\/wp-json\/wp\/v2\/posts"}],"about":[{"href":"https:\/\/redsemlac.com\/semmexico\/wp-json\/wp\/v2\/types\/post"}],"author":[{"embeddable":true,"href":"https:\/\/redsemlac.com\/semmexico\/wp-json\/wp\/v2\/users\/3"}],"replies":[{"embeddable":true,"href":"https:\/\/redsemlac.com\/semmexico\/wp-json\/wp\/v2\/comments?post=80370"}],"version-history":[{"count":0,"href":"https:\/\/redsemlac.com\/semmexico\/wp-json\/wp\/v2\/posts\/80370\/revisions"}],"wp:featuredmedia":[{"embeddable":true,"href":"https:\/\/redsemlac.com\/semmexico\/wp-json\/wp\/v2\/media\/80371"}],"wp:attachment":[{"href":"https:\/\/redsemlac.com\/semmexico\/wp-json\/wp\/v2\/media?parent=80370"}],"wp:term":[{"taxonomy":"category","embeddable":true,"href":"https:\/\/redsemlac.com\/semmexico\/wp-json\/wp\/v2\/categories?post=80370"},{"taxonomy":"post_tag","embeddable":true,"href":"https:\/\/redsemlac.com\/semmexico\/wp-json\/wp\/v2\/tags?post=80370"}],"curies":[{"name":"wp","href":"https:\/\/api.w.org\/{rel}","templated":true}]}}