{"id":8036,"date":"2019-05-08T19:00:56","date_gmt":"2019-05-08T19:00:56","guid":{"rendered":"https:\/\/redsemlac.com\/semmexico\/?p=8036"},"modified":"2023-07-21T14:48:36","modified_gmt":"2023-07-21T19:48:36","slug":"chihuahua-esta-en-vigilia","status":"publish","type":"post","link":"https:\/\/redsemlac.com\/semmexico\/chihuahua-esta-en-vigilia\/","title":{"rendered":"Chihuahua est\u00e1 en vigilia"},"content":{"rendered":"\n<p class=\"wp-block-paragraph\">\u00a1Nos est\u00e1n Matando \u00a1<\/p>\n\n\n\n<h5 class=\"wp-block-heading\"> Llaman a una marcha del silencio.<\/h5>\n\n\n\n<p class=\"wp-block-paragraph\"><a href=\"https:\/\/semmexico.com\/gallery-post.php?id=8106#\">Redacci\u00f3n<\/a><\/p>\n\n\n\n<p class=\"wp-block-paragraph\">SemM\u00e9xico. Chihuahua. 8 de mayo de 2019.- Las organizaciones de la sociedad civil, colectivas y redes feministas y de derechos humanos de la ciudad de Chihuahua, se\u00f1alan que las mujeres se siguen sintiendo afectadas por la violencia feminicida e impunidad que prevalece en el municipio de Chihuahua y el resto del estado.&nbsp;&nbsp;Exigen presupuestos sensibles al g\u00e9nero suficientes y eficaces. Convocan a una marcha el pr\u00f3ximo 25 de mayo.<\/p>\n\n\n\n<p class=\"wp-block-paragraph\">A pesar de haber participado en las denuncias, en la construcci\u00f3n de pol\u00edticas p\u00fablicas y legislativas, hemos capacitado a diversos actores al servicio de la ciudadan\u00eda, en el desarrollo de conciencia ante los hechos violentos que vivimos todos los d\u00edas las y los chihuahuenses, acompa\u00f1amos a las v\u00edctimas de la violencia, hemos expuesto firmemente la necesidad de presupuestos sensibles al g\u00e9nero suficientes y eficaces.<\/p>\n\n\n\n<p class=\"wp-block-paragraph\">\u201cEXIGIMOS al gobierno federal, estatal y municipal a trav\u00e9s de todas sus instituciones Verdad, Justicia, Seguridad y Reparaci\u00f3n del da\u00f1o a la comunidad chihuahuense, frente a los feminicidios, desapariciones y la ola de violencia perpetrada en contra de ni\u00f1as, ni\u00f1os, adolescentes y mujeres en lo que va del a\u00f1o\u201d se\u00f1alan en un comunicado.<\/p>\n\n\n\n<p class=\"wp-block-paragraph\">Desde 1993, las mujeres han sido v\u00edctimas de atroces asesinatos, pero tambi\u00e9n las principales actoras en el desarrollo de acciones para combatirlos, sin nosotras, se\u00f1alan, nada se hubiera logrado, pero no es nuestra responsabilidad es del Estado Mexicano dar respuesta inmediata.<\/p>\n\n\n\n<p class=\"wp-block-paragraph\">\u201cLas Organizaciones de la sociedad civil, colectivas y pro personas que promovemos los derechos humanos y la protecci\u00f3n a las familias v\u00edctimas de la violencia somos estigmatizadas, minimizando el alto riesgo en el que estamos todos los d\u00edas, por se\u00f1alar a polic\u00edas que dejan en mayor riesgo a las v\u00edctimas de violencia familiar pues solo reportan faltas administrativas que terminan en muchos de los casos en feminicidios sin dar aviso a los ministerios p\u00fablicos por dar un ejemplo.<\/p>\n\n\n\n<p class=\"wp-block-paragraph\">Por ello, exigen el cumplimiento total de las acciones contenidas en los programas, uno del Derecho de las Mujeres a una Vida Libre de Violencia y dos el Programa de Igualdad entre Mujeres y Hombres.<\/p>\n\n\n\n<p class=\"wp-block-paragraph\">\u201cLas familias de las v\u00edctimas merecen justicia, conocer la verdad y la presentaci\u00f3n del o los culpables, con medidas ejemplares para que reciban el castigo que merecen, estas familias merecen tener a sus seres queridos y dejar de vivir en la incertidumbre de no saber d\u00f3nde est\u00e1n sus ausentes, las familias de Chihuahua merecemos poder transitar seguras, regresar a nuestras casas con bien y un trato respetuoso de nuestras autoridades, las familias merecemos poder dormir tranquilas en nuestras casas, transportarnos con seguridad y regresar seguras de que todos sus integrantes lo har\u00e1n de igual manera\u201d.<\/p>\n\n\n\n<p class=\"wp-block-paragraph\">Ante esta situaci\u00f3n, Chihuahua est\u00e1 en vigilia, dicen. Por ello convocan el s\u00e1bado 25 de mayo a las 19:00 horas en la Plaza Hidalgo, a recorrer en silencio el centro hist\u00f3rico y sumarnos a las voces de familias que claman justicia.<\/p>\n\n\n\n<p class=\"wp-block-paragraph\">SEM\/GR<br><\/p>\n","protected":false},"excerpt":{"rendered":"<p>\u00a1Nos est\u00e1n Matando \u00a1 Llaman a una marcha del silencio. Redacci\u00f3n SemM\u00e9xico. Chihuahua. 8 de mayo de 2019.- Las organizaciones de la sociedad civil, colectivas y redes feministas y de derechos humanos de la ciudad de Chihuahua, se\u00f1alan que las mujeres se siguen sintiendo afectadas por la violencia feminicida e impunidad que prevalece en el [&hellip;]<\/p>\n","protected":false},"author":3,"featured_media":8037,"comment_status":"open","ping_status":"open","sticky":false,"template":"","format":"standard","meta":{"_monsterinsights_skip_tracking":false,"footnotes":""},"categories":[690,54],"tags":[],"class_list":["post-8036","post","type-post","status-publish","format-standard","has-post-thumbnail","category-690","category-mujeres"],"_links":{"self":[{"href":"https:\/\/redsemlac.com\/semmexico\/wp-json\/wp\/v2\/posts\/8036","targetHints":{"allow":["GET"]}}],"collection":[{"href":"https:\/\/redsemlac.com\/semmexico\/wp-json\/wp\/v2\/posts"}],"about":[{"href":"https:\/\/redsemlac.com\/semmexico\/wp-json\/wp\/v2\/types\/post"}],"author":[{"embeddable":true,"href":"https:\/\/redsemlac.com\/semmexico\/wp-json\/wp\/v2\/users\/3"}],"replies":[{"embeddable":true,"href":"https:\/\/redsemlac.com\/semmexico\/wp-json\/wp\/v2\/comments?post=8036"}],"version-history":[{"count":0,"href":"https:\/\/redsemlac.com\/semmexico\/wp-json\/wp\/v2\/posts\/8036\/revisions"}],"wp:featuredmedia":[{"embeddable":true,"href":"https:\/\/redsemlac.com\/semmexico\/wp-json\/wp\/v2\/media\/8037"}],"wp:attachment":[{"href":"https:\/\/redsemlac.com\/semmexico\/wp-json\/wp\/v2\/media?parent=8036"}],"wp:term":[{"taxonomy":"category","embeddable":true,"href":"https:\/\/redsemlac.com\/semmexico\/wp-json\/wp\/v2\/categories?post=8036"},{"taxonomy":"post_tag","embeddable":true,"href":"https:\/\/redsemlac.com\/semmexico\/wp-json\/wp\/v2\/tags?post=8036"}],"curies":[{"name":"wp","href":"https:\/\/api.w.org\/{rel}","templated":true}]}}