{"id":8033,"date":"2019-05-13T18:59:07","date_gmt":"2019-05-13T18:59:07","guid":{"rendered":"https:\/\/redsemlac.com\/semmexico\/?p=8033"},"modified":"2023-07-21T14:49:16","modified_gmt":"2023-07-21T19:49:16","slug":"firman-candidatos-del-pan-acuerdo-contra-el-aborto-y-matrimonio-igualitario","status":"publish","type":"post","link":"https:\/\/redsemlac.com\/semmexico\/firman-candidatos-del-pan-acuerdo-contra-el-aborto-y-matrimonio-igualitario\/","title":{"rendered":"Firman candidatos del PAN acuerdo contra el aborto y matrimonio igualitario"},"content":{"rendered":"\n<p class=\"wp-block-paragraph\">A petici\u00f3n del movimiento Salvemos las Dos Vidas, firmaron el documento<\/p>\n\n\n\n<h5 class=\"wp-block-heading\"> El dirigente municipal del PAN en Mexicali, Javier Guti\u00e9rrez Vidal, inform\u00f3 del compromiso firmado por los candidatos de su partido en contra del aborto y el matrimonio igualitario.<\/h5>\n\n\n\n<p class=\"wp-block-paragraph\"><a href=\"https:\/\/semmexico.com\/gallery-post.php?id=8147#\">Redacci\u00f3n<\/a><\/p>\n\n\n\n<p class=\"wp-block-paragraph\"><strong>Luis Arellano Sarmiento<\/strong><\/p>\n\n\n\n<p class=\"wp-block-paragraph\">SemM\u00e9xico\/La Jornada Baja California. Mexicali. 13 de mayo 2019.- Los candidatos del Partido Acci\u00f3n Nacional (PAN) firmaron un documento donde se comprometen a incluir en su plataforma de campa\u00f1a, que est\u00e1n en contra del aborto y el matrimonio entre personas del mismo sexo, indic\u00f3 el dirigente municipal en Mexicali, Javier Guti\u00e9rrez Vidal.<\/p>\n\n\n\n<p class=\"wp-block-paragraph\">A petici\u00f3n del movimiento Salvemos las Dos Vidas, firmaron el documento el candidato a gobernador, los cinco aspirantes a presidentes municipales del estado y los 17 candidatos a diputados, explic\u00f3 el presidente del PAN en Mexicali.<\/p>\n\n\n\n<p class=\"wp-block-paragraph\">\u201cSon compromisos por la vida, la familia y la libertad religiosa\u201d, detall\u00f3 el ex diputado federal panista.<\/p>\n\n\n\n<p class=\"wp-block-paragraph\">Guti\u00e9rrez Vidal refiri\u00f3 que, en el Congreso de la Uni\u00f3n otros partidos pol\u00edticos han presentado 17 iniciativas que pretenden la legalizaci\u00f3n del aborto en todo M\u00e9xico, por lo que la bancada del PAN se ha manifestado en contra de esas iniciativas.<\/p>\n\n\n\n<p class=\"wp-block-paragraph\">Entre los puntos que firmaron los candidatos a diputados, est\u00e1 el respeto a la vida desde la concepci\u00f3n hasta la muerte natural, promover la adopci\u00f3n de hijos de madres producto de un embarazo inesperado, mecanismos seguros para la entrega legal de los menores sin caer en situaciones de riesgo a la salud y con seguridad jur\u00eddica.<\/p>\n\n\n\n<p class=\"wp-block-paragraph\">Del mismo modo, el documento establece el derecho de los padres a educar a sus hijos de acuerdo a su convicci\u00f3n \u201crechazando la imposici\u00f3n de los planes de estudio con ideolog\u00eda contrarias a los principios y valores morales, familiares, tales como la ideolog\u00eda de g\u00e9nero\u201d.<\/p>\n\n\n\n<p class=\"wp-block-paragraph\">Tambi\u00e9n, que se apoye programas educativos que promuevan valores y conductas sanas entre los j\u00f3venes y adolescentes, adem\u00e1s del fortalecimiento de la instituci\u00f3n del matrimonio entre hombre y mujer.<\/p>\n\n\n\n<p class=\"wp-block-paragraph\">SEM\/La Jornada Baja California<\/p>\n","protected":false},"excerpt":{"rendered":"<p>A petici\u00f3n del movimiento Salvemos las Dos Vidas, firmaron el documento El dirigente municipal del PAN en Mexicali, Javier Guti\u00e9rrez Vidal, inform\u00f3 del compromiso firmado por los candidatos de su partido en contra del aborto y el matrimonio igualitario. Redacci\u00f3n Luis Arellano Sarmiento SemM\u00e9xico\/La Jornada Baja California. Mexicali. 13 de mayo 2019.- Los candidatos del [&hellip;]<\/p>\n","protected":false},"author":3,"featured_media":8034,"comment_status":"open","ping_status":"open","sticky":false,"template":"","format":"standard","meta":{"_monsterinsights_skip_tracking":false,"footnotes":""},"categories":[690,56],"tags":[],"class_list":["post-8033","post","type-post","status-publish","format-standard","has-post-thumbnail","category-690","category-redes"],"_links":{"self":[{"href":"https:\/\/redsemlac.com\/semmexico\/wp-json\/wp\/v2\/posts\/8033","targetHints":{"allow":["GET"]}}],"collection":[{"href":"https:\/\/redsemlac.com\/semmexico\/wp-json\/wp\/v2\/posts"}],"about":[{"href":"https:\/\/redsemlac.com\/semmexico\/wp-json\/wp\/v2\/types\/post"}],"author":[{"embeddable":true,"href":"https:\/\/redsemlac.com\/semmexico\/wp-json\/wp\/v2\/users\/3"}],"replies":[{"embeddable":true,"href":"https:\/\/redsemlac.com\/semmexico\/wp-json\/wp\/v2\/comments?post=8033"}],"version-history":[{"count":0,"href":"https:\/\/redsemlac.com\/semmexico\/wp-json\/wp\/v2\/posts\/8033\/revisions"}],"wp:featuredmedia":[{"embeddable":true,"href":"https:\/\/redsemlac.com\/semmexico\/wp-json\/wp\/v2\/media\/8034"}],"wp:attachment":[{"href":"https:\/\/redsemlac.com\/semmexico\/wp-json\/wp\/v2\/media?parent=8033"}],"wp:term":[{"taxonomy":"category","embeddable":true,"href":"https:\/\/redsemlac.com\/semmexico\/wp-json\/wp\/v2\/categories?post=8033"},{"taxonomy":"post_tag","embeddable":true,"href":"https:\/\/redsemlac.com\/semmexico\/wp-json\/wp\/v2\/tags?post=8033"}],"curies":[{"name":"wp","href":"https:\/\/api.w.org\/{rel}","templated":true}]}}