{"id":8030,"date":"2019-05-09T18:56:54","date_gmt":"2019-05-09T18:56:54","guid":{"rendered":"https:\/\/redsemlac.com\/semmexico\/?p=8030"},"modified":"2023-07-21T14:49:16","modified_gmt":"2023-07-21T19:49:16","slug":"madre-y-estudiante-la-otra-inclusion","status":"publish","type":"post","link":"https:\/\/redsemlac.com\/semmexico\/madre-y-estudiante-la-otra-inclusion\/","title":{"rendered":"Madre y estudiante, la otra inclusi\u00f3n"},"content":{"rendered":"\n<p class=\"wp-block-paragraph\">La UTVCO instal\u00f3 una sala de lactancia para estudiantes y trabajadoras<\/p>\n\n\n\n<h5 class=\"wp-block-heading\"> Ser madre no debe impedir seguir estudiando, dice la rectora<\/h5>\n\n\n\n<p class=\"wp-block-paragraph\"><a href=\"https:\/\/semmexico.com\/gallery-post.php?id=8111#\">Patricia Brise\u00f1o<\/a><\/p>\n\n\n\n<p class=\"wp-block-paragraph\">SemM\u00e9xico, Oaxaca, 9 mayo 2019.- El d\u00eda en que Blanca, de 20 a\u00f1os de edad, estudiante de Gastronom\u00eda, se enter\u00f3 de su embarazo se le vino el mundo encima, apenas un a\u00f1o atr\u00e1s hab\u00eda resuelto vivir con su pareja.<\/p>\n\n\n\n<p class=\"wp-block-paragraph\">\u201cNo quer\u00eda \u2018sacrificar\u2019 mi carrera, para abocarme a la maternidad; despu\u00e9s de todo, acept\u00e9 casarme con la condici\u00f3n de concluir la carrera y ejercerla\u201d, recuerda.<\/p>\n\n\n\n<p class=\"wp-block-paragraph\">Pero, no se agobi\u00f3 y disfrut\u00f3 su embarazo, sin que esta condici\u00f3n afectara su desarrollo acad\u00e9mico en las aulas de la Universidad Tecnol\u00f3gica de los Valles Centrales de Oaxaca (UTVCO), ubicada en el municipio de San Pablo Huixtepec, a unos 36 kil\u00f3metros al sur de la ciudad de Oaxaca.<\/p>\n\n\n\n<p class=\"wp-block-paragraph\">Entre fogones, comida org\u00e1nica, postres y festivales gastron\u00f3micos, lleg\u00f3 el momento del alumbramiento en un ambiente c\u00e1lido.<\/p>\n\n\n\n<p class=\"wp-block-paragraph\">Al paso de los d\u00edas, entre los descansos y clases, recib\u00eda a su beb\u00e9 \u2013 que le llevaba su esposo o una familiar\u2014para amamantarla.<\/p>\n\n\n\n<p class=\"wp-block-paragraph\">\u201cYo le di el pecho debajo de la sombra de un \u00e1rbol, dentro de los sanitarios o en un sal\u00f3n de clases vac\u00edo. S\u00ed, nos escondimos, por temor a la cr\u00edtica\u201d, recuerda la hoy chef.<\/p>\n\n\n\n<p class=\"wp-block-paragraph\">En el a\u00f1o 2017, cinco meses despu\u00e9s de rendir protesta como rectora de la UTVCO, Nydia Delhi Mata S\u00e1nchez, impuls\u00f3 generar ambientes de aceptaci\u00f3n y buen trato, que favorezcan la inclusi\u00f3n y la permanencia escolar en igualdad de condiciones para estudiantes embarazadas, madres y padres j\u00f3venes.<\/p>\n\n\n\n<p class=\"wp-block-paragraph\">\u201cEl embarazo, maternidad, lactancia, en ning\u00fan caso son impedimento para ingresar o permanecer en las escuelas particulares y p\u00fablicas.<\/p>\n\n\n\n<p class=\"wp-block-paragraph\">\u201cComo responsables de las Universidades debemos otorgar las facilidades acad\u00e9micas y administrativas, y las medidas de apoyo correspondientes para resguardar el derecho a la educaci\u00f3n y prevenir la deserci\u00f3n escolar.<\/p>\n\n\n\n<p class=\"wp-block-paragraph\">En entrevista, la tambi\u00e9n maestra en Ciencias Empresariales, asevera que la instituci\u00f3n a su cargo es la primera de nivel superior en el estado en contar con una Sala de Lactancia.<\/p>\n\n\n\n<p class=\"wp-block-paragraph\">Su objetivo, apunta, es evitar la deserci\u00f3n escolar de estudiantes madres, esta iniciativa, adem\u00e1s, incluye el acompa\u00f1amiento de servicio m\u00e9dico b\u00e1sico para los beb\u00e9s.<\/p>\n\n\n\n<p class=\"wp-block-paragraph\">El espacio est\u00e1 acondicionado para que las madres alimenten a sus beb\u00e9s, les cambien el pa\u00f1al y despu\u00e9s vuelvan a sus actividades escolares, o bien, se extraigan la leche, la depositen en biber\u00f3n y lo conserven en un refrigerador.<\/p>\n\n\n\n<p class=\"wp-block-paragraph\">El programa de apoyo a madres estudiantes a trav\u00e9s de la Sala de Lactancia inici\u00f3 en julio de 2017, para brindar un espacio digno y saludable para las madres estudiantes y sus beb\u00e9s. Se inici\u00f3 brindando atenci\u00f3n a tres colaboradoras de la instituci\u00f3n y cuatro alumnas.<\/p>\n\n\n\n<p class=\"wp-block-paragraph\">Adem\u00e1s de ocupar el espacio para la lactancia de los neonatos, tambi\u00e9n se dispuso de un \u00e1rea para almacenar leche materna, ya que se cuenta con el equipo necesario de refrigeraci\u00f3n y almacenamiento, para que al t\u00e9rmino de la jornada laboral o clases, en un termo porten la leche materna para ofrecerla posteriormente a las y los bebes.<\/p>\n\n\n\n<p class=\"wp-block-paragraph\">En 2017, hubo un total de 10 estudiantes embarazadas entre los 19 y 24 a\u00f1os de edad realizando su preparaci\u00f3n acad\u00e9mica en diversas carreras. En el 2018 se registr\u00f3 un total de ocho embarazos de estudiantes que se encontraban en el rango de edad de 19 a 22 a\u00f1os.<\/p>\n\n\n\n<p class=\"wp-block-paragraph\">Del periodo 2017-2019 se han atendido 19 casos de estudiantes embarazadas; 10 de ellas ya egresaron, cinco contin\u00faan estudiando (tres de ellas est\u00e1n por titularse de Ingenier\u00eda) y cuatro dejaron las aulas.<\/p>\n\n\n\n<p class=\"wp-block-paragraph\">En lo que va de este a\u00f1o 2019, s\u00f3lo hay una estudiante embarazada que terminar\u00e1 su etapa gestaci\u00f3n en junio pr\u00f3ximo, asimismo, dos trabajadoras de la UTVCO utilizaron la sala de lactancia en enero.<\/p>\n\n\n\n<p class=\"wp-block-paragraph\">La disminuci\u00f3n de los embarazos entre estudiantes ha sido posible por la implementaci\u00f3n de programas de planificaci\u00f3n familiar con m\u00e9todos anticonceptivos, un trabajo coordinado por el \u00e1rea de Servicios M\u00e9dico de la UTVCO y la Unidad M\u00e9dica Familiar No. 065 del Instituto Mexicano del Seguro Social, que dio inici\u00f3 en el mes de septiembre de 2018, logrando disminuir en un 90 por ciento el \u00edndice de embarazos, teniendo como referencia 10 embarazos por a\u00f1o.<\/p>\n\n\n\n<p class=\"wp-block-paragraph\">Actualmente, se encuentran inscritas en el programa de planificaci\u00f3n 40 alumnas que mes con mes reciben m\u00e9todos anticonceptivos y seguimiento a su control de manera gratuita, adem\u00e1s de realizarse nuevos ingresos a estudiantes que as\u00ed lo deseen.<\/p>\n\n\n\n<p class=\"wp-block-paragraph\">La vinculaci\u00f3n de la UTVCO con el Consejo Estatal para la Prevenci\u00f3n y Control del Sida y los Servicios de Salud de Oaxaca, han permitido una atenci\u00f3n oportuna a la comunidad universitaria en temas de prevenci\u00f3n de enfermedades de transmisi\u00f3n sexual.<\/p>\n\n\n\n<p class=\"wp-block-paragraph\">SEM\/pb\/sj<\/p>\n","protected":false},"excerpt":{"rendered":"<p>La UTVCO instal\u00f3 una sala de lactancia para estudiantes y trabajadoras Ser madre no debe impedir seguir estudiando, dice la rectora Patricia Brise\u00f1o SemM\u00e9xico, Oaxaca, 9 mayo 2019.- El d\u00eda en que Blanca, de 20 a\u00f1os de edad, estudiante de Gastronom\u00eda, se enter\u00f3 de su embarazo se le vino el mundo encima, apenas un a\u00f1o [&hellip;]<\/p>\n","protected":false},"author":3,"featured_media":8031,"comment_status":"open","ping_status":"open","sticky":false,"template":"","format":"standard","meta":{"_monsterinsights_skip_tracking":false,"footnotes":""},"categories":[690,54],"tags":[],"class_list":["post-8030","post","type-post","status-publish","format-standard","has-post-thumbnail","category-690","category-mujeres"],"_links":{"self":[{"href":"https:\/\/redsemlac.com\/semmexico\/wp-json\/wp\/v2\/posts\/8030","targetHints":{"allow":["GET"]}}],"collection":[{"href":"https:\/\/redsemlac.com\/semmexico\/wp-json\/wp\/v2\/posts"}],"about":[{"href":"https:\/\/redsemlac.com\/semmexico\/wp-json\/wp\/v2\/types\/post"}],"author":[{"embeddable":true,"href":"https:\/\/redsemlac.com\/semmexico\/wp-json\/wp\/v2\/users\/3"}],"replies":[{"embeddable":true,"href":"https:\/\/redsemlac.com\/semmexico\/wp-json\/wp\/v2\/comments?post=8030"}],"version-history":[{"count":0,"href":"https:\/\/redsemlac.com\/semmexico\/wp-json\/wp\/v2\/posts\/8030\/revisions"}],"wp:featuredmedia":[{"embeddable":true,"href":"https:\/\/redsemlac.com\/semmexico\/wp-json\/wp\/v2\/media\/8031"}],"wp:attachment":[{"href":"https:\/\/redsemlac.com\/semmexico\/wp-json\/wp\/v2\/media?parent=8030"}],"wp:term":[{"taxonomy":"category","embeddable":true,"href":"https:\/\/redsemlac.com\/semmexico\/wp-json\/wp\/v2\/categories?post=8030"},{"taxonomy":"post_tag","embeddable":true,"href":"https:\/\/redsemlac.com\/semmexico\/wp-json\/wp\/v2\/tags?post=8030"}],"curies":[{"name":"wp","href":"https:\/\/api.w.org\/{rel}","templated":true}]}}