{"id":80268,"date":"2024-04-16T14:42:22","date_gmt":"2024-04-16T20:42:22","guid":{"rendered":"https:\/\/redsemlac.com\/semmexico\/?p=80268"},"modified":"2024-04-16T14:43:18","modified_gmt":"2024-04-16T20:43:18","slug":"opinion-contra-el-asilo","status":"publish","type":"post","link":"https:\/\/redsemlac.com\/semmexico\/opinion-contra-el-asilo\/","title":{"rendered":"Contra el asilo"},"content":{"rendered":"\n<p class=\"wp-block-paragraph\">&nbsp;David Mart\u00edn del Campo<\/p>\n\n\n\n<p class=\"wp-block-paragraph\">SemM\u00e9xico, Ciudad de M\u00e9xico,&nbsp; 16 de abril, 2024.-Sin demasiadas explicaciones la prima Evangelina lleg\u00f3 a casa desde Guadalajara. \u201cViene a pasar unos d\u00edas para cambiar de aires\u201d, asegur\u00f3 mi padre. \u201cQuiere probar fuera de su casa\u201d, la excus\u00f3 mi madre, as\u00ed que le cedimos nuestra rec\u00e1mara y nos hicimos bolas. Muy pronto hall\u00f3 empleo en el Sears que estaba cruzando la avenida, y tan en paz. As\u00ed pas\u00f3 varias semanas en casa, ella tan discreta, desayunando en silencio, mirando la tele por las tardes y hablando apenas de su circunstancia.<\/p>\n\n\n\n<p class=\"wp-block-paragraph\">No la molesten con sus preguntas, nos advirtieron, toda vez que s\u00f3lo la hab\u00edamos visto en una ocasi\u00f3n. Me parece que una boda. Y as\u00ed, en total reserva, un d\u00eda nos anunciaron que la famosa prima se regresaba a su casa. Abandon\u00f3 el departamento de boneter\u00eda donde se desempe\u00f1aba (alguna vez fuimos a importunarla), y nos devolvi\u00f3 la rec\u00e1mara. Adi\u00f3s, Evangelina.<\/p>\n\n\n\n<p class=\"wp-block-paragraph\">El asilo se define como \u201cun lugar donde se recoge y asiste a personas desvalidas\u201d, y en su acepci\u00f3n diplom\u00e1tica como eso, \u201cprotecci\u00f3n que un estado concede a un extranjero que es perseguido por motivos pol\u00edticos\u201d. Es el caso del ex vicepresidente de Ecuador, Jorge Glas. El 5 de abril pasado se encontraba resguardado en la embajada mexicana en Quito, cuando la fuerza p\u00fablica violent\u00f3 la reja y se introdujo con sa\u00f1a para secuestrar al asilado, ante el asombro de la embajadora Raquel Serur. Lo dem\u00e1s es historia.<\/p>\n\n\n\n<p class=\"wp-block-paragraph\">El asalto deriv\u00f3 en el rompimiento de relaciones diplom\u00e1ticas con Ecuador y el retiro del personal diplom\u00e1tico de la representaci\u00f3n consular. Como nunca. Recu\u00e9rdese que el Tratado de Viena (1961) firmado por los pa\u00edses integrantes de la ONU establece que las sedes diplom\u00e1ticas en el extranjero son inviolables y no podr\u00e1n se sujeto de ning\u00fan tipo de requisa. As\u00ed pues, la noche del 5 de abril el presidente Daniel Noboa decidi\u00f3 el asalto a la embajada de M\u00e9xico bajo el argumento de que el ex presidente Glas est\u00e1 acusado \u201cde malversar fondos destinados a la reconstrucci\u00f3n de Manab\u00ed\u201d, tras el terremoto de 2016.<\/p>\n\n\n\n<p class=\"wp-block-paragraph\">La violencia contra las sedes diplom\u00e1ticas (y el derecho de asilo que presuponen) es lo de hoy. Recu\u00e9rdese el ataque al consulado de Ir\u00e1n en Damasco, el primero de mes, cuando la aviaci\u00f3n israel\u00ed lo destruy\u00f3 matando a sus ocho ocupantes, entre ellos el general Mohamed Reza Zahedi. Era uno de los dirigentes de la Guardia Revolucionaria de Ir\u00e1n, y se encargaba del apoyo a Hizbol\u00e1 (\u201cel Partido de Al\u00e1\u201d) en L\u00edbano. Desde ah\u00ed supervisaba el apoyo log\u00edstico a esa facci\u00f3n terrorista enemiga de Israel, encargada del lanzamiento de misiles contra el estado jud\u00edo desde octubre pasado, cuando el asalto de Hamas desde la franja de Gaza.<\/p>\n\n\n\n<p class=\"wp-block-paragraph\">Consulados y embajadas que son atacadas sin m\u00e1s, como el antecedente de noviembre de 1979, cuando la embajada de Estados Unidos fue asaltada por una hueste de \u201cestudiantes revolucionarios\u201d afines al ayatola Jomeini, que hab\u00eda depuesto al sha Reza Pahlevi. La ocupaci\u00f3n (y secuestro) de 52 empleados de la embajada durante m\u00e1s de un a\u00f1o, ocasionar\u00eda la derrota del presidente James Carter en las elecciones de 1980. \u00bfMe escuchas, Joseph Biden?<\/p>\n\n\n\n<p class=\"wp-block-paragraph\">Todo esto recuerda la proeza de Gonzalo Mart\u00ednez Corbal\u00e1, cuando en septiembre de 1973 ofreci\u00f3 asilo a 756 chilenos perseguidos por la dictadura golpista de Augusto Pinochet. Entre los asistidos se encontraba la viuda de Salvador Allende, Hortensia Bussi, quien lleg\u00f3 a M\u00e9xico para habitar un digno condominio en la colonia del Valle.<\/p>\n\n\n\n<p class=\"wp-block-paragraph\">Todos, en alg\u00fan punto, somos entes desvalidos ante el despotismo del Estado. En Rusia y en Nicaragua, en Corea del Norte y en Bolivia, en Ecuador y en M\u00e9xico. Queda, si fuera el caso, la posibilidad del asilo. Fue el caso de Julian Assange, el inventor de wiki-leaks, quien fuera acusado de \u201cabusos sexuales y coacci\u00f3n\u201d, aunque en realidad se le persegu\u00eda por su intromisi\u00f3n en los archivos cibern\u00e9ticos del Pent\u00e1gono. Fue asilado en la embajada de Ecuador (precisamente) de 2012 a 2019, en que les result\u00f3 demasiado inc\u00f3modo y fue entregado a la polic\u00eda brit\u00e1nica. Toda una novela.<\/p>\n\n\n\n<p class=\"wp-block-paragraph\">As\u00ed que a mis once a\u00f1os, retornada a Guadalajara la prima Evangelina, concluy\u00f3 su asilo. Y no me qued\u00f3 m\u00e1s que buscar su esencia en la almohada de mi cama. Igual que un esp\u00eda de Hezbol\u00e1.<\/p>\n\n\n\n<p class=\"wp-block-paragraph\">* Apasionado del cine, periodista, articulista y escritor; son quiz\u00e1 los rasgos m\u00e1s destacados de David Mart\u00edn del Campo; su obra literaria ha sido premiada y reconocida, recibi\u00f3&nbsp; el Premio Nacional de Novela Jos\u00e9 Rub\u00e9n Romero en 1986 por Isla de lobos y el Premio Mazatl\u00e1n de Literatura en 2015.\u200b Su m\u00e1s reciente &nbsp;novela es: Acapulco Blues.<\/p>\n\n\n\n<figure class=\"wp-block-image\"><img decoding=\"async\" src=\"https:\/\/lh7-us.googleusercontent.com\/JlOnZl39Hcx1uHi44G4CEghXtcI6mGERPHK2wlv4PlrYAKQ3FxXyNeFquVOHlsgAuRFse513dRWBlyo5a_P5bMmyb0vynSmzO-ZJ1QH54pwWUrMf2AosOShgE9uofoFpKpq_tvtH8I7JzJnhGhePow\" alt=\"\"\/><\/figure>\n","protected":false},"excerpt":{"rendered":"<p>&nbsp;David Mart\u00edn del Campo SemM\u00e9xico, Ciudad de M\u00e9xico,&nbsp; 16 de abril, 2024.-Sin demasiadas explicaciones la prima Evangelina lleg\u00f3 a casa desde Guadalajara. \u201cViene a pasar unos d\u00edas para cambiar de aires\u201d, asegur\u00f3 mi padre. \u201cQuiere probar fuera de su casa\u201d, la excus\u00f3 mi madre, as\u00ed que le cedimos nuestra rec\u00e1mara y nos hicimos bolas. Muy [&hellip;]<\/p>\n","protected":false},"author":3,"featured_media":80269,"comment_status":"open","ping_status":"open","sticky":false,"template":"","format":"standard","meta":{"_monsterinsights_skip_tracking":false,"footnotes":""},"categories":[748],"tags":[],"class_list":["post-80268","post","type-post","status-publish","format-standard","has-post-thumbnail","category-cultura-feminista"],"_links":{"self":[{"href":"https:\/\/redsemlac.com\/semmexico\/wp-json\/wp\/v2\/posts\/80268","targetHints":{"allow":["GET"]}}],"collection":[{"href":"https:\/\/redsemlac.com\/semmexico\/wp-json\/wp\/v2\/posts"}],"about":[{"href":"https:\/\/redsemlac.com\/semmexico\/wp-json\/wp\/v2\/types\/post"}],"author":[{"embeddable":true,"href":"https:\/\/redsemlac.com\/semmexico\/wp-json\/wp\/v2\/users\/3"}],"replies":[{"embeddable":true,"href":"https:\/\/redsemlac.com\/semmexico\/wp-json\/wp\/v2\/comments?post=80268"}],"version-history":[{"count":0,"href":"https:\/\/redsemlac.com\/semmexico\/wp-json\/wp\/v2\/posts\/80268\/revisions"}],"wp:featuredmedia":[{"embeddable":true,"href":"https:\/\/redsemlac.com\/semmexico\/wp-json\/wp\/v2\/media\/80269"}],"wp:attachment":[{"href":"https:\/\/redsemlac.com\/semmexico\/wp-json\/wp\/v2\/media?parent=80268"}],"wp:term":[{"taxonomy":"category","embeddable":true,"href":"https:\/\/redsemlac.com\/semmexico\/wp-json\/wp\/v2\/categories?post=80268"},{"taxonomy":"post_tag","embeddable":true,"href":"https:\/\/redsemlac.com\/semmexico\/wp-json\/wp\/v2\/tags?post=80268"}],"curies":[{"name":"wp","href":"https:\/\/api.w.org\/{rel}","templated":true}]}}