{"id":8024,"date":"2019-05-09T18:52:44","date_gmt":"2019-05-09T18:52:44","guid":{"rendered":"https:\/\/redsemlac.com\/semmexico\/?p=8024"},"modified":"2023-07-21T14:48:36","modified_gmt":"2023-07-21T19:48:36","slug":"convertidas-en-investigadoras-madres-buscan-justicia-por-feminicidios","status":"publish","type":"post","link":"https:\/\/redsemlac.com\/semmexico\/convertidas-en-investigadoras-madres-buscan-justicia-por-feminicidios\/","title":{"rendered":"Convertidas en investigadoras, madres buscan justicia por feminicidios"},"content":{"rendered":"\n<p class=\"wp-block-paragraph\">Irinea Buend\u00eda y Araceli Osorio, dos referentes<\/p>\n\n\n\n<h5 class=\"wp-block-heading\"> Frente a la opacidad y negligencia de las autoridades<\/h5>\n\n\n\n<p class=\"wp-block-paragraph\"><a href=\"https:\/\/semmexico.com\/gallery-post.php?id=8115#\">Elda Montiel<\/a><\/p>\n\n\n\n<p class=\"wp-block-paragraph\">SemM\u00e9xico, Cd. de M\u00e9xico, 9 mayo 2019.- Las madres de las v\u00edctimas de feminicidio en M\u00e9xico se vuelven investigadoras y activistas ante la negligencia y opacidad de la actuaci\u00f3n de las autoridades judiciales que no siguen los protocolos ni gu\u00edas de necropsias adecuadas, y son ellas, las madres, las que obtienen resultados en la b\u00fasqueda de justicia para sus hijas.<\/p>\n\n\n\n<p class=\"wp-block-paragraph\">Irinea Buend\u00eda, obtuvo la sentencia de la Suprema Corte de Justicia en junio de 2015 para reabrir el caso de su hija Mariana Lima Buend\u00eda para que su muerte, en el 2010, se investigue como feminicidio en lugar de suicidio como hab\u00edan concluido las autoridades.<\/p>\n\n\n\n<p class=\"wp-block-paragraph\">Sentencia que es reconocida a nivel Latinoam\u00e9rica como referente para exigir que las muertes violentas de mujeres se investiguen como feminicidio bajo una perspectiva de g\u00e9nero.<\/p>\n\n\n\n<p class=\"wp-block-paragraph\">Araceli Osorio Mart\u00ednez, madre de Lesvy Berl\u00edn Rivera Osorio, a dos a\u00f1os de su muerte, que se cumpli\u00f3 este 3 de mayo, adem\u00e1s de lograr la reclasificaci\u00f3n de la investigaci\u00f3n de suicidio a feminicidio obtuvo la disculpa p\u00fablica por parte del gobierno de la Ciudad de M\u00e9xico por falta de debida diligencia en la investigaci\u00f3n.<\/p>\n\n\n\n<p class=\"wp-block-paragraph\">De acuerdo a la recomendaci\u00f3n 01\/2018 de la Comisi\u00f3n de Derechos Humanos de la Ciudad de M\u00e9xico, hace un a\u00f1o el organismo encontr\u00f3 responsable a la PGJDF, la Secretar\u00eda de Seguridad P\u00fablica y el Tribunal Superior de Justicia locales, responsables de la falta de debida diligencia en la investigaci\u00f3n del posible feminicidio de Lesvy y negligencias en la atenci\u00f3n de sus familiares.<\/p>\n\n\n\n<p class=\"wp-block-paragraph\">Hasta el momento s\u00f3lo se ha disculpado la Procuradur\u00eda, la recomendaci\u00f3n tambi\u00e9n exige una disculpa p\u00fablica por parte del Instituto de Ciencias Forenses (INCIFO) dependiente del Tribunal Superior, se reconozca su responsabilidad y se reivindique la honra y memoria de Lesvy Berlin Rivera Osorio.<\/p>\n\n\n\n<p class=\"wp-block-paragraph\">El pasado lunes se anunci\u00f3 la creaci\u00f3n de una Fiscal\u00eda Especializada para Investigar los Delitos de Feminicidio en un acto oficial donde estuvo presente la jefa de gobierno de la ciudad de M\u00e9xico, Claudia Sheimbaun; la procuradora Ernestina Godoy y como \u201ctestigo social\u201d la se\u00f1ora Araceli Osorio.<\/p>\n\n\n\n<p class=\"wp-block-paragraph\">En dicha ocasi\u00f3n, el secretario de Seguridad P\u00fablica, Jes\u00fas Orta, reconoci\u00f3 que se victimiz\u00f3 a Lesvy Berl\u00edn, y se est\u00e1 investigando al primer polic\u00eda en llegar, para fincar responsabilidades de omisi\u00f3n.&nbsp;<\/p>\n\n\n\n<p class=\"wp-block-paragraph\">Respecto a la Fiscal\u00eda todav\u00eda no se tiene fecha de instalaci\u00f3n y, se dijo, se dialogar\u00e1 con organizaciones para definir el perfil de la titular.&nbsp;<\/p>\n\n\n\n<p class=\"wp-block-paragraph\">Tanto la se\u00f1ora Irinea Buend\u00eda como Araceli Osorio han sido acompa\u00f1adas legalmente por el Observatorio Ciudadano Nacional del Feminicidio (OCNF) esperan que el pr\u00f3ximo mes de junio se lleven a cabo los juicios de los inculpados que est\u00e1n en prisi\u00f3n, en el primer caso despu\u00e9s de nueve a\u00f1os de los hechos y de dos a\u00f1os en el caso de Lesvy.<\/p>\n\n\n\n<p class=\"wp-block-paragraph\">En el acto de disculpa p\u00fablica por parte de las autoridades, se llev\u00f3 a cabo en el auditorio de la Torre de Ingenier\u00eda, el pasado 2 de mayo, a petici\u00f3n de la se\u00f1ora Araceli Osorio, ya que fue a unos metros donde se encuentra el memorial de Lesvy, a un lado de la caseta telef\u00f3nica donde fue estrangulada.<\/p>\n\n\n\n<p class=\"wp-block-paragraph\">En el acto del 2 de mayo, la se\u00f1ora Araceli Osorio indic\u00f3 que esperaba las disculpas tanto del Tribunal Superior de Justicia (INCIFO) y de la Secretaria de Seguridad Publica de la Ciudad de M\u00e9xico. Asimismo, expres\u00f3 que si las autoridades judiciales consideraran a las v\u00edctimas dentro de sus procesos, estos se agilizar\u00edan, pues en M\u00e9xico miles de&nbsp;<a href=\"https:\/\/www.animalpolitico.com\/2019\/02\/madres-fosas-cadaveres-tamaulipas\/\" target=\"_blank\" rel=\"noreferrer noopener\">madres y padres se han convertido en investigadores<\/a>&nbsp;para buscar o defender a sus hijas.<\/p>\n\n\n\n<p class=\"wp-block-paragraph\">SEM\/em\/sj<\/p>\n\n\n\n<p class=\"wp-block-paragraph\"><\/p>\n","protected":false},"excerpt":{"rendered":"<p>Irinea Buend\u00eda y Araceli Osorio, dos referentes Frente a la opacidad y negligencia de las autoridades Elda Montiel SemM\u00e9xico, Cd. de M\u00e9xico, 9 mayo 2019.- Las madres de las v\u00edctimas de feminicidio en M\u00e9xico se vuelven investigadoras y activistas ante la negligencia y opacidad de la actuaci\u00f3n de las autoridades judiciales que no siguen los [&hellip;]<\/p>\n","protected":false},"author":3,"featured_media":8025,"comment_status":"open","ping_status":"open","sticky":false,"template":"","format":"standard","meta":{"_monsterinsights_skip_tracking":false,"footnotes":""},"categories":[690,54],"tags":[],"class_list":["post-8024","post","type-post","status-publish","format-standard","has-post-thumbnail","category-690","category-mujeres"],"_links":{"self":[{"href":"https:\/\/redsemlac.com\/semmexico\/wp-json\/wp\/v2\/posts\/8024","targetHints":{"allow":["GET"]}}],"collection":[{"href":"https:\/\/redsemlac.com\/semmexico\/wp-json\/wp\/v2\/posts"}],"about":[{"href":"https:\/\/redsemlac.com\/semmexico\/wp-json\/wp\/v2\/types\/post"}],"author":[{"embeddable":true,"href":"https:\/\/redsemlac.com\/semmexico\/wp-json\/wp\/v2\/users\/3"}],"replies":[{"embeddable":true,"href":"https:\/\/redsemlac.com\/semmexico\/wp-json\/wp\/v2\/comments?post=8024"}],"version-history":[{"count":0,"href":"https:\/\/redsemlac.com\/semmexico\/wp-json\/wp\/v2\/posts\/8024\/revisions"}],"wp:featuredmedia":[{"embeddable":true,"href":"https:\/\/redsemlac.com\/semmexico\/wp-json\/wp\/v2\/media\/8025"}],"wp:attachment":[{"href":"https:\/\/redsemlac.com\/semmexico\/wp-json\/wp\/v2\/media?parent=8024"}],"wp:term":[{"taxonomy":"category","embeddable":true,"href":"https:\/\/redsemlac.com\/semmexico\/wp-json\/wp\/v2\/categories?post=8024"},{"taxonomy":"post_tag","embeddable":true,"href":"https:\/\/redsemlac.com\/semmexico\/wp-json\/wp\/v2\/tags?post=8024"}],"curies":[{"name":"wp","href":"https:\/\/api.w.org\/{rel}","templated":true}]}}