{"id":8021,"date":"2019-05-14T18:50:38","date_gmt":"2019-05-14T18:50:38","guid":{"rendered":"https:\/\/redsemlac.com\/semmexico\/?p=8021"},"modified":"2023-07-21T14:49:16","modified_gmt":"2023-07-21T19:49:16","slug":"madres-privadas-de-libertad-discriminacion-y-castigo","status":"publish","type":"post","link":"https:\/\/redsemlac.com\/semmexico\/madres-privadas-de-libertad-discriminacion-y-castigo\/","title":{"rendered":"Madres privadas de libertad: Discriminaci\u00f3n y castigo"},"content":{"rendered":"\n<p class=\"wp-block-paragraph\">El castigo a la madre es siempre el castigo a los hijos.<\/p>\n\n\n\n<h5 class=\"wp-block-heading\"> Las mujeres que son madres en situaci\u00f3n de reclusi\u00f3n quedan con un estigma que termina com\u00fanmente, por aislarlas.<\/h5>\n\n\n\n<p class=\"wp-block-paragraph\"><a href=\"https:\/\/semmexico.com\/gallery-post.php?id=8167#\">Redacci\u00f3n<\/a><\/p>\n\n\n\n<p class=\"wp-block-paragraph\">SemM\u00e9xico\/ AsiLegal. Ciudad de M\u00e9xico. 14 de mayo 2019.- En M\u00e9xico, la discriminaci\u00f3n en raz\u00f3n de g\u00e9nero que viven a diario las mujeres, tiene impactos en el libre desarrollo de su personalidad. No obstante, una de las caras m\u00e1s amargas de dicha discriminaci\u00f3n la viven las mujeres que son madres y que se encuentran en conflicto con la ley penal. Para ellas, el castigo se multiplica con base a prejuicios y roles de g\u00e9nero y en la mayor\u00eda de los casos, sus hijas e hijos tambi\u00e9n sufren las consecuencias.<\/p>\n\n\n\n<p class=\"wp-block-paragraph\">Las mujeres que son madres en situaci\u00f3n de reclusi\u00f3n quedan con un estigma que termina com\u00fanmente, por aislarlas de sus v\u00ednculos afectivos m\u00e1s cercanos, como la familia o pareja, y sufren abandono en prisi\u00f3n; a pesar de estas circunstancias, se espera de ellas sigan cumpliendo con el rol de madres. Frente a estas adversidades, deben buscar opciones que proporcionen el mejor desarrollo posible para sus hijas e hijos, aunque dichas opciones sean muy escasas, seg\u00fan declar\u00f3 una mujer entrevistada en Hidalgo.<\/p>\n\n\n\n<p class=\"wp-block-paragraph\">Seg\u00fan la Encuesta Nacional de Poblaci\u00f3n Privada de la Libertad, visto en el Informe Proequidad citado anteriormente, la mayor\u00eda de las mujeres, arriba de un 80% en promedio en cuatro estados de la rep\u00fablica, son madres. De esa misma cifra, no obstante, el 60% de sus hijos son menores de 18 a\u00f1os. Esto quiere decir que, a diferencia del caso de los padres, donde cae poca o nula responsabilidad parental en caso de estar privados de libertad, la tutela sigue siendo su responsabilidad y, en la mayor\u00eda de los casos, ellas representan el \u00fanico soporte econ\u00f3mico y social de los ni\u00f1os. \u201cEl hecho de que hasta en la c\u00e1rcel deba cuidar de sus hijos, hacen la vida en prisi\u00f3n gen\u00e9ricamente opresiva para las mujeres y para su prole\u201d, escribi\u00f3 Marcela Lagarde en el estudio Los cautiverios de las mujeres. \u201cEl castigo a la madre es siempre el castigo a los hijos\u201d.<\/p>\n\n\n\n<p class=\"wp-block-paragraph\">Esto se ejemplifica en un informe de la Comisi\u00f3n Nacional de Derechos Humanos en el que se pueden ver c\u00f3mo ciertos estados simplemente no pueden o no buscan atender las necesidades de las madres privadas de libertad. En el estado de Baja California, por ejemplo, no hay condiciones aptas para que los hijos menores de tres a\u00f1os puedan vivir con sus madres, por lo que, despu\u00e9s de su embarazo, deben separarse de sus hijos. En otros estados, los hijos e hijas que pueden quedarse con sus madres no tienen acceso a alimentaci\u00f3n apropiada para su desarrollo, atenci\u00f3n m\u00e9dica y psicol\u00f3gica o educaci\u00f3n escolar alguna. En las reglas de Bangkok de la ONU est\u00e1 contemplado que \u201cel r\u00e9gimen penitenciario permitir\u00e1 reaccionar con flexibilidad ante las mujeres embarazadas, lactantes y mujeres con hijos, se habilitar\u00e1n servicios o disposiciones para el cuidado del ni\u00f1o\u201d. Sin embargo, la realidad de los centros de reinserci\u00f3n social del pa\u00eds a\u00fan dista mucho de cumplir con los est\u00e1ndares internacionales.<\/p>\n\n\n\n<p class=\"wp-block-paragraph\">.<\/p>\n\n\n\n<p class=\"wp-block-paragraph\">Desde AsiLegal hacemos un llamado en\u00e9rgico a las autoridades del sistema penitenciario y corresponsables con la reinserci\u00f3n social, con el objeto de que garanticen condiciones dignas para las mujeres privadas de libertad con \u00e9nfasis en las mujeres que son madres y viven con sus hijas e hijos dentro de las prisiones de M\u00e9xico.<\/p>\n\n\n\n<p class=\"wp-block-paragraph\"><em>Asistencia Legal por los Derechos Humanos<\/em><\/p>\n\n\n\n<p class=\"wp-block-paragraph\"><em>Para m\u00e1s informaci\u00f3n contactar a:<\/em><\/p>\n\n\n\n<p class=\"wp-block-paragraph\"><em>Coordinaci\u00f3n de comunicaci\u00f3n:<\/em><\/p>\n\n\n\n<p class=\"wp-block-paragraph\"><em>comunicacion@asilegal.org.mx<\/em><\/p>\n\n\n\n<p class=\"wp-block-paragraph\"><em>5687 8759<\/em><\/p>\n","protected":false},"excerpt":{"rendered":"<p>El castigo a la madre es siempre el castigo a los hijos. Las mujeres que son madres en situaci\u00f3n de reclusi\u00f3n quedan con un estigma que termina com\u00fanmente, por aislarlas. Redacci\u00f3n SemM\u00e9xico\/ AsiLegal. Ciudad de M\u00e9xico. 14 de mayo 2019.- En M\u00e9xico, la discriminaci\u00f3n en raz\u00f3n de g\u00e9nero que viven a diario las mujeres, tiene [&hellip;]<\/p>\n","protected":false},"author":3,"featured_media":8022,"comment_status":"open","ping_status":"open","sticky":false,"template":"","format":"standard","meta":{"_monsterinsights_skip_tracking":false,"footnotes":""},"categories":[690,56],"tags":[],"class_list":["post-8021","post","type-post","status-publish","format-standard","has-post-thumbnail","category-690","category-redes"],"_links":{"self":[{"href":"https:\/\/redsemlac.com\/semmexico\/wp-json\/wp\/v2\/posts\/8021","targetHints":{"allow":["GET"]}}],"collection":[{"href":"https:\/\/redsemlac.com\/semmexico\/wp-json\/wp\/v2\/posts"}],"about":[{"href":"https:\/\/redsemlac.com\/semmexico\/wp-json\/wp\/v2\/types\/post"}],"author":[{"embeddable":true,"href":"https:\/\/redsemlac.com\/semmexico\/wp-json\/wp\/v2\/users\/3"}],"replies":[{"embeddable":true,"href":"https:\/\/redsemlac.com\/semmexico\/wp-json\/wp\/v2\/comments?post=8021"}],"version-history":[{"count":0,"href":"https:\/\/redsemlac.com\/semmexico\/wp-json\/wp\/v2\/posts\/8021\/revisions"}],"wp:featuredmedia":[{"embeddable":true,"href":"https:\/\/redsemlac.com\/semmexico\/wp-json\/wp\/v2\/media\/8022"}],"wp:attachment":[{"href":"https:\/\/redsemlac.com\/semmexico\/wp-json\/wp\/v2\/media?parent=8021"}],"wp:term":[{"taxonomy":"category","embeddable":true,"href":"https:\/\/redsemlac.com\/semmexico\/wp-json\/wp\/v2\/categories?post=8021"},{"taxonomy":"post_tag","embeddable":true,"href":"https:\/\/redsemlac.com\/semmexico\/wp-json\/wp\/v2\/tags?post=8021"}],"curies":[{"name":"wp","href":"https:\/\/api.w.org\/{rel}","templated":true}]}}