{"id":8018,"date":"2019-05-09T18:49:02","date_gmt":"2019-05-09T18:49:02","guid":{"rendered":"https:\/\/redsemlac.com\/semmexico\/?p=8018"},"modified":"2023-07-21T14:48:36","modified_gmt":"2023-07-21T19:48:36","slug":"justicia-para-el-feminicidio-de-la-nina-fatima-pide-ocnf","status":"publish","type":"post","link":"https:\/\/redsemlac.com\/semmexico\/justicia-para-el-feminicidio-de-la-nina-fatima-pide-ocnf\/","title":{"rendered":"Justicia para el feminicidio de la ni\u00f1a F\u00e1tima, pide OCNF"},"content":{"rendered":"\n<p class=\"wp-block-paragraph\">Hoy audiencia relacionada con el caso<\/p>\n\n\n\n<h5 class=\"wp-block-heading\"> Cuatro a\u00f1os despu\u00e9s, la justicia es incompleta<\/h5>\n\n\n\n<p class=\"wp-block-paragraph\"><a href=\"https:\/\/semmexico.com\/gallery-post.php?id=8116#\">Elda Montiel<\/a><\/p>\n\n\n\n<p class=\"wp-block-paragraph\">SemM\u00e9xico, Cd. de M\u00e9xico, 9 mayo 2019.- Sancionar a los&nbsp;<strong>tres acusados de la violaci\u00f3n y posterior feminicidio de la menor F\u00e1tima Varinia Quintana Guti\u00e9rrez, de 12 a\u00f1os de edad, hechos ocurrido en 2015<\/strong>, en el Estado de M\u00e9xico exigi\u00f3 el Observatorio Ciudadano Nacional de Feminicidio (OCNF).<\/p>\n\n\n\n<p class=\"wp-block-paragraph\">En un comunicado, se\u00f1alan que s\u00f3lo dos de los implicados recibieron sentencia por los delitos cometidos; uno fue sentenciado a cinco a\u00f1os por ser menor de edad, otro a 73 a\u00f1os 8 meses y&nbsp;<strong>uno fue absuelto de los cargos en 2017<\/strong><strong>.<\/strong><\/p>\n\n\n\n<p class=\"wp-block-paragraph\">Hoy se realiza una audiencia relacionada con el caso, que se encuentra en proceso de etapa intermedia, despu\u00e9s de que la familia de F\u00e1tima interpuso un amparo con el n\u00famero 200\/2017 y junto con OCNF realizaron labores de incidencia y seguimiento, por lo que se logr\u00f3 obtener reponer el proceso.&nbsp;<\/p>\n\n\n\n<p class=\"wp-block-paragraph\">Los hechos ocurrieron el 5 de febrero de 2015 cuando la ni\u00f1a regresaba de la escuela fue v\u00edctima de violaci\u00f3n y posterior feminicidio, a manos de tres personas de la comunidad de Lupita Casas Viejas, Estado de M\u00e9xico. El cuerpo fue encontrado por su madre, descuartizado y enterrado en una zona boscosa, a unos metros de la parada del autob\u00fas de la escuela, cerca de su casa.<\/p>\n\n\n\n<p class=\"wp-block-paragraph\">El Observatorio pide que se salvaguarden los derechos de la infancia, se garantice la no repetici\u00f3n, se reparen los da\u00f1os de forma integral y que se garantice la seguridad e integridad de la familia, puesto que&nbsp;durante el proceso judicial han sido v\u00edctimas de agresiones y amenazas de muerte.<\/p>\n\n\n\n<p class=\"wp-block-paragraph\">El Observatorio refiri\u00f3 que las amenazas tuvieron como resultado el cambio de residencia de la familia y \u201cconsecuencias negativas en su vida\u201d.<\/p>\n\n\n\n<p class=\"wp-block-paragraph\">SEM\/em\/sj<\/p>\n","protected":false},"excerpt":{"rendered":"<p>Hoy audiencia relacionada con el caso Cuatro a\u00f1os despu\u00e9s, la justicia es incompleta Elda Montiel SemM\u00e9xico, Cd. de M\u00e9xico, 9 mayo 2019.- Sancionar a los&nbsp;tres acusados de la violaci\u00f3n y posterior feminicidio de la menor F\u00e1tima Varinia Quintana Guti\u00e9rrez, de 12 a\u00f1os de edad, hechos ocurrido en 2015, en el Estado de M\u00e9xico exigi\u00f3 el [&hellip;]<\/p>\n","protected":false},"author":3,"featured_media":8019,"comment_status":"open","ping_status":"open","sticky":false,"template":"","format":"standard","meta":{"_monsterinsights_skip_tracking":false,"footnotes":""},"categories":[690,54],"tags":[],"class_list":["post-8018","post","type-post","status-publish","format-standard","has-post-thumbnail","category-690","category-mujeres"],"_links":{"self":[{"href":"https:\/\/redsemlac.com\/semmexico\/wp-json\/wp\/v2\/posts\/8018","targetHints":{"allow":["GET"]}}],"collection":[{"href":"https:\/\/redsemlac.com\/semmexico\/wp-json\/wp\/v2\/posts"}],"about":[{"href":"https:\/\/redsemlac.com\/semmexico\/wp-json\/wp\/v2\/types\/post"}],"author":[{"embeddable":true,"href":"https:\/\/redsemlac.com\/semmexico\/wp-json\/wp\/v2\/users\/3"}],"replies":[{"embeddable":true,"href":"https:\/\/redsemlac.com\/semmexico\/wp-json\/wp\/v2\/comments?post=8018"}],"version-history":[{"count":0,"href":"https:\/\/redsemlac.com\/semmexico\/wp-json\/wp\/v2\/posts\/8018\/revisions"}],"wp:featuredmedia":[{"embeddable":true,"href":"https:\/\/redsemlac.com\/semmexico\/wp-json\/wp\/v2\/media\/8019"}],"wp:attachment":[{"href":"https:\/\/redsemlac.com\/semmexico\/wp-json\/wp\/v2\/media?parent=8018"}],"wp:term":[{"taxonomy":"category","embeddable":true,"href":"https:\/\/redsemlac.com\/semmexico\/wp-json\/wp\/v2\/categories?post=8018"},{"taxonomy":"post_tag","embeddable":true,"href":"https:\/\/redsemlac.com\/semmexico\/wp-json\/wp\/v2\/tags?post=8018"}],"curies":[{"name":"wp","href":"https:\/\/api.w.org\/{rel}","templated":true}]}}