{"id":80163,"date":"2024-04-15T07:46:31","date_gmt":"2024-04-15T13:46:31","guid":{"rendered":"https:\/\/redsemlac.com\/semmexico\/?p=80163"},"modified":"2024-04-15T07:46:32","modified_gmt":"2024-04-15T13:46:32","slug":"pacto-patriarcal-en-la-cupula-de-movimiento-ciudadano-se-encubre-a-violentadores-y-el-candidato-presidencial-esta-senalado-de-abuso-sexual","status":"publish","type":"post","link":"https:\/\/redsemlac.com\/semmexico\/pacto-patriarcal-en-la-cupula-de-movimiento-ciudadano-se-encubre-a-violentadores-y-el-candidato-presidencial-esta-senalado-de-abuso-sexual\/","title":{"rendered":"\u00bfPacto patriarcal?,\u00a0 en la c\u00fapula de Movimiento Ciudadano: se encubre A violentadores y\u00a0 el candidato presidencial est\u00e1 se\u00f1alado de abuso sexual"},"content":{"rendered":"\n<p class=\"wp-block-paragraph\">Conoce las denuncias;&nbsp; AM dice&nbsp; es mentira lo de Ana Castel\u00e1n y guarda silencio sobre sus m\u00e1s cercanos, uno&nbsp; ya tiene&nbsp; denuncia formal por violencia psicol\u00f3gica y emocional<\/p>\n\n\n\n<p class=\"wp-block-paragraph\">Shelly Moses le pidi\u00f3&nbsp; ayuda, y mand\u00f3 a Sofia Castro Presidenta Consejo Consultivo de Mujeres en Movimiento Ciudadano a atenderla, mientras&nbsp; encubre&nbsp;<\/p>\n\n\n\n<p class=\"wp-block-paragraph\">Sara Lovera<\/p>\n\n\n\n<p class=\"wp-block-paragraph\">SemM\u00e9xico, Ciudad de M\u00e9xico,&nbsp; 15 de abril, 2024.- \u201cHay que creerles a las mujeres cuando denuncian\u201d as\u00ed lo dijo&nbsp; Jorge \u00c1lvarez M\u00e1ynez, &nbsp;candidato a la presidencia de la Rep\u00fablica por Movimiento Ciudadano, no obstante es se\u00f1alado de&nbsp; abusador y encubridor de colaboradores violentadores.<\/p>\n\n\n\n<p class=\"wp-block-paragraph\">En Movimiento Ciudadano tambi\u00e9n las militantes se han quejado de pr\u00e1cticas de discriminaci\u00f3n y elecci\u00f3n de candidaturas a modo, dejando atr\u00e1s a las militantes. Y ese partido mantiene como vicepresidente al senador Noe Casta\u00f1\u00f3n Ram\u00edrez acusado de ejercer violencia vicaria en contra de su exesposa Mayte L\u00f3pez Gonz\u00e1lez, lo que ha generado muchas protestas.<\/p>\n\n\n\n<p class=\"wp-block-paragraph\">No obstante la candidatura presidencial se pens\u00f3 feminista y hasta hizo acuerdos para que algunas militantes de Fuerza Pol\u00edtica Feminista M\u00e9xico, sean candidatas.. En ese partido eliminaron de sus aspiraciones a la feminista Martha Tagle;\u00a0 llevan en sus listas a la ex gobernadora de Zacatecas, su paisana,\u00a0 Amalia Garc\u00eda, pero defini\u00f3 otras candidaturas de mujeres, que no responden a sus principios. Tambi\u00e9n ha intentado, seg\u00fan informes del Instituto Nacional Electoral, incumplir con la paridad. Hay que recordar que MC se opuso a la paridad en la lista de gobernadoras en 2021, junto al Partido Acci\u00f3n Nacional PAN.<\/p>\n\n\n\n<p class=\"wp-block-paragraph\">Te puede interesar:<\/p>\n\n\n\n<figure class=\"wp-block-embed is-type-wp-embed is-provider-semm-xico wp-block-embed-semm-xico\"><div class=\"wp-block-embed__wrapper\">\n<blockquote class=\"wp-embedded-content\" data-secret=\"gup3TswsfO\"><a href=\"https:\/\/redsemlac.com\/semmexico\/patricia-mercado-castro-arropa-a-alvarez-maynez-es-una-opcion-feminista-dice\/\">Patricia Mercado Castro arropa a \u00c1lvarez M\u00e1ynez: es una opci\u00f3n feminista, dice<\/a><\/blockquote><iframe loading=\"lazy\" class=\"wp-embedded-content\" sandbox=\"allow-scripts\" security=\"restricted\" style=\"position: absolute; visibility: hidden;\" title=\"\u00abPatricia Mercado Castro arropa a \u00c1lvarez M\u00e1ynez: es una opci\u00f3n feminista, dice\u00bb \u2014 SemM\u00e9xico\" src=\"https:\/\/redsemlac.com\/semmexico\/patricia-mercado-castro-arropa-a-alvarez-maynez-es-una-opcion-feminista-dice\/embed\/#?secret=Rrqf2eMmqs#?secret=gup3TswsfO\" data-secret=\"gup3TswsfO\" width=\"600\" height=\"338\" frameborder=\"0\" marginwidth=\"0\" marginheight=\"0\" scrolling=\"no\"><\/iframe>\n<\/div><\/figure>\n\n\n\n<p class=\"wp-block-paragraph\"><\/p>\n\n\n\n<p class=\"wp-block-paragraph\"><strong><em>&nbsp;Encubridor&nbsp;<\/em><\/strong><\/p>\n\n\n\n<p class=\"wp-block-paragraph\">Hasta ahora hay una denuncia formal en contra de Juan Manuel Ram\u00edrez Velasco,&nbsp; el coordinador de la agenda legislativa de \u00c1lvarez M\u00e1ynez, por violencia psicol\u00f3gica que pronto cumplir\u00e1 2 a\u00f1os,&nbsp; sin que se termine la investigaci\u00f3n. Quien la padeci\u00f3 necesit\u00f3 ayuda psiqui\u00e1trica. El hombre aplic\u00f3 la colopat\u00eda y goza de impunidad.&nbsp;<\/p>\n\n\n\n<p class=\"wp-block-paragraph\">Tambi\u00e9n&nbsp; el candidato presidencial&nbsp; encubri\u00f3 a un colaborador cuando fue director de La Jornada de Aguascalientes y argumente, ahora, que se trata de ataques pol\u00edticos de quien lo se\u00f1ala por acoso a una&nbsp; mujer cuando \u00e9sta ten\u00eda 20 a\u00f1os, historia detallada y publicada por Animal Pol\u00edtica, sostenida por la periodista&nbsp; Paola Castillo de Jalisco, donde gobierna Movimiento Ciudadano.<\/p>\n\n\n\n<p class=\"wp-block-paragraph\">Shelley Moses, narra a SemM\u00e9xico, c\u00f3mo el \u201cbrazo derecho\u201d del candidato Juan Manuel Ram\u00edrez Velasco est\u00e1 debidamente acusado de violencia psicol\u00f3gica y ella le ha escrito al candidato sobre el hecho, pero \u201cno hace nada\u201d y s\u00ed sostiene una campa\u00f1a hip\u00f3crita&nbsp; en favor de la no violencia contra las mujeres.<\/p>\n\n\n\n<p class=\"wp-block-paragraph\">El candidato presidencial de MC tambi\u00e9n conoce la denuncia de Tania Magallanes, periodista de Aguascalientes&nbsp; que denunci\u00f3 al director editorial de La Jornada&nbsp; Edilberto Ald\u00e1n y&nbsp; al director general de ese diario, Francisco Aguirre, ambos, dijo la periodista, ejercieron contra ella violencia laboral y de g\u00e9nero.<\/p>\n\n\n\n<p class=\"wp-block-paragraph\">Pero no s\u00f3lo, en Jalisco apenas el 10 de abril fue&nbsp; cuestionado por la periodista Paola Castillo, sobre la denuncia en su contra por&nbsp; presunto acoso sexual contra&nbsp; una mujer de 20 a\u00f1os en el estado de Sonora.&nbsp; Es Ana Castel\u00e1n Valenzuela,&nbsp; hoy aspirante a una regidur\u00eda por el PRI-PAN-PRD; ella escribi\u00f3 en sus redes sociales que Jorge \u00c1lvarez M\u00e1ynez la acos\u00f3 sexualmente cuando&nbsp; ten\u00eda 20 a\u00f1os y \u00e9l se desempe\u00f1aba como secretario general de acuerdos en Movimiento Ciudadano.&nbsp;<\/p>\n\n\n\n<p class=\"wp-block-paragraph\">Ahora, cuando M\u00e1ynez es candidato a la Presidencia de la Rep\u00fablica, las acusaciones han tomado revuelo, a ra\u00edz de una publicaci\u00f3n que la denunciante hizo en sus redes sociales el pasado 28 de marzo.<\/p>\n\n\n\n<p class=\"wp-block-paragraph\">Antecedente:<\/p>\n\n\n\n<figure class=\"wp-block-embed is-type-wp-embed is-provider-semm-xico wp-block-embed-semm-xico\"><div class=\"wp-block-embed__wrapper\">\n<blockquote class=\"wp-embedded-content\" data-secret=\"KdHQRv4Sg5\"><a href=\"https:\/\/redsemlac.com\/semmexico\/el-feminismo-alza-la-voz-contra-el-partido-movimiento-ciudadano-que-nombra-al-violentador-noe-castanon-ramirez-como-vicepresidente-del-senado\/\">El feminismo alza la voz contra el partido Movimiento Ciudadano que nombra al violentador No\u00e9 Casta\u00f1\u00f3n Ram\u00edrez como vicepresidente del Senado<\/a><\/blockquote><iframe loading=\"lazy\" class=\"wp-embedded-content\" sandbox=\"allow-scripts\" security=\"restricted\" style=\"position: absolute; visibility: hidden;\" title=\"\u00abEl feminismo alza la voz contra el partido Movimiento Ciudadano que nombra al violentador No\u00e9 Casta\u00f1\u00f3n Ram\u00edrez como vicepresidente del Senado\u00bb \u2014 SemM\u00e9xico\" src=\"https:\/\/redsemlac.com\/semmexico\/el-feminismo-alza-la-voz-contra-el-partido-movimiento-ciudadano-que-nombra-al-violentador-noe-castanon-ramirez-como-vicepresidente-del-senado\/embed\/#?secret=uTmb4yL1wB#?secret=KdHQRv4Sg5\" data-secret=\"KdHQRv4Sg5\" width=\"600\" height=\"338\" frameborder=\"0\" marginwidth=\"0\" marginheight=\"0\" scrolling=\"no\"><\/iframe>\n<\/div><\/figure>\n\n\n\n<p class=\"wp-block-paragraph\"><strong><em>El Caso de Shelley Moses<\/em><\/strong><\/p>\n\n\n\n<p class=\"wp-block-paragraph\">Ella relata que tuvo&nbsp; una relaci\u00f3n con Juan Manuel Ram\u00edrez Velasco, quien es el coordinador de la agenda legislativa de M\u00e1ynez, en Movimiento Ciudadano. Nuestra relaci\u00f3n fue de diciembre&nbsp; de 2019 a enero 2022, y vivimos juntos de abril 2020 a enero 2022.<\/p>\n\n\n\n<p class=\"wp-block-paragraph\">En ese tiempo, \u00e9l&nbsp; poco a poco fue incrementando&nbsp; acciones de violencia psicol\u00f3gica contra m\u00ed, eran&nbsp; sus celos e invadiendo mi privacidad, \u00e9l&nbsp; me dec\u00eda que era por ansiedad y s\u00f3lo quer\u00eda confirmar que nada estaba pasando (que lo enga\u00f1ara con alguien o as\u00ed), y\u201d yo pues le ense\u00f1aba cosas para que estuviera tranquilo, porque yo no ten\u00eda nada que ocultar\u201d<\/p>\n\n\n\n<p class=\"wp-block-paragraph\">Las cosas llegaron&nbsp; al punto de tener que tomar las llamadas en altavoz porque \u00e9l pensaba que yo guardaba contactos con otros hombres o nombres. Me revisaba los estados de cuenta, todo..\u2026<\/p>\n\n\n\n<p class=\"wp-block-paragraph\">De acuerdo con datos oficiales la violencia psicol\u00f3gica y emocional, tiene dificultades para que los jueces, consideran las pruebas, a pesar de que seg\u00fan datos oficiales &nbsp; m\u00e1s del 43% de las mujeres que la viven. Opina Shelly&nbsp; que se trata de \u201c una caja en la que nos meten\u201d a las mujeres y en la que \u201c ya no somos nosotras, nos alejan de nuestra familia, de nuestros amigos, nos hacen chiquitas chiquitas, nos manipulan para que creamos que nosotras somos las que estamos mal\u201d<\/p>\n\n\n\n<p class=\"wp-block-paragraph\">Es algo semejante a&nbsp; un&nbsp; feminicidio emocional, un t\u00e9rmino que est\u00e1 posicionando hace tiempo en las investigaciones acad\u00e9micas. Eso es \u201c justo lo que JM hizo conmigo y el partido no se posiciona ni hace nada\u201d.<\/p>\n\n\n\n<p class=\"wp-block-paragraph\">El ex senador, la escuch\u00f3, pero s\u00f3lo la mand\u00f3 con Sofia Castro, Presidenta Consejo Consultivo de Mujeres en Movimiento Ciudadano a atenderla, pero \u00e9sta tampoco la atendi\u00f3. No se sabe si se hace o no la investigaci\u00f3n al interior de Movimiento Ciudadano, mientras existe el encubrimiento.<\/p>\n\n\n\n<p class=\"wp-block-paragraph\">Ent\u00e9rate:<\/p>\n\n\n\n<figure class=\"wp-block-embed is-type-wp-embed is-provider-semm-xico wp-block-embed-semm-xico\"><div class=\"wp-block-embed__wrapper\">\n<blockquote class=\"wp-embedded-content\" data-secret=\"t3YkfeQf5j\"><a href=\"https:\/\/redsemlac.com\/semmexico\/palabra-de-antigona-machismo-irrefrenable-en-movimiento-ciudadano\/\">Palabra de Ant\u00edgona| Machismo irrefrenable en Movimiento Ciudadano<\/a><\/blockquote><iframe loading=\"lazy\" class=\"wp-embedded-content\" sandbox=\"allow-scripts\" security=\"restricted\" style=\"position: absolute; visibility: hidden;\" title=\"\u00abPalabra de Ant\u00edgona| Machismo irrefrenable en Movimiento Ciudadano\u00bb \u2014 SemM\u00e9xico\" src=\"https:\/\/redsemlac.com\/semmexico\/palabra-de-antigona-machismo-irrefrenable-en-movimiento-ciudadano\/embed\/#?secret=dzvI8nkEMB#?secret=t3YkfeQf5j\" data-secret=\"t3YkfeQf5j\" width=\"600\" height=\"338\" frameborder=\"0\" marginwidth=\"0\" marginheight=\"0\" scrolling=\"no\"><\/iframe>\n<\/div><\/figure>\n\n\n\n<p class=\"wp-block-paragraph\"><strong><em>El brazo derecho de \u00c1lvarez M\u00e1ynez&nbsp;<\/em><\/strong><\/p>\n\n\n\n<p class=\"wp-block-paragraph\">Lo que demanda Shelley Moses&nbsp; es que \u00c1lvarez&nbsp; M\u00e1ynez se posicione, porque es claro que&nbsp; tiene a un violentador en su equipo, considerado&nbsp; su mano derecha. Especialmente porque el candidato presidencial &nbsp; ha dicho que ning\u00fan violentador tiene cabida en la pol\u00edtica, y habla mucho sobre combatir y erradicar la violencia contra la mujer.<\/p>\n\n\n\n<p class=\"wp-block-paragraph\">El caso ha sido denunciado a la justicia, y el juez todav\u00eda no da una sentencia. Pero se tomaron medidas para que el violentador pague su terapia psicol\u00f3gica. Y estando en una proceso legal en curso.&nbsp; No se trata, afirma, de dichos.<\/p>\n\n\n\n<p class=\"wp-block-paragraph\">Explic\u00f3 la afectada que ya se lo dijo a \u00c1lvarez M\u00e1ynez, le dijo que denunci\u00f3&nbsp; Juan Manuel,\u201d y aun as\u00ed no hace nada.&nbsp; \u00c1lvarez M\u00e1ynez apenas declar\u00f3 que \u201csiempre hay que creerles a las mujeres que denuncian\u201d, pero \u201c no ha hecho caso a mi denuncia\u201d. Y aunque afirm\u00f3, por una denuncia en su contra que&nbsp; renuncia a la campa\u00f1a si lo denuncian, sigue aceptando tener a un violentador con denuncia, en su equipo.\u201d Bastante incoherente, me parece\u201d<\/p>\n\n\n\n<figure class=\"wp-block-image\"><img decoding=\"async\" src=\"https:\/\/lh7-us.googleusercontent.com\/qqweIwCJ-nuKAw4m6-ewOXbpc3f0WGsTHfTgiZQYcP9Q_PikunYRm_pxGQMc12z7VooweaiQGlxOqnZg94pyGahi9wABYnVx3h125pnE2GZVT3isMWXJbyBy625eFsN6ZWPRSwmLzMghmE-nVR0uqQ\" alt=\"Un peri\u00f3dico con texto\n\nDescripci\u00f3n generada autom\u00e1ticamente con confianza media\"\/><\/figure>\n\n\n\n<p class=\"wp-block-paragraph\">Ana Castel\u00e1n Valenzuela, ex militante de Movimiento Ciudadano en Sonora,&nbsp; seg\u00fan nota de Animal Pol\u00edtico, se\u00f1ala al ahora candidato presidencial de ese partido de haberla acosado en 2019, cuando ella formaba parte de las juventudes naranjas. Ana Castel\u00e1n Valenzuela, aspirante a una regidur\u00eda por el PRI-PAN-PRD,&nbsp; dijo que la acos\u00f3 sexualmente cuando ella ten\u00eda 20 a\u00f1os y \u00e9l se desempe\u00f1aba como secretario general de acuerdos en Movimiento Ciudadano.<\/p>\n\n\n\n<p class=\"wp-block-paragraph\">Ahora, cuando \u00c1lvarez&nbsp; M\u00e1ynez es candidato a la Presidencia de la Rep\u00fablica, las acusaciones han tomado revuelo, a ra\u00edz de una publicaci\u00f3n que la denunciante hizo en sus redes sociales el pasado 28 de marzo.&nbsp;<\/p>\n\n\n\n<p class=\"wp-block-paragraph\">De la denuncia p\u00fablica&nbsp; \u00c1lvarez M\u00e1ynez, siempre ri\u00e9ndose, dijo que contra \u00e9l, todo es&nbsp; \u201cmentira\u201d,&nbsp; y afirm\u00f3 que&nbsp; que est\u00e1 dispuesto a renunciar si le demuestran que todo es cierto. Pero de sus colaboradores guarda silencio absoluto.<\/p>\n\n\n\n<p class=\"wp-block-paragraph\">La candidata de Cajeme, Sonora, realiz\u00f3 una publicaci\u00f3n se\u00f1alando por acoso a Jorge \u00c1lvarez M\u00e1ynez&nbsp; y a otros miembros de Movimiento Ciudadano.&nbsp;<\/p>\n\n\n\n<p class=\"wp-block-paragraph\">La aspirante narra que ese a\u00f1o, al acudir a un evento con figuras del partido en un domicilio particular, \u00c1lvarez M\u00e1ynez habl\u00f3 con ella mientras presuntamente hac\u00eda tocamientos en su pierna y brazo.<\/p>\n\n\n\n<p class=\"wp-block-paragraph\">Puede interesarte: <\/p>\n\n\n\n<figure class=\"wp-block-embed is-type-wp-embed is-provider-semm-xico wp-block-embed-semm-xico\"><div class=\"wp-block-embed__wrapper\">\n<blockquote class=\"wp-embedded-content\" data-secret=\"099yFoirZj\"><a href=\"https:\/\/redsemlac.com\/semmexico\/el-feminismo-alza-la-voz-contra-el-partido-movimiento-ciudadano-que-nombra-al-violentador-noe-castanon-ramirez-como-vicepresidente-del-senado\/\">El feminismo alza la voz contra el partido Movimiento Ciudadano que nombra al violentador No\u00e9 Casta\u00f1\u00f3n Ram\u00edrez como vicepresidente del Senado<\/a><\/blockquote><iframe loading=\"lazy\" class=\"wp-embedded-content\" sandbox=\"allow-scripts\" security=\"restricted\" style=\"position: absolute; visibility: hidden;\" title=\"\u00abEl feminismo alza la voz contra el partido Movimiento Ciudadano que nombra al violentador No\u00e9 Casta\u00f1\u00f3n Ram\u00edrez como vicepresidente del Senado\u00bb \u2014 SemM\u00e9xico\" src=\"https:\/\/redsemlac.com\/semmexico\/el-feminismo-alza-la-voz-contra-el-partido-movimiento-ciudadano-que-nombra-al-violentador-noe-castanon-ramirez-como-vicepresidente-del-senado\/embed\/#?secret=KXFGNUdx3B#?secret=099yFoirZj\" data-secret=\"099yFoirZj\" width=\"600\" height=\"338\" frameborder=\"0\" marginwidth=\"0\" marginheight=\"0\" scrolling=\"no\"><\/iframe>\n<\/div><\/figure>\n\n\n\n<p class=\"wp-block-paragraph\">Te puede interesar :<\/p>\n\n\n\n<figure class=\"wp-block-embed is-type-wp-embed is-provider-semm-xico wp-block-embed-semm-xico\"><div class=\"wp-block-embed__wrapper\">\n<blockquote class=\"wp-embedded-content\" data-secret=\"CcVSxE9XNd\"><a href=\"https:\/\/redsemlac.com\/semmexico\/plantean-agenda-feminista-a-las-y-el-presidenciable-fuerza-politica-todas-mexico\/\">Plantean agenda feminista a las y el presidenciable; Fuerza Pol\u00edtica Todas M\u00e9xico<\/a><\/blockquote><iframe loading=\"lazy\" class=\"wp-embedded-content\" sandbox=\"allow-scripts\" security=\"restricted\" style=\"position: absolute; visibility: hidden;\" title=\"\u00abPlantean agenda feminista a las y el presidenciable; Fuerza Pol\u00edtica Todas M\u00e9xico\u00bb \u2014 SemM\u00e9xico\" src=\"https:\/\/redsemlac.com\/semmexico\/plantean-agenda-feminista-a-las-y-el-presidenciable-fuerza-politica-todas-mexico\/embed\/#?secret=oqRbZAU7I9#?secret=CcVSxE9XNd\" data-secret=\"CcVSxE9XNd\" width=\"600\" height=\"338\" frameborder=\"0\" marginwidth=\"0\" marginheight=\"0\" scrolling=\"no\"><\/iframe>\n<\/div><\/figure>\n","protected":false},"excerpt":{"rendered":"<p>Conoce las denuncias;&nbsp; AM dice&nbsp; es mentira lo de Ana Castel\u00e1n y guarda silencio sobre sus m\u00e1s cercanos, uno&nbsp; ya tiene&nbsp; denuncia formal por violencia psicol\u00f3gica y emocional Shelly Moses le pidi\u00f3&nbsp; ayuda, y mand\u00f3 a Sofia Castro Presidenta Consejo Consultivo de Mujeres en Movimiento Ciudadano a atenderla, mientras&nbsp; encubre&nbsp; Sara Lovera SemM\u00e9xico, Ciudad de [&hellip;]<\/p>\n","protected":false},"author":3,"featured_media":80164,"comment_status":"open","ping_status":"open","sticky":false,"template":"","format":"standard","meta":{"_monsterinsights_skip_tracking":false,"footnotes":""},"categories":[141,48],"tags":[881,883,330],"class_list":["post-80163","post","type-post","status-publish","format-standard","has-post-thumbnail","category-elecciones-2020-2021","category-no-mas-impunidad-no-mas-impunidad","tag-elecciones-2024","tag-jorge-alvarez-maynez","tag-movimiento-ciudadano"],"_links":{"self":[{"href":"https:\/\/redsemlac.com\/semmexico\/wp-json\/wp\/v2\/posts\/80163","targetHints":{"allow":["GET"]}}],"collection":[{"href":"https:\/\/redsemlac.com\/semmexico\/wp-json\/wp\/v2\/posts"}],"about":[{"href":"https:\/\/redsemlac.com\/semmexico\/wp-json\/wp\/v2\/types\/post"}],"author":[{"embeddable":true,"href":"https:\/\/redsemlac.com\/semmexico\/wp-json\/wp\/v2\/users\/3"}],"replies":[{"embeddable":true,"href":"https:\/\/redsemlac.com\/semmexico\/wp-json\/wp\/v2\/comments?post=80163"}],"version-history":[{"count":0,"href":"https:\/\/redsemlac.com\/semmexico\/wp-json\/wp\/v2\/posts\/80163\/revisions"}],"wp:featuredmedia":[{"embeddable":true,"href":"https:\/\/redsemlac.com\/semmexico\/wp-json\/wp\/v2\/media\/80164"}],"wp:attachment":[{"href":"https:\/\/redsemlac.com\/semmexico\/wp-json\/wp\/v2\/media?parent=80163"}],"wp:term":[{"taxonomy":"category","embeddable":true,"href":"https:\/\/redsemlac.com\/semmexico\/wp-json\/wp\/v2\/categories?post=80163"},{"taxonomy":"post_tag","embeddable":true,"href":"https:\/\/redsemlac.com\/semmexico\/wp-json\/wp\/v2\/tags?post=80163"}],"curies":[{"name":"wp","href":"https:\/\/api.w.org\/{rel}","templated":true}]}}