{"id":80138,"date":"2024-04-14T08:27:44","date_gmt":"2024-04-14T14:27:44","guid":{"rendered":"https:\/\/redsemlac.com\/semmexico\/?p=80138"},"modified":"2024-04-14T08:27:44","modified_gmt":"2024-04-14T14:27:44","slug":"abierta-la-convocatoria-de-semujeres-para-el-distintivo-de-igualdad-2024-para-empresas","status":"publish","type":"post","link":"https:\/\/redsemlac.com\/semmexico\/abierta-la-convocatoria-de-semujeres-para-el-distintivo-de-igualdad-2024-para-empresas\/","title":{"rendered":"Abierta la Convocatoria de SEMUJERES para el Distintivo de Igualdad 2024 para empresas"},"content":{"rendered":"\n<p class=\"wp-block-paragraph\">Micaela M\u00e1rquez<\/p>\n\n\n\n<p class=\"wp-block-paragraph\"><br>SemM\u00e9xico, Ciudad de M\u00e9xico, 14 de abril 2024.- La Secretar\u00eda de las Mujeres (SEMUJERES) de la Ciudad de M\u00e9xico, inform\u00f3 que ya se encuentra abierta la convocatoria para participar por el Distintivo de Igualdad entre Mujeres y Hombres de la Ciudad de M\u00e9xico 2024, un reconocimiento a las empresas, dependencias, instituciones y organizaciones civiles que incorporan la perspectiva de g\u00e9nero a sus programas, planes y estrategias.<\/p>\n\n\n\n<p class=\"wp-block-paragraph\">La primera edici\u00f3n de este Distintivo, en 2023, reconoci\u00f3 a nueve empresas por 11 buenas pr\u00e1cticas, en el marco del Tianguis Tur\u00edstico de la Ciudad de M\u00e9xico. El periodo de inscripci\u00f3n finaliza el pr\u00f3ximo 16 de julio.<\/p>\n\n\n\n<p class=\"wp-block-paragraph\">Este galard\u00f3n, que surgi\u00f3 en 2023, busca distinguir las acciones de los organismos que impulsan y fortalecen su cultura institucional para crear espacios libres de violencia y discriminaci\u00f3n que contribuyan a mejorar la calidad de vida, especialmente de las mujeres y ni\u00f1as de la Ciudad de M\u00e9xico.<\/p>\n\n\n\n<p class=\"wp-block-paragraph\">La convocatoria est\u00e1 abierta a todas las organizaciones p\u00fablicas, privadas, sociales, acad\u00e9micas, culturales, ambientales y de investigaci\u00f3n, as\u00ed como empresas de todos los rubros.<\/p>\n\n\n\n<p class=\"wp-block-paragraph\">La SEMUJERES tomar\u00e1 en cuenta criterios como acreditar la incorporaci\u00f3n de la perspectiva de g\u00e9nero en la normatividad, planeaci\u00f3n y seguimiento de estrategias y acciones del organismo; llevar a cabo procesos de selecci\u00f3n equitativa del personal, igualdad salarial y paridad en los puestos de trabajo; acciones a&nbsp; realizar para la corresponsabilidad de mujeres y hombres en materia de cuidados; y la implementaci\u00f3n de acciones de sensibilizaci\u00f3n y formaci\u00f3n en igualdad sustantiva, derechos humanos y no discriminaci\u00f3n de las mujeres.<\/p>\n","protected":false},"excerpt":{"rendered":"<p>La Secretar\u00eda de las Mujeres (SEMUJERES) de la Ciudad de M\u00e9xico, inform\u00f3 que ya se encuentra abierta la convocatoria para participar por el Distintivo de Igualdad entre Mujeres y Hombres de la Ciudad de M\u00e9xico 2024, un reconocimiento a las empresas, dependencias, instituciones y organizaciones civiles que incorporan la perspectiva de g\u00e9nero a sus programas, planes y estrategias.<\/p>\n","protected":false},"author":3,"featured_media":80139,"comment_status":"open","ping_status":"open","sticky":false,"template":"","format":"standard","meta":{"_monsterinsights_skip_tracking":false,"footnotes":""},"categories":[682],"tags":[],"class_list":["post-80138","post","type-post","status-publish","format-standard","has-post-thumbnail","category-noticias"],"_links":{"self":[{"href":"https:\/\/redsemlac.com\/semmexico\/wp-json\/wp\/v2\/posts\/80138","targetHints":{"allow":["GET"]}}],"collection":[{"href":"https:\/\/redsemlac.com\/semmexico\/wp-json\/wp\/v2\/posts"}],"about":[{"href":"https:\/\/redsemlac.com\/semmexico\/wp-json\/wp\/v2\/types\/post"}],"author":[{"embeddable":true,"href":"https:\/\/redsemlac.com\/semmexico\/wp-json\/wp\/v2\/users\/3"}],"replies":[{"embeddable":true,"href":"https:\/\/redsemlac.com\/semmexico\/wp-json\/wp\/v2\/comments?post=80138"}],"version-history":[{"count":0,"href":"https:\/\/redsemlac.com\/semmexico\/wp-json\/wp\/v2\/posts\/80138\/revisions"}],"wp:featuredmedia":[{"embeddable":true,"href":"https:\/\/redsemlac.com\/semmexico\/wp-json\/wp\/v2\/media\/80139"}],"wp:attachment":[{"href":"https:\/\/redsemlac.com\/semmexico\/wp-json\/wp\/v2\/media?parent=80138"}],"wp:term":[{"taxonomy":"category","embeddable":true,"href":"https:\/\/redsemlac.com\/semmexico\/wp-json\/wp\/v2\/categories?post=80138"},{"taxonomy":"post_tag","embeddable":true,"href":"https:\/\/redsemlac.com\/semmexico\/wp-json\/wp\/v2\/tags?post=80138"}],"curies":[{"name":"wp","href":"https:\/\/api.w.org\/{rel}","templated":true}]}}