{"id":80136,"date":"2024-04-14T08:21:09","date_gmt":"2024-04-14T14:21:09","guid":{"rendered":"https:\/\/redsemlac.com\/semmexico\/?p=80136"},"modified":"2024-04-14T08:21:09","modified_gmt":"2024-04-14T14:21:09","slug":"mujer-y-poder-hay-que-rescatar-a-mexico","status":"publish","type":"post","link":"https:\/\/redsemlac.com\/semmexico\/mujer-y-poder-hay-que-rescatar-a-mexico\/","title":{"rendered":"Mujer y Poder| Hay que Rescatar a M\u00e9xico"},"content":{"rendered":"\n<p class=\"wp-block-paragraph\">&nbsp;&nbsp;&nbsp;&nbsp;&nbsp;&nbsp;&nbsp;&nbsp;&nbsp;&nbsp;&nbsp;&nbsp;&nbsp;&nbsp;&nbsp;&nbsp;&nbsp;&nbsp;&nbsp;&nbsp;&nbsp;&nbsp;&nbsp;&nbsp;&nbsp;&nbsp;&nbsp;&nbsp;&nbsp;&nbsp;&nbsp;&nbsp;&nbsp;&nbsp;&nbsp; &nbsp;&nbsp;&nbsp;&nbsp;&nbsp;&nbsp;&nbsp;&nbsp; Urge la Participaci\u00f3n Ciudadana<\/p>\n\n\n\n<p class=\"wp-block-paragraph\">Natalia Vidales de Bitterlin<\/p>\n\n\n\n<p class=\"wp-block-paragraph\">SemM\u00e9xico, Baja California, 14 de abril, 2024.- Hay que rescatar a M\u00e9xico. Por ello, todos los ciudadanos conscientes, convencidos de lo grave y quiz\u00e1 irreparable&nbsp; que significar\u00eda &nbsp;continuar con este gobierno de Morena \u2013de Muerte, de Mentiras y de Autocracia no deberemos parar de movilizarnos en estas escasas semanas que nos quedan para el d\u00eda de las elecciones.<\/p>\n\n\n\n<p class=\"wp-block-paragraph\">El autor de La Rebeli\u00f3n de la Clase Media, Guillermo&nbsp; Velasco -quien va por todo el pa\u00eds proporcionando un manual para rescatar &nbsp;a nuestro pa\u00eds-, propuso en su reciente vista a Ensenada -como lo ha hecho en otros lugares de M\u00e9xico- una estrategia de compromiso para cada uno de los ciudadanos convencidos de que hay que mejorar el rumbo evitando &nbsp;la continuaci\u00f3n de este r\u00e9gimen &nbsp;que nos ha causado tanto da\u00f1o:&nbsp; que cada persona convenza a cinco&nbsp; ciudadanos m\u00e1s &nbsp;y las acompa\u00f1e en las urnas, lo que no es nada dif\u00edcil y demostrar\u00e1 una vez m\u00e1s que la uni\u00f3n hace la fuerza y de que piedra sobre piedra se levanta una construcci\u00f3n.<\/p>\n\n\n\n<p class=\"wp-block-paragraph\">Esto pudiera hacer la diferencia para recuperar la paz social y el bienestar para todos los mexicanos as\u00ed que\u2026\u00a1manos a la obra\u00a1 y dediquemos este tiempo para hablar y convencer a amigos, vecinos, compa\u00f1eros de trabajo, familiares, empleados\u2026porque \u00a1todos\u2026 todos y cada uno de &nbsp;los votos cuentan.<\/p>\n\n\n\n<p class=\"wp-block-paragraph\">Debemos \u201cponernos las pilas\u201d &nbsp;si en verdad queremos lograr el objetivo de cortar de tajo la destrucci\u00f3n que ha tra\u00eddo la 4T. Todav\u00eda hay -por incre\u00edble que a algunos lectores les parezca- un gran n\u00famero de mexicanos -de todas las edades-, que no est\u00e1n convencidos siquiera de ir a votar,&nbsp; quiz\u00e1 decepcionados por la narrativa oficialista de que Morena ya tiene el triunfo asegurado \u2013pero no as\u00ed, porque la \u00fanica \u201cencuesta\u201d que decide la elecci\u00f3n es la que se realizar\u00e1 en las urnas del dos de junio.&nbsp;<\/p>\n\n\n\n<p class=\"wp-block-paragraph\">Un conocido nos respondi\u00f3 recientemente: \u00a8yo aqu\u00ed estoy en lo m\u00edo , no participo en esas cosas\u00a8, refiri\u00e9ndose a la pol\u00edtica.&nbsp;&nbsp;&nbsp; Pues s\u00ed, le respondimos, todos quisi\u00e9ramos estar en \u00a8lo nuestro\u00a8, dedicarnos a la familia, a nuestros trabajos, a nuestras actividades, &nbsp;pero desafortunadamente esto solo podremos hacerlo cuando tengamos buenos gobernantes, &nbsp;honestos, preparados, respetuosos de la ley y sabi\u00e9ndose los primeros obligados en acatarla. Pero en estos tiempos en que a diario&nbsp; suceden atropellos a los &nbsp;ciudadanos por todo el pa\u00eds,&nbsp; lo que nos toca &nbsp;es permanecer en alerta y actuar, con nuestra presencia en las calles al ser llamados a las manifestaciones &nbsp;o con se\u00f1alamientos en las redes\u2026 m\u00ednimo.<\/p>\n\n\n\n<p class=\"wp-block-paragraph\">Las nuevas reformas \u2013a la Ley de Amparo, Ley de Amnist\u00eda y para&nbsp; la confiscaci\u00f3n&nbsp; de &nbsp;fondos de las &nbsp;AFORES-, que pretenden los legisladores morenistas aprobar este mismo mes, nos muestran una vez m\u00e1s el peligro en el que nos encontramos, y obliga a que, de nuevo, la sociedad civil tenga que movilizarse&nbsp;&nbsp; y protestar, aunque as\u00ed nos la llevemos &nbsp;sin descanso ante el autoritarismo imperante,&nbsp; porque de no hacerlo tal vez ma\u00f1ana quede muy poco que defender. No son, definitivo, tiempos de quedarnos callados y pasivos.<\/p>\n\n\n\n<p class=\"wp-block-paragraph\">Por ello es imperativo tomar plena consciencia de lo que est\u00e1 por venir en perjuicio de los mexicanos -de todas las clases sociales\u2026.y actuar.<\/p>\n\n\n\n<p class=\"wp-block-paragraph\">El autoritarismo de este gobierno no debe, por ning\u00fan motivo, continuar.&nbsp; Y est\u00e1 en nosotros el lograr que de nuevo prevalezca el respeto a las leyes y las instituciones, la paz, la seguridad y la concordia en nuestro querido pa\u00eds.&nbsp; Hay que defender con fuerza lo que el presidente despectivamente ha llamado&nbsp; \u00a8conservadurismo\u00a8. S\u00ed, s\u00ed queremos ser conservadores y que prevalezca entre los mexicanos&nbsp; la educaci\u00f3n de calidad, la fraternidad, la solidaridad, la seguridad perdida, la honestidad, porque son valores que nos heredaron nuestros antepasados y que deseamos tambi\u00e9n para las futuras generaciones de nuestro querido pa\u00eds.<\/p>\n\n\n\n<p class=\"wp-block-paragraph\">Por ello: debemos dedicar tiempo para hacer labor proselitista y lograr que los ciudadanos salgan a votar el 2 de junio y&nbsp; as\u00ed poder rescatar a M\u00e9xico de este desastre de gobierno. \u00bfEmpezamos?&nbsp;<\/p>\n\n\n\n<p class=\"wp-block-paragraph\"><strong>*Activista y periodista con m\u00e1s de 40 a\u00f1os de actividad profesional. Fundadora y directora de la revista Mujer y Poder. Comentarios: 6621441440. www.mujerypoder.com.mx<\/strong><\/p>\n","protected":false},"excerpt":{"rendered":"<p>Hay que rescatar a M\u00e9xico. Por ello, todos los ciudadanos conscientes, convencidos de lo grave y quiz\u00e1 irreparable\u00a0 que significar\u00eda \u00a0continuar con este gobierno de Morena \u2013de Muerte, de Mentiras y de Autocracia no deberemos parar de movilizarnos en estas escasas semanas que nos quedan para el d\u00eda de las elecciones.<\/p>\n","protected":false},"author":3,"featured_media":38550,"comment_status":"open","ping_status":"open","sticky":false,"template":"","format":"standard","meta":{"_monsterinsights_skip_tracking":false,"footnotes":""},"categories":[100,72,35],"tags":[],"class_list":["post-80136","post","type-post","status-publish","format-standard","has-post-thumbnail","category-mujer-y-poder","category-natalia-vidales","category-opinion"],"_links":{"self":[{"href":"https:\/\/redsemlac.com\/semmexico\/wp-json\/wp\/v2\/posts\/80136","targetHints":{"allow":["GET"]}}],"collection":[{"href":"https:\/\/redsemlac.com\/semmexico\/wp-json\/wp\/v2\/posts"}],"about":[{"href":"https:\/\/redsemlac.com\/semmexico\/wp-json\/wp\/v2\/types\/post"}],"author":[{"embeddable":true,"href":"https:\/\/redsemlac.com\/semmexico\/wp-json\/wp\/v2\/users\/3"}],"replies":[{"embeddable":true,"href":"https:\/\/redsemlac.com\/semmexico\/wp-json\/wp\/v2\/comments?post=80136"}],"version-history":[{"count":0,"href":"https:\/\/redsemlac.com\/semmexico\/wp-json\/wp\/v2\/posts\/80136\/revisions"}],"wp:featuredmedia":[{"embeddable":true,"href":"https:\/\/redsemlac.com\/semmexico\/wp-json\/wp\/v2\/media\/38550"}],"wp:attachment":[{"href":"https:\/\/redsemlac.com\/semmexico\/wp-json\/wp\/v2\/media?parent=80136"}],"wp:term":[{"taxonomy":"category","embeddable":true,"href":"https:\/\/redsemlac.com\/semmexico\/wp-json\/wp\/v2\/categories?post=80136"},{"taxonomy":"post_tag","embeddable":true,"href":"https:\/\/redsemlac.com\/semmexico\/wp-json\/wp\/v2\/tags?post=80136"}],"curies":[{"name":"wp","href":"https:\/\/api.w.org\/{rel}","templated":true}]}}