{"id":80127,"date":"2024-04-13T08:54:58","date_gmt":"2024-04-13T14:54:58","guid":{"rendered":"https:\/\/redsemlac.com\/semmexico\/?p=80127"},"modified":"2024-04-13T08:54:58","modified_gmt":"2024-04-13T14:54:58","slug":"la-numero-dos-de-la-onu-pide-hacer-del-2024-un-punto-de-inflexion-para-la-educacion","status":"publish","type":"post","link":"https:\/\/redsemlac.com\/semmexico\/la-numero-dos-de-la-onu-pide-hacer-del-2024-un-punto-de-inflexion-para-la-educacion\/","title":{"rendered":"La n\u00famero dos de la ONU pide hacer del 2024 un punto de inflexi\u00f3n para la educaci\u00f3n"},"content":{"rendered":"\n<p class=\"wp-block-paragraph\">\u00a9 UNFPA Honduras&nbsp;<\/p>\n\n\n\n<p class=\"wp-block-paragraph\">El bus Ruta de los Sue\u00f1os es un proyecto apoyado por el Fondo de Poblaci\u00f3n, que trabaja en estrecha colaboraci\u00f3n con las comunidades rurales para promover la salud y la educaci\u00f3n sexual y reproductiva en Honduras con el fin, entre otras cosas, de contrarrestar los embarazos no deseados.<\/p>\n\n\n\n<p class=\"wp-block-paragraph\">Redacci\u00f3n<\/p>\n\n\n\n<p class=\"wp-block-paragraph\">SemM\u00e9xico\/NoticiasONU, Ciudad de M\u00e9xico, 13 de abril, 2024.- Los sistemas educativos contempor\u00e1neos de todo el mundo se ven acosados por problemas como el acceso, la equidad, la pertinencia y la desigualdad digital, que podr\u00edan dejar atr\u00e1s a miles de millones de personas. Se necesita que los l\u00edderes mundiales aborden esta situaci\u00f3n de forma urgente.<\/p>\n\n\n\n<p class=\"wp-block-paragraph\">La vicesecretaria general de la ONU pidi\u00f3 el jueves una transformaci\u00f3n del aprendizaje, subrayando que recibir una buena educaci\u00f3n representa una esperanza para todas las generaciones futuras.<\/p>\n\n\n\n<p class=\"wp-block-paragraph\">En su intervenci\u00f3n en una reuni\u00f3n de alto nivel sobre educaci\u00f3n convocada por la Uni\u00f3n Europea (UE) en Bruselas, Amina Mohammed rindi\u00f3&nbsp;homenaje en particular a los ni\u00f1os de Gaza, que llevan m\u00e1s de seis meses sin recibir educaci\u00f3n y donde se han producido ataques directos contra 212 escuelas ..<\/p>\n\n\n\n<p class=\"wp-block-paragraph\">\u00abHoy se&nbsp;ha apagado la luz para Gaza y los ni\u00f1os de Gaza. Necesitamos un compromiso para intentar encender de nuevo esa vela para sus ni\u00f1os y su pueblo. La educaci\u00f3n es esperanza. La educaci\u00f3n es el futuro\u00bb, afirm\u00f3.<\/p>\n\n\n\n<p class=\"wp-block-paragraph\"><strong><em>Tomar Impulso<\/em><\/strong><\/p>\n\n\n\n<p class=\"wp-block-paragraph\">Este a\u00f1o se celebrar\u00e1n una serie de reuniones que se basar\u00e1n en la Cumbre para la Transformaci\u00f3n de la Educaci\u00f3n convocada por la ONU en septiembre de 2022 en respuesta a la crisis mundial de la educaci\u00f3n, despu\u00e9s de que m\u00e1s del 90% de los ni\u00f1os del mundo perdieran el acceso a las aulas durante la pandemia de Covid 19..<\/p>\n\n\n\n<p class=\"wp-block-paragraph\">En septiembre de este a\u00f1o, los l\u00edderes mundiales se reunir\u00e1n para forjar un nuevo consenso internacional en el marco de la&nbsp; Cumbre del Futuro .Mohammed pidi\u00f3 dos resultados espec\u00edficos sobre educaci\u00f3n en la Cumbre.<\/p>\n\n\n\n<p class=\"wp-block-paragraph\">\u00abEn primer lugar, necesitamos que los l\u00edderes mundiales reconozcan claramente la necesidad urgente de&nbsp;transformar la educaci\u00f3n e invertir en ella como un imperativo mundial\u00bb, declar\u00f3.<\/p>\n\n\n\n<p class=\"wp-block-paragraph\">\u00abEn segundo lugar, necesitamos grandes avances en temas que son cr\u00edticos para la educaci\u00f3n, incluyendo la&nbsp;reforma de la arquitectura financiera internacional, el fortalecimiento de la cooperaci\u00f3n digital y una nueva agenda para la&nbsp;paz.\u00bb<\/p>\n\n\n\n<p class=\"wp-block-paragraph\"><strong><em>La educaci\u00f3n, un derecho humano<\/em><\/strong><strong><em><\/em><\/strong><\/p>\n\n\n\n<p class=\"wp-block-paragraph\">Sin medidas adicionales, se&nbsp; calcula que 84 millones de ni\u00f1os&nbsp;y j\u00f3venes seguir\u00e1n sin tener acceso a las aulas en 2030, y aproximadamente 300 millones de estudiantes carecer\u00e1n de las competencias b\u00e1sicas -y vitales- en aritm\u00e9tica y lectura y escritura.<\/p>\n\n\n\n<p class=\"wp-block-paragraph\">\u00abLa educaci\u00f3n es un derecho humano fundamental.&nbsp;Invertir en educaci\u00f3n es la mayor inversi\u00f3n que podemos hacer en nuestro futuro com\u00fan, en la paz y el desarrollo sostenible, y en particular en la igualdad de g\u00e9nero\u00bb, subray\u00f3 Mohammed.<\/p>\n\n\n\n<p class=\"wp-block-paragraph\">Los sistemas educativos contempor\u00e1neos de todo el mundo se ven acosados por problemas como el acceso, la equidad, la pertinencia y la desigualdad digital, que podr\u00edan dejar atr\u00e1s a miles de millones de personas, a\u00f1adi\u00f3.<\/p>\n\n\n\n<p class=\"wp-block-paragraph\">\u00abS\u00e9 que podemos hacer de 2024 un punto de inflexi\u00f3n para la educaci\u00f3n. Pong\u00e1monos a ello\u00bb.<\/p>\n\n\n\n<p class=\"wp-block-paragraph\"><strong><em>La violencia contra las mujeres en el punto de la mira<\/em><\/strong><\/p>\n\n\n\n<figure class=\"wp-block-image size-large\"><a href=\"https:\/\/redsemlac.com\/semmexico\/wp-content\/uploads\/2024\/04\/llama-ruth-lopez-02-1.jpg\"><img decoding=\"async\" src=\"https:\/\/redsemlac.com\/semmexico\/wp-content\/uploads\/2024\/04\/llama-ruth-lopez-02-1-1024x681.jpg\" alt=\"\" class=\"wp-image-80129\"\/><\/a><\/figure>\n\n\n\n<p class=\"wp-block-paragraph\">ONU\/Loey Felipe<\/p>\n\n\n\n<p class=\"wp-block-paragraph\">La vicesecretaria general de la ONU, Amina Mohammed, reporta a los periodistas sobre el informe Financiaci\u00f3n para el Desarrollo Sostenible.<\/p>\n\n\n\n<p class=\"wp-block-paragraph\"><a href=\"https:\/\/unric.org\/en\/un-deputy-secretary-general-amina-j-mohammed-brussels-visit-10-11-april\/\" target=\"_blank\" rel=\"noreferrer noopener\">Durante su visita a Bruselas<\/a>, la vicesecretaria general tambi\u00e9n presidi\u00f3 la reuni\u00f3n del Consejo de Administraci\u00f3n de la&nbsp;<a href=\"https:\/\/www.spotlightinitiative.org\/es\" target=\"_blank\" rel=\"noreferrer noopener\"><em>Iniciativa Spot<\/em>light<\/a>, el mayor esfuerzo espec\u00edfico del mundo para eliminar la violencia contra las mujeres y las ni\u00f1as.<\/p>\n\n\n\n<p class=\"wp-block-paragraph\">La&nbsp;iniciativa de las Naciones Unidas se lleva a cabo en colaboraci\u00f3n con la UE y otras partes interesadas y responde a todas las formas de violencia contra las mujeres y las ni\u00f1as.<\/p>\n\n\n\n<p class=\"wp-block-paragraph\">Sus programas en 30 pa\u00edses y regiones, se centran en la violencia dom\u00e9stica y familiar, la violencia sexual y de g\u00e9nero y las crecientes tasas de feminicidio, junto con la trata de personas.<\/p>\n\n\n\n<p class=\"wp-block-paragraph\">Desde 2019,&nbsp;la iniciativa ha conseguido que m\u00e1s de 2,5 millones de mujeres y ni\u00f1as accedan a servicios contra la violencia de&nbsp;g\u00e9nero, y dos millones de hombres y ni\u00f1os han recibido educaci\u00f3n sobre masculinidad positiva.<\/p>\n","protected":false},"excerpt":{"rendered":"<p>Los sistemas educativos contempor\u00e1neos de todo el mundo se ven acosados por problemas como el acceso, la equidad, la pertinencia y la desigualdad digital, que podr\u00edan dejar atr\u00e1s a miles de millones de personas. Se necesita que los l\u00edderes mundiales aborden esta situaci\u00f3n de forma urgente.<\/p>\n","protected":false},"author":3,"featured_media":80128,"comment_status":"open","ping_status":"open","sticky":false,"template":"","format":"standard","meta":{"_monsterinsights_skip_tracking":false,"footnotes":""},"categories":[53],"tags":[],"class_list":["post-80127","post","type-post","status-publish","format-standard","has-post-thumbnail","category-internacional"],"_links":{"self":[{"href":"https:\/\/redsemlac.com\/semmexico\/wp-json\/wp\/v2\/posts\/80127","targetHints":{"allow":["GET"]}}],"collection":[{"href":"https:\/\/redsemlac.com\/semmexico\/wp-json\/wp\/v2\/posts"}],"about":[{"href":"https:\/\/redsemlac.com\/semmexico\/wp-json\/wp\/v2\/types\/post"}],"author":[{"embeddable":true,"href":"https:\/\/redsemlac.com\/semmexico\/wp-json\/wp\/v2\/users\/3"}],"replies":[{"embeddable":true,"href":"https:\/\/redsemlac.com\/semmexico\/wp-json\/wp\/v2\/comments?post=80127"}],"version-history":[{"count":0,"href":"https:\/\/redsemlac.com\/semmexico\/wp-json\/wp\/v2\/posts\/80127\/revisions"}],"wp:featuredmedia":[{"embeddable":true,"href":"https:\/\/redsemlac.com\/semmexico\/wp-json\/wp\/v2\/media\/80128"}],"wp:attachment":[{"href":"https:\/\/redsemlac.com\/semmexico\/wp-json\/wp\/v2\/media?parent=80127"}],"wp:term":[{"taxonomy":"category","embeddable":true,"href":"https:\/\/redsemlac.com\/semmexico\/wp-json\/wp\/v2\/categories?post=80127"},{"taxonomy":"post_tag","embeddable":true,"href":"https:\/\/redsemlac.com\/semmexico\/wp-json\/wp\/v2\/tags?post=80127"}],"curies":[{"name":"wp","href":"https:\/\/api.w.org\/{rel}","templated":true}]}}