{"id":8011,"date":"2019-05-10T18:44:57","date_gmt":"2019-05-10T18:44:57","guid":{"rendered":"https:\/\/redsemlac.com\/semmexico\/?p=8011"},"modified":"2023-07-21T14:49:16","modified_gmt":"2023-07-21T19:49:16","slug":"madres-de-desaparecidos-marchan-en-conmemoracion-del-10-de-mayo","status":"publish","type":"post","link":"https:\/\/redsemlac.com\/semmexico\/madres-de-desaparecidos-marchan-en-conmemoracion-del-10-de-mayo\/","title":{"rendered":"Madres de desaparecidos marchan en conmemoraci\u00f3n del 10 de mayo"},"content":{"rendered":"\n<p class=\"wp-block-paragraph\">Marcha por la Dignidad Nacional.<\/p>\n\n\n\n<h5 class=\"wp-block-heading\"> Exigieron la presentaci\u00f3n de los m\u00e1s de 3 mil desaparecidos y desaparecidas.<\/h5>\n\n\n\n<p class=\"wp-block-paragraph\"><a href=\"https:\/\/semmexico.com\/gallery-post.php?id=8128#\">Josefina Aguilar Pastor,<\/a><\/p>\n\n\n\n<p class=\"wp-block-paragraph\">SemM\u00e9xico. Chilpancingo, Guerrero, 10&nbsp;&nbsp;de mayo de 2019.- Con la consigna \u201ces 10 de mayo no hay nada que celebrar si t\u00fa no est\u00e1s\u201d, madres y familiares de desaparecidos, marcharon este viernes en Chilpancingo, en conmemoraci\u00f3n del d\u00eda de las Madres.&nbsp;<\/p>\n\n\n\n<p class=\"wp-block-paragraph\">Madres Buscadoras de Guerrero de varios colectivos, llevaron a cabo la denominada \u201cMarcha por la Dignidad Nacional\u201d, que sali\u00f3 del monumento a la Madre, ubicada en las oficinas del DIF Estatal, con rumbo al Congreso del Estado.&nbsp;<\/p>\n\n\n\n<p class=\"wp-block-paragraph\">Durante el trayecto, exigieron la presentaci\u00f3n de los m\u00e1s de 3 mil desaparecidos y desaparecidas registradas en el Estado de Guerrero. \u201cDonde est\u00e1n, donde est\u00e1n&nbsp;&nbsp;nuestros hijos, donde est\u00e1n\u201d, \u201cporque vivos se los llevaron, vivos los queremos\u201d, \u201cCongreso escucha,&nbsp;&nbsp;madres en la lucha hija escucha tu madre est\u00e1 en la lucha\u201d, fueron algunas de las consignas.<\/p>\n\n\n\n<p class=\"wp-block-paragraph\">En un peque\u00f1o mitin realizado en la entrada del Poder Legislativo Local, Adriana Gardu\u00f1o Salazar, del Centro de Atenci\u00f3n a V\u00edctimas, \u201cMinerva Bello\u201d, recrimin\u00f3 la opacidad con que la Fiscal\u00eda General del Estado (FGE), manejan los casos de desaparecidos, y exigi\u00f3 transparencia en la informaci\u00f3n para conocer los avances de las investigaciones.<\/p>\n\n\n\n<p class=\"wp-block-paragraph\">No es posible reclam\u00f3, que con la cantidad de tecnolog\u00eda, de personal, de recursos que tiene la instancia investigadora, \u201cno nos pueden decir que no hay indicios de donde est\u00e1n nuestros familiares, ojala se tenga al dignidad y se est\u00e9 a la altura y voluntad pol\u00edtica para que los funcionarios en turno,&nbsp;&nbsp;el nuevo comisionado puedan dar una respuesta a las madres y familias de donde est\u00e1n sus seres queridos\u201d.<\/p>\n\n\n\n<p class=\"wp-block-paragraph\">\u201cMi voz est\u00e1 cansada, pero nunca se va a opacar, yo seguir\u00e9 gritando hasta encontrar a mi herma a mi sobrina y cada uno de sus familiares seguiremos en lucha; el Estado no nos va a callar, no nos a tranquilizar,&nbsp;&nbsp;vamos a seguir, tenemos que tener resultados\u201d sostuvo Yolizin Mart\u00ednez Corrales, del Colectivo \u201cRa\u00fal Trujillo\u201d.<\/p>\n\n\n\n<p class=\"wp-block-paragraph\">Son los familiares, no las comisiones supuestamente encargadas de hacerlo, la que est\u00e1n buscando a sus familiares desaparecidos, no es el gobern\u00f3, el Congreso, \u201clas autoridades no siente nuestro dolor, este festejo est\u00e1 incompleto porque nuestro familiar&nbsp;&nbsp;no est\u00e1n como nosotros que tratamos de sobrevivir d\u00eda a d\u00eda, porque nuestra vida est\u00e1 cortada porque nuestros familiares no regresan a casa\u201d,&nbsp;agreg\u00f3&nbsp;&nbsp;Mart\u00ednez Corrales, quien advirti\u00f3 que continuaran busc\u00e1ndolos, no van a cansarse, llam\u00f3 a la sociedad a unirse a esta b\u00fasqueda, a su dolor, a sus causas \u201csi hubiera el&nbsp;&nbsp;fin del mundo lo cruzaremos por encontrar a nuestros familiares\u201d, recalc\u00f3.<\/p>\n\n\n\n<p class=\"wp-block-paragraph\">Los y las manifestantes fueron recibidos por una comisi\u00f3n de diputados de Morena, Ricardo Castillo, Adalid P\u00e9rez Galeana, Alfredo S\u00e1nchez Esquivel y la diputada&nbsp;&nbsp;Norma Otilia Hern\u00e1ndez Mart\u00ednez. Jos\u00e9 Filiberto Vel\u00e1zquez, director del Centro de Atenci\u00f3n a V\u00edctimas, \u201cMinerva Bello\u201d, reconoci\u00f3 que la ley de b\u00fasqueda de personas es&nbsp;buena pero no se ha aplicado como se debe;&nbsp;&nbsp;\u201cah\u00ed es donde hay esa exigencia\u201d, dijo,&nbsp;&nbsp;que la comisi\u00f3n de atenci\u00f3n a v\u00edctimas y la nueva comisi\u00f3n estatal de b\u00fasqueda puedan funcionar conforme a derecho y conforme a la homologaci\u00f3n de las leyes nacionales, \u201cm\u00e1s que discursos, queremos hechos\u201d. Plante\u00f3 la necesidad de establecer una mesa de dialogo con el resto de los diputado locales y el Fiscal General del Estado, Jorge Zuriel de los Santos Barrilla.<\/p>\n\n\n\n<p class=\"wp-block-paragraph\">Adalid P\u00e9rez Galeana, refiri\u00f3 que el diputado Carlos Cruz L\u00f3pez, present\u00f3 la iniciativa de ley de presunci\u00f3n de desaparici\u00f3n, para beneficiar a los familiares de personas que tienen muchos a\u00f1os desaparecidos, y por esa causa, no pueden hacer alg\u00fan tipo de movimiento familiar o de bienes, como cobrar el seguro de vida, y aunque existe la esperanza de encontrarlos con vida, lo que el congreso busca con esta propuesta, es dar certeza jur\u00eddica a las familias, indic\u00f3.<\/p>\n\n\n\n<p class=\"wp-block-paragraph\">Yolizin Mart\u00ednez Corrales y la activista Mar\u00eda Luisa Garfias Mar\u00edn reconocieron la buena fe de la iniciativa, sin embargo se\u00f1alaron la necesidad de no ser aprobada hasta que las familiares la conozcan y puedan aportar algo m\u00e1s para mejorarla, o incluso quitar aquello que pudiera perjudicarles.<\/p>\n\n\n\n<p class=\"wp-block-paragraph\">\u201cNecesitamos que nos apoyen a nosotros no a terceras personas, ustedes o saben lo que nos puede beneficiar o perjudicar, la declaraci\u00f3n de presunci\u00f3n es buena pero tambi\u00e9n tiene muchas desventajas\u201d, expuso la familiar.<\/p>\n\n\n\n<p class=\"wp-block-paragraph\">La diputada Norma Otilia Hern\u00e1ndez Mart\u00ednez, propuso establecer una primera mesa de dialogo con los y las diputadas el pr\u00f3ximo mi\u00e9rcoles, en tanto, gestionaban la reuni\u00f3n con el fiscal general del Estado.&nbsp;<\/p>\n","protected":false},"excerpt":{"rendered":"<p>Marcha por la Dignidad Nacional. Exigieron la presentaci\u00f3n de los m\u00e1s de 3 mil desaparecidos y desaparecidas. Josefina Aguilar Pastor, SemM\u00e9xico. Chilpancingo, Guerrero, 10&nbsp;&nbsp;de mayo de 2019.- Con la consigna \u201ces 10 de mayo no hay nada que celebrar si t\u00fa no est\u00e1s\u201d, madres y familiares de desaparecidos, marcharon este viernes en Chilpancingo, en conmemoraci\u00f3n [&hellip;]<\/p>\n","protected":false},"author":3,"featured_media":8012,"comment_status":"open","ping_status":"open","sticky":false,"template":"","format":"standard","meta":{"_monsterinsights_skip_tracking":false,"footnotes":""},"categories":[690,54],"tags":[],"class_list":["post-8011","post","type-post","status-publish","format-standard","has-post-thumbnail","category-690","category-mujeres"],"_links":{"self":[{"href":"https:\/\/redsemlac.com\/semmexico\/wp-json\/wp\/v2\/posts\/8011","targetHints":{"allow":["GET"]}}],"collection":[{"href":"https:\/\/redsemlac.com\/semmexico\/wp-json\/wp\/v2\/posts"}],"about":[{"href":"https:\/\/redsemlac.com\/semmexico\/wp-json\/wp\/v2\/types\/post"}],"author":[{"embeddable":true,"href":"https:\/\/redsemlac.com\/semmexico\/wp-json\/wp\/v2\/users\/3"}],"replies":[{"embeddable":true,"href":"https:\/\/redsemlac.com\/semmexico\/wp-json\/wp\/v2\/comments?post=8011"}],"version-history":[{"count":0,"href":"https:\/\/redsemlac.com\/semmexico\/wp-json\/wp\/v2\/posts\/8011\/revisions"}],"wp:featuredmedia":[{"embeddable":true,"href":"https:\/\/redsemlac.com\/semmexico\/wp-json\/wp\/v2\/media\/8012"}],"wp:attachment":[{"href":"https:\/\/redsemlac.com\/semmexico\/wp-json\/wp\/v2\/media?parent=8011"}],"wp:term":[{"taxonomy":"category","embeddable":true,"href":"https:\/\/redsemlac.com\/semmexico\/wp-json\/wp\/v2\/categories?post=8011"},{"taxonomy":"post_tag","embeddable":true,"href":"https:\/\/redsemlac.com\/semmexico\/wp-json\/wp\/v2\/tags?post=8011"}],"curies":[{"name":"wp","href":"https:\/\/api.w.org\/{rel}","templated":true}]}}