{"id":80080,"date":"2024-04-12T13:32:57","date_gmt":"2024-04-12T19:32:57","guid":{"rendered":"https:\/\/redsemlac.com\/semmexico\/?p=80080"},"modified":"2024-04-12T13:32:57","modified_gmt":"2024-04-12T19:32:57","slug":"version-estenografica-de-la-inauguracion-al-encuentro-entre-expertas-e-instituciones-para-dar-respuesta-al-x-informe-de-mexico-ante-el-comite-para-la-eliminacion-de-todas-las-formas-de-discriminacion","status":"publish","type":"post","link":"https:\/\/redsemlac.com\/semmexico\/version-estenografica-de-la-inauguracion-al-encuentro-entre-expertas-e-instituciones-para-dar-respuesta-al-x-informe-de-mexico-ante-el-comite-para-la-eliminacion-de-todas-las-formas-de-discriminacion\/","title":{"rendered":"VERSI\u00d3N ESTENOGR\u00c1FICA DE LA INAUGURACI\u00d3N AL ENCUENTRO ENTRE EXPERTAS E INSTITUCIONES PARA DAR RESPUESTA AL X INFORME DE M\u00c9XICO ANTE EL COMIT\u00c9 PARA LA ELIMINACI\u00d3N DE TODAS LAS FORMAS DE DISCRIMINACI\u00d3N CONTRA LA MUJER (CEDAW) Y EL EXAMEN NACIONAL SOBRE LA IMPLEMENTACI\u00d3N DE LA DECLARACI\u00d3N Y LA PLATAFORMA DE ACCI\u00d3N DE BEIJING (PAB)"},"content":{"rendered":"\n<p class=\"wp-block-paragraph\">SemM\u00e9xico, 12 de abril 2024<\/p>\n\n\n\n<p class=\"wp-block-paragraph\"><strong>Presentadora:&nbsp;<\/strong>Sean bienvenidas todas las personas al encuentro entre expertas e instituciones para dar respuesta al D\u00e9cimo Informe de M\u00e9xico ante el Comit\u00e9 Para la Eliminaci\u00f3n de Todas las Formas de Discriminaci\u00f3n contra la Mujer y el examen Nacional sobre la Implementaci\u00f3n de la Declaraci\u00f3n y la Plataforma de Acci\u00f3n de Beijing.<\/p>\n\n\n\n<p class=\"wp-block-paragraph\">Para inaugurar este evento, agradecemos la presencia y participaci\u00f3n de la Consejera Electoral y Presidenta de la Comisi\u00f3n de Igualdad de G\u00e9nero y No Discriminaci\u00f3n del Instituto Nacional Electoral, Maestra Rita Bell L\u00f3pez Vences.<\/p>\n\n\n\n<p class=\"wp-block-paragraph\">De la Subsecretaria de Desarrollo Democr\u00e1tico, Participaci\u00f3n Social y Asuntos Religiosos de la Secretaria de Gobernaci\u00f3n, Licenciada Iris Mariana Rodr\u00edguez Bello.<\/p>\n\n\n\n<p class=\"wp-block-paragraph\">De la Consejera Electoral e Integrante de la Comisi\u00f3n de Igualdad de G\u00e9nero y No Discriminaci\u00f3n del Instituto Nacional Electoral, Claudia Zavala P\u00e9rez.<\/p>\n\n\n\n<p class=\"wp-block-paragraph\">Del Consejero Electoral e integrante de la Comisi\u00f3n de Igualdad de G\u00e9nero y No Discriminaci\u00f3n del Instituto Nacional Electoral, Maestro Jorge Monta\u00f1o Ventura.<\/p>\n\n\n\n<p class=\"wp-block-paragraph\">De la Directora de Asuntos Internacionales de la Mujer, de la Secretar\u00eda de Relaciones Exteriores, Licenciada Dolores Geraldine Gachuz Mart\u00ednez.<\/p>\n\n\n\n<p class=\"wp-block-paragraph\">Y de la Coordinadora de Asuntos Internacionales del Instituto Nacional de las Mujeres, Licenciada Sandra Patricia Mendoza Dur\u00e1n.<\/p>\n\n\n\n<p class=\"wp-block-paragraph\">Agradecemos la presencia de personas ponentes y moderadoras de este encuentro.<\/p>\n\n\n\n<p class=\"wp-block-paragraph\">Y gracias tambi\u00e9n a quienes siguen la transmisi\u00f3n en vivo a trav\u00e9s de la p\u00e1gina web y redes sociales oficiales del Instituto Nacional Electoral.<\/p>\n\n\n\n<p class=\"wp-block-paragraph\">Para dar inicio, damos la palabra a la Consejera Rita Bell L\u00f3pez Vences.<\/p>\n\n\n\n<p class=\"wp-block-paragraph\"><strong>Consejera del INE, Rita Bell L\u00f3pez Vences:&nbsp;<\/strong>Muchas gracias.<\/p>\n\n\n\n<p class=\"wp-block-paragraph\">Muy buenas tardes a todas las personas que nos acompa\u00f1an en este Encuentro, a las que est\u00e1n de manera presencial y tambi\u00e9n a las personas que van a dar seguimiento a trav\u00e9s de las redes sociales.<\/p>\n\n\n\n<p class=\"wp-block-paragraph\">Un gusto estar siendo anfitrionas y coordinadoras de este Encuentro tan importante. Saludo con mucho gusto, por supuesto, a la Licenciada Iris Rodr\u00edguez, a la Licenciada Dolores Geraldine, y tambi\u00e9n a la Licenciada Sandra Patricia Mendoza. Nuevamente, un gusto estar con ustedes.<\/p>\n\n\n\n<p class=\"wp-block-paragraph\">Y por supuesto,&nbsp; a todas las mujeres importantes y brillantes que nos acompa\u00f1an en esta Mesa y que estar\u00e1n como ponentes en la misma. Un gusto saludarlas a todas. No quiero omitir a ninguna, entonces disc\u00falpenme si no las menciono una por una, pero ustedes saben que ustedes van a tener su momento para intervenir, y esperamos con mucho gusto ya escucharlas muy pronto con sus intervenciones.<\/p>\n\n\n\n<p class=\"wp-block-paragraph\">Bienvenidas sean todas ustedes. Muchas gracias por acompa\u00f1arnos.<\/p>\n\n\n\n<p class=\"wp-block-paragraph\">Justo nos encontramos aqu\u00ed para dar respuesta como Estado mexicano, a dos grandes pactos de la comunidad internacional, en cuanto al logro de igualdad y derechos de las mujeres.<\/p>\n\n\n\n<p class=\"wp-block-paragraph\">La Convenci\u00f3n sobre la Eliminaci\u00f3n de todas las formas de discriminaci\u00f3n contra la mujer, considerada como la Carta Internacional de los Derechos de los Mujeres, ya que es el instrumento internacional vinculante m\u00e1s amplio sobre los derechos humanos de mujeres y ni\u00f1as. Y cuyo informe peri\u00f3dico tenemos que entregar este 15 de abril, entonces s\u00ed andamos a marchas forzadas haciendo este trabajo.<\/p>\n\n\n\n<p class=\"wp-block-paragraph\">Y el otro pacto ser\u00eda la Declaraci\u00f3n y la Plataforma de Beijing, resultado como saben, de la Cuarta Conferencia Mundial sobre la Mujer, que se celebr\u00f3 en China en 1995.<\/p>\n\n\n\n<p class=\"wp-block-paragraph\">Como saben, ambos instrumentos son de vanguardia y as\u00ed como tambi\u00e9n las recomendaciones del Comit\u00e9 de la CEDAW ha sido la hoja de ruta y el marco de pol\u00edticas internacionales m\u00e1s exhaustivo para contrarrestar los efectos de la discriminaci\u00f3n hacia las mujeres, para caminar hacia la igualdad de g\u00e9nero, considerando las particularidades de las mujeres en cada regi\u00f3n del pa\u00eds.<\/p>\n\n\n\n<p class=\"wp-block-paragraph\">Otras veces han sido nuestra gu\u00eda para tejer acuerdos y medidas con mujeres de diversos sectores. Y pues hoy toca hacer una pausa a fin de evaluar lo andado, reconocer obst\u00e1culos que permanecen y vislumbrar posibles soluciones.<\/p>\n\n\n\n<p class=\"wp-block-paragraph\">Y, bueno, pues tambi\u00e9n no olvidemos que estos documentos, estos instrumentos tan importantes, pues tambi\u00e9n a ellos debemos estar por donde estamos actualmente. Entonces tambi\u00e9n hacer esta pausa y revisarlo es muy, muy importante.<\/p>\n\n\n\n<p class=\"wp-block-paragraph\">El INE preside justo el Subgrupo de Participaci\u00f3n Pol\u00edtica de la Comisi\u00f3n de Seguimiento de las Observaciones del Comit\u00e9 para la Eliminaci\u00f3n de la Discriminaci\u00f3n Contra las Mujeres de las Naciones Unidas en el seno del Sistema Nacional para la Igualdad entre Mujeres y Hombres, y por ello, de acuerdo a las atribuciones de la Comisi\u00f3n de Igualdad de G\u00e9nero y No Discriminaci\u00f3n del Instituto, como \u00f3rgano auxiliar del Consejo General del INE, para dar continuidad a los asuntos en materia de paridad, liderazgo pol\u00edtico de las mujeres, prevenci\u00f3n de la violencia pol\u00edtica contra las mujeres en raz\u00f3n de g\u00e9nero, inclusi\u00f3n, no discriminaci\u00f3n y acciones afirmativas.<\/p>\n\n\n\n<p class=\"wp-block-paragraph\">Generamos este espacio de intercambio entre las instituciones del Estado mexicano, las organizaciones de la sociedad civil y expertas a favor de los derechos humanos de las mujeres, en aras de construir un informe m\u00e1s completo que recoja las opiniones sobre la participaci\u00f3n pol\u00edtica de las mujeres mexicanas a la luz de compromisos adquiridos y tambi\u00e9n de las recomendaciones de la CEDAW y con ello, pues fortalecer el informe con temporalidad al 2025,&nbsp;para conmemorar justo los 30 a\u00f1os de Beijing.<\/p>\n\n\n\n<p class=\"wp-block-paragraph\">As\u00ed que la invitaci\u00f3n es a arrastrar el l\u00e1piz, a plantear todas estas situaciones, que reflexionemos sobre los progresos que ha tenido tanto la Convenci\u00f3n Sobre la Eliminaci\u00f3n de Todas las Formas de Discriminaci\u00f3n Contra la Mujer, as\u00ed como la Plataforma de Acci\u00f3n de Beijing y dialogar e identificar los pendientes por atender, as\u00ed como proponer acciones que lo solventen.<\/p>\n\n\n\n<p class=\"wp-block-paragraph\">Su participaci\u00f3n es muy importante, sabemos de todo su andar, de su experiencia de su caminar. Creo que esta mesa es muy importante, recoge voces autorizadas que han estudiado, investigado y dado seguimiento.<\/p>\n\n\n\n<p class=\"wp-block-paragraph\">Y lo que aqu\u00ed se platiqu\u00e9, lo que aqu\u00ed se recoja va a ser de verdad un gran insumo y de gran relevancia todo lo que aqu\u00ed se plantee.<\/p>\n\n\n\n<p class=\"wp-block-paragraph\">Pues concluyo mi intervenci\u00f3n.<\/p>\n\n\n\n<p class=\"wp-block-paragraph\">Primero, a nombre de la Presidenta del Instituto Nacional Electoral, que ten\u00eda mucho inter\u00e9s en estar en esta mesa y que me ha pedido que las salude a todas ustedes con mucho cari\u00f1o y que les agradezca mucho su participaci\u00f3n; por cuestiones de una actividad que tenemos en unos minutos ya no le fue posible acompa\u00f1arnos y no quer\u00eda tampoco que retras\u00e1ramos m\u00e1s el inicio de la mesa, pero ella estar\u00e1 muy pendiente de lo que aqu\u00ed se resuelva. Les ha dejado un saludo y tambi\u00e9n una disculpa por no podernos acompa\u00f1ar, pero ella va a estar muy al pendiente de estos trabajos.<\/p>\n\n\n\n<p class=\"wp-block-paragraph\">As\u00ed que me parece que al igual que yo, pues celebramos junto con la Consejera Claudia Zavala y el Consejero Monta\u00f1o, que integramos tambi\u00e9n la Comisi\u00f3n de Igualdad de G\u00e9nero, pues esta oportunidad de seguir tejiendo y destejiendo la democracia&nbsp;que todav\u00eda est\u00e1 en este proceso de tener estos cimientos de la paridad sustantiva, con tantas mujeres experimentadas, conocedoras y sabias que se encuentran en esta mesa y que sin duda, tendremos comentarios y observaciones muy puntales desde su experiencia.<\/p>\n\n\n\n<p class=\"wp-block-paragraph\">Nos sentimos muy honradas de tenerlas en este d\u00eda, de contar con ustedes y de poder pues ser part\u00edcipes de tener los resultados que vaya a emitir de este encuentro.<\/p>\n\n\n\n<p class=\"wp-block-paragraph\">Much\u00edsimas gracias, sean todas bienvenidas.<\/p>\n\n\n\n<p class=\"wp-block-paragraph\">Y que sean de mucho provecho y con un gran producto los trabajos que aqu\u00ed se recogen.<\/p>\n\n\n\n<p class=\"wp-block-paragraph\">Muchas gracias.<\/p>\n\n\n\n<p class=\"wp-block-paragraph\"><strong>Presentadora:&nbsp;<\/strong>Muchas gracias, consejera.<\/p>\n\n\n\n<p class=\"wp-block-paragraph\">A continuaci\u00f3n, damos la palabra a la Licenciada Iris Mariana Rodr\u00edguez Bello.<\/p>\n\n\n\n<p class=\"wp-block-paragraph\"><strong>Subsecretaria de Desarrollo Democr\u00e1tico, Participaci\u00f3n Social y Asuntos Religiosos de la Secretar\u00eda de Gobernaci\u00f3n, Iris Mariana Rodr\u00edguez Bello:&nbsp;<\/strong>Muy buenas tardes a todas y todos.<\/p>\n\n\n\n<p class=\"wp-block-paragraph\">Agradezco, primero, al Instituto Nacional Electoral, por invitarme a este Encuentro.<\/p>\n\n\n\n<p class=\"wp-block-paragraph\">Saludo con afecto a todas las compa\u00f1eras que se encuentran en este panel.<\/p>\n\n\n\n<p class=\"wp-block-paragraph\">Es un honor para m\u00ed compartir esta mesa con ustedes y, sobre todo, un tema tan importante y necesario como es la eliminaci\u00f3n de todas las formas de discriminaci\u00f3n contra la mujer.<\/p>\n\n\n\n<p class=\"wp-block-paragraph\">Compartirles que desde la Subsecretar\u00eda de Desarrollo Democr\u00e1tico, Participaci\u00f3n Social y Asuntos Religiosos, cuentan con una aliada comprometida con el intercambio de ideas, encaminadas a construir un mejor lugar para todas.<\/p>\n\n\n\n<p class=\"wp-block-paragraph\">Tengan la certeza de que estamos conscientes de la importancia de impulsar el desarrollo y la participaci\u00f3n de las mujeres.<\/p>\n\n\n\n<p class=\"wp-block-paragraph\">Hemos impulsado la soluci\u00f3n de conflictos y la promoci\u00f3n de la paz, vincul\u00e1ndonos tambi\u00e9n de forma sin\u00e9rgica con organizaciones de la sociedad civil, en particular con grupos y redes de mujeres, porque estamos convencidas de que solo con el trabajo conjunto podemos lograr mejores esfuerzos que se traduzcan en acciones afirmativas, que transformen la realidad de todas las mujeres, no solo las de unas cuentas.<\/p>\n\n\n\n<p class=\"wp-block-paragraph\">Reconocemos que existe una deuda hist\u00f3rica y que gracias a todas las luchas de las mujeres que nos antecedieron, hoy tenemos la oportunidad de ocupar espacios como estos, y que es nuestro deber honrarlas con la reivindicaci\u00f3n de la lucha por nuestros derechos.<\/p>\n\n\n\n<p class=\"wp-block-paragraph\">En este sentido, sabemos que la democracia exige la participaci\u00f3n de las mujeres, no solo en la vida pol\u00edtica, sino tambi\u00e9n en la vida econ\u00f3mica y social.<\/p>\n\n\n\n<p class=\"wp-block-paragraph\">Por ello, el ejercicio real de los derechos, oportunidades, libertades y distribuci\u00f3n de los recursos, es indispensable para lograr una igualdad sustantiva.<\/p>\n\n\n\n<p class=\"wp-block-paragraph\">S\u00f3lo as\u00ed podremos hablar de una democracia consolidada, cuando exista la plena participaci\u00f3n de todas las mujeres en todos los \u00e1mbitos, y est\u00e9 garantizada una vida libre de violencia.<\/p>\n\n\n\n<p class=\"wp-block-paragraph\">Que no quede la menor duda que la lucha feminista va acompa\u00f1ada del combate a la pobreza, a la violencia econ\u00f3mica, pol\u00edtica, patrimonial, psicol\u00f3gica y cualquier tipo de discriminaci\u00f3n que no permita el pleno desarrollo de nuestras libertades.<\/p>\n\n\n\n<p class=\"wp-block-paragraph\">Hoy el Instituto Nacional Electoral tiene una tarea enorme y juega un papel muy importante y fundamental en el impulso del ejercicio de los derechos pol\u00edticos de las mujeres; trabajemos juntas para que se consolide, porque la democracia no s\u00f3lo se trata del ejercicio del voto o de que unas cuantas puedan acceder a espacios de representaci\u00f3n. Una verdadera democracia es donde las mujeres gozan de libertad y de sus derechos, no s\u00f3lo se queda en lo abstracto.<\/p>\n\n\n\n<p class=\"wp-block-paragraph\">Hoy tenemos el privilegio de estar reunidas en este lugar, rodeadas de quienes compartimos la idea de convertir en certezas los ideales, por ello las invito a que desde cada instituci\u00f3n que representamos, trabajemos para que las oportunidades lleguen a todas.<\/p>\n\n\n\n<p class=\"wp-block-paragraph\">Reconocemos los avances y nos comprometemos para construir el lugar que queremos habitar, aquel que merezca la pena ser vivido. Sigamos construyendo un mejor lugar, un espacio en el que las mujeres y ni\u00f1as de este pa\u00eds sepan que caminamos juntas, que celebramos nuestra diversidad y que nos unimos ante la adversidad.<\/p>\n\n\n\n<p class=\"wp-block-paragraph\">Much\u00edsimas gracias.<\/p>\n\n\n\n<p class=\"wp-block-paragraph\"><strong>Presentadora:&nbsp;<\/strong>Muchas gracias.<\/p>\n\n\n\n<p class=\"wp-block-paragraph\">A continuaci\u00f3n damos la palabra al Consejero Electoral Jorge Monta\u00f1o Ventura.<\/p>\n\n\n\n<p class=\"wp-block-paragraph\"><strong>Consejero del INE, Jorge Monta\u00f1o Ventura:<\/strong>&nbsp;Muchas gracias.<\/p>\n\n\n\n<p class=\"wp-block-paragraph\">Me permito saludarles a todas y a todos, por supuesto, tambi\u00e9n que nos acompa\u00f1an. Sean todas bienvenidas.<\/p>\n\n\n\n<p class=\"wp-block-paragraph\">Muchas gracias por concederme el privilegio y el honor de estar en este importante evento de mujeres, todas muy talentosas, sobresalientes. Y cr\u00e9anme, no es muy cotidiano que tengamos la oportunidad de conjuntarnos todos o al menos yo, poder compartir con ustedes algo tan importante como el d\u00eda de hoy.<\/p>\n\n\n\n<p class=\"wp-block-paragraph\">Saludo a mi compa\u00f1era la Consejera Rita&nbsp;Bell L\u00f3pez Vences, a la Consejera Claudia Zavala P\u00e9rez y tambi\u00e9n, por supuesto, a la Licenciada Iris Rodr\u00edguez, as\u00ed como que son con quienes integro el panel, as\u00ed como a todas y a todos ustedes.<\/p>\n\n\n\n<p class=\"wp-block-paragraph\">Y por cuestiones de tiempo tambi\u00e9n les saludo, y ya no har\u00e9 menci\u00f3n a cada una de ellas, pero mi respeto para todos ustedes.<\/p>\n\n\n\n<p class=\"wp-block-paragraph\">Creo que la \u00fanica forma precisamente de ir construyendo un sistema democr\u00e1tico o que se pueda llamar un sistema democr\u00e1tico igualitario y plural, es \u00fanicamente con la participaci\u00f3n de todas las mujeres.<\/p>\n\n\n\n<p class=\"wp-block-paragraph\">Hoy las mujeres j\u00f3venes, si algunos tenemos hijas, sobrinas o vecinas j\u00f3venes que est\u00e1n incursionando en alguna actividad del servicio p\u00fablico o desean incursionar en alguna actividad, tienen un andamiaje distinto al que ten\u00edamos nosotros cuando inici\u00e1bamos en esta funci\u00f3n o en esta \u00e1rea de esta materia electoral o de desarrollo social.<\/p>\n\n\n\n<p class=\"wp-block-paragraph\">Hace muchos a\u00f1os no ten\u00edamos las mismas, no estaban las mismas condiciones dadas. Hoy, si bien es cierto falta mucho, pero mucho por hacer, creo, las condiciones ya son m\u00e1s favorables. Tenemos la participaci\u00f3n, al menos ya en el sector p\u00fablico paritaria.<\/p>\n\n\n\n<p class=\"wp-block-paragraph\">Debemos de seguir construyendo y yo me anoto, me apunto y me comprometo a siempre caminar de la mano con las mujeres, promoviendo, protegiendo y tutelando sus derechos, desde donde me encuentre de una funci\u00f3n p\u00fablica o como un simple ciudadano m\u00e1s.<\/p>\n\n\n\n<p class=\"wp-block-paragraph\">Los avances est\u00e1n m\u00e1s que evidentes. Insisto, creo que todav\u00eda debemos de seguir dando pasos hacia adelante. Seguramente y obligadamente ya es un imperativo, ten\u00eda que ser as\u00ed.<\/p>\n\n\n\n<p class=\"wp-block-paragraph\">Reconociendo el trabajo de todas ustedes, porque me queda muy claro, como lo dije, sin la participaci\u00f3n de las mujeres no podr\u00edamos hablar de una sociedad verdaderamente democr\u00e1tica.<\/p>\n\n\n\n<p class=\"wp-block-paragraph\">Hoy me congratulo, porque estamos con mujeres, como dije, muy sobresalientes,&nbsp;veo sus nombres, estaba yo ahorita leyendo y las \u00e1reas donde participan.<\/p>\n\n\n\n<p class=\"wp-block-paragraph\">Estamos hablando de un ambiente de car\u00e1cter internacional. La verdad las felicito por ello.<\/p>\n\n\n\n<p class=\"wp-block-paragraph\">Me congratulo mucho y, por supuesto, que, como ya les dije, consid\u00e9renme un aliado para seguir trabajando, avanzando en la erradicaci\u00f3n de la violencia pol\u00edtica contra las mujeres.<\/p>\n\n\n\n<p class=\"wp-block-paragraph\">Aplaudo los avances, el que ya la violencia pol\u00edtica contra las mujeres en raz\u00f3n de g\u00e9nero, m\u00e1s all\u00e1 de ser un simple procedimiento administrativo, ya se encuentra tipificado, es considerado ya un delito.<\/p>\n\n\n\n<p class=\"wp-block-paragraph\">Y lo que nos falta por hacer, sigamos caminando de la mano, cuenten con el Instituto Nacional Electoral, la Unidad de G\u00e9nero, la Comisi\u00f3n de G\u00e9nero, que me siento igual, muy honrado de presidirla con mis compa\u00f1eras consejeras, siempre con las puertas abiertas y yo nuevamente muy agradecido con todas ustedes.<\/p>\n\n\n\n<p class=\"wp-block-paragraph\">Muchas gracias.<\/p>\n\n\n\n<p class=\"wp-block-paragraph\"><strong>Presentadora:<\/strong>&nbsp;Muchas gracias, consejero.<\/p>\n\n\n\n<p class=\"wp-block-paragraph\">Para continuar, damos el uso de la voz a la Licenciada Sandra Patricia Mendoza Dur\u00e1n.<\/p>\n\n\n\n<p class=\"wp-block-paragraph\"><strong>Coordinadora de Asuntos Internacionales del Instituto Nacional de las Mujeres, Sandra Patricia Mendoza Dur\u00e1n:<\/strong>&nbsp;Hola, muy buenas tardes.<\/p>\n\n\n\n<p class=\"wp-block-paragraph\">Much\u00edsimas gracias por esta invitaci\u00f3n al Instituto Nacional Electoral, en particular a las consejeras, al consejero, a la Arquitecta Flor Dessir\u00e9 Le\u00f3n Hern\u00e1ndez y un honor estar aqu\u00ed en esta mesa, con las compa\u00f1eras que aqu\u00ed nos acompa\u00f1an.<\/p>\n\n\n\n<p class=\"wp-block-paragraph\">A nombre de la Presidenta del Instituto Nacional de las Mujeres, Nadine Gasman Zylbermann, para quien estos informes son una prioridad. Estamos muy contentos de participar en este d\u00eda.<\/p>\n\n\n\n<p class=\"wp-block-paragraph\">Tambi\u00e9n saludos, Subsecretaria Rodr\u00edguez Bello, un honor estar con usted.<\/p>\n\n\n\n<p class=\"wp-block-paragraph\">Y bueno, ya la Consejera Bell platicaba un poquito sobre antecedentes de la CEDAW, de la Plataforma de Acci\u00f3n de Beijing.<\/p>\n\n\n\n<p class=\"wp-block-paragraph\">Quisiera abundar un poco en este tema, aunque mi compa\u00f1era, mi querida compa\u00f1era Geraldine Gachuz va tambi\u00e9n a ampliar la informaci\u00f3n, pero poner un poquito de antecedentes; bueno, este es el X Informe ante el Comit\u00e9 CEDAW que va a presentar M\u00e9xico.<\/p>\n\n\n\n<p class=\"wp-block-paragraph\">En 2021 el Comit\u00e9 inform\u00f3 al Estado mexicano que pod\u00edamos presentar un informe a trav\u00e9s de un procedimiento simplificado.<\/p>\n\n\n\n<p class=\"wp-block-paragraph\">Este es el procedimiento que se va a usar en este X Informe, que nos fue notificado el 3 de noviembre de 2023. Nos mandaron la lista de cuestiones a las que debemos responder como Estado mexicano.<\/p>\n\n\n\n<p class=\"wp-block-paragraph\">Y el Informe, en el caso del Informe CEDAW; bueno, tiene una fecha perentoria para noviembre de 2024, pero se ha tomado la decisi\u00f3n de que se presente como un informe que nos permita tambi\u00e9n recopilar lo que se ha hecho en esta administraci\u00f3n en cuesti\u00f3n del cumplimiento a las recomendaciones.<\/p>\n\n\n\n<p class=\"wp-block-paragraph\">Tambi\u00e9n comentarles que son aproximadamente 24 temas generales los que conforman este D\u00e9cimo Informe ante el Comit\u00e9 CEDAW, con diversos subtemas, y se da seguimiento en su mayor\u00eda a las recomendaciones que se hicieron a M\u00e9xico en 2018, as\u00ed como los compromisos que M\u00e9xico ha presentado en los \u00faltimos a\u00f1os como la ratificaci\u00f3n de tratados internacionales de la OIT e instrumentaci\u00f3n de planes nacionales Sobre Mujer, Paz, Seguridad, Cambio Clim\u00e1tico y G\u00e9nero, entre otros temas.<\/p>\n\n\n\n<p class=\"wp-block-paragraph\">Ahora, sobre el Informe de la Plataforma de Acci\u00f3n de Beij\u00edn, comentarles que como ya dec\u00eda la consejera, esta es nuestra ruta hacia la igualdad de g\u00e9nero. Los pa\u00edses que suscribieron esta plataforma de acci\u00f3n se comprometieron a combatir limitaciones y obst\u00e1culos hacia la igualdad entre hombres y mujeres, y a promover el adelanto y la potenciaci\u00f3n del papel de las mujeres en todo el mundo.<\/p>\n\n\n\n<p class=\"wp-block-paragraph\">De este modo reconocemos 12 esferas o se plantearon 12 esferas en esta plataforma de acci\u00f3n, que se refieren a la persistencia de la pobreza que afecta a las mujeres, a las disparidades e insuficiencias y desigualdad de acceso en materia de educaci\u00f3n y capacitaci\u00f3n, lo mismo que en acceso a la salud y servicios conexos, violencia contra la mujer, consecuencias de los conflictos armados y de otro tipo en las mujeres, incluidas las que viven bajo ocupaci\u00f3n extranjera.<\/p>\n\n\n\n<p class=\"wp-block-paragraph\">El tema de desigualdad en las estructuras y pol\u00edticas econ\u00f3micas, en todas las formas de actividades productivas y en el acceso a los recursos. La desigualdad en el ejercicio del poder y en la adopci\u00f3n de decisiones a todos los niveles.<\/p>\n\n\n\n<p class=\"wp-block-paragraph\">La falta de mecanismos suficientes para promover el adelanto de la mujer. La falta de respeto y promoci\u00f3n y protecci\u00f3n insuficientes de los derechos humanos de la mujer.<\/p>\n\n\n\n<p class=\"wp-block-paragraph\">Los estereotipos y la desigualdad de acceso y participaci\u00f3n en los sistemas de comunicaci\u00f3n, especialmente los medios de difusi\u00f3n.<\/p>\n\n\n\n<p class=\"wp-block-paragraph\">Las desigualdades basadas en el g\u00e9nero, en la gesti\u00f3n de recursos naturales y protecci\u00f3n del medio ambiente.<\/p>\n\n\n\n<p class=\"wp-block-paragraph\">Y, finalmente, la persistencia de la discriminaci\u00f3n hacia las ni\u00f1as.<\/p>\n\n\n\n<p class=\"wp-block-paragraph\">Entonces, estas son las dos esferas que se van a revisar. Y para cada una de estas esferas, adem\u00e1s si nos remitimos al documento original de 1995, se identifican tanto objetivos estrat\u00e9gicos como una serie detallada de medidas relacionadas que nos van a permitir avanzar a cada Estado, a cada pa\u00eds en la agenda de la igualdad.<\/p>\n\n\n\n<p class=\"wp-block-paragraph\">Y en cuanto a este Informe debemos presentarlo el 1\u00ba de junio de este a\u00f1o. Como ya comentaban, el pr\u00f3ximo a\u00f1o se cumple el 30 Aniversario de la Plataforma de Acci\u00f3n de Beijing, entonces lo que se va a hacer es que se van a obtener a partir de estos informes nacionales, se va primero a realizar un Informe regional y, posteriormente, se va a hacer ya un informe que va a comprender a todos los pa\u00edses.<\/p>\n\n\n\n<p class=\"wp-block-paragraph\">El Informe de la Plataforma de Acci\u00f3n de Beijing est\u00e1 conformado por cinco secciones y nos requiere un informe descriptivo de m\u00e1ximo tres p\u00e1ginas, y la extensi\u00f3n total del informe no debe rebasar las 90 p\u00e1ginas. Y aqu\u00ed ya es un foco a tomar en cuenta, porque nos permite ver el nivel de resumen, de s\u00edntesis que nos exige este informe.<\/p>\n\n\n\n<p class=\"wp-block-paragraph\">Entonces las secciones m\u00e1s o menos para que las conozcan ustedes, son los principales desaf\u00edos y logros en la presentaci\u00f3n general del examen y despu\u00e9s, nuestros logros y desaf\u00edos de los \u00faltimos cinco a\u00f1os.<\/p>\n\n\n\n<p class=\"wp-block-paragraph\">Aqu\u00ed ya vemos que tambi\u00e9n tenemos que hacer un ejercicio de reflexionar en cada una de las instituciones sobre cu\u00e1les han sido estos logros, cu\u00e1les son estos avances y estos retos que persisten. Tenemos que ser muy claras en poderlos identificar de nuestras instituciones y posicionarlos de manera adecuada en el informe.<\/p>\n\n\n\n<p class=\"wp-block-paragraph\">Las otras secciones se refieren al an\u00e1lisis detallado de medidas adoptadas en las dos esferas de acci\u00f3n, a los procesos y mecanismos nacionales para la implementaci\u00f3n de la plataforma y al progreso de disponibilidad de datos desagregados.<\/p>\n\n\n\n<p class=\"wp-block-paragraph\">Ya quienes est\u00e1n aqu\u00ed representando alguna instituci\u00f3n, posiblemente ya recibieron nuestros formularios, nuestros cuestionarios, porque lo siguiente que les quiero comentar es cu\u00e1l fue la propuesta de respuesta que planteamos desde las instituciones; y la respuesta fue que lo \u00edbamos a hacer a trav\u00e9s o en el marco de nuestra Comisi\u00f3n CEDAW.<\/p>\n\n\n\n<p class=\"wp-block-paragraph\">La Comisi\u00f3n CEDAW nace en el 2019 con el objetivo justo de atender en una acci\u00f3n concertada o intersecretarial, las observaciones que ten\u00edamos por parte del Comit\u00e9 de Expertas. Es de verdad una Comisi\u00f3n ejemplar, yo dir\u00eda que pr\u00e1cticamente \u00fanica en su tipo, porque s\u00ed ha podido a trav\u00e9s de estas mesas de trabajo, movilizar a las instituciones para dar respuesta a los temas.<\/p>\n\n\n\n<p class=\"wp-block-paragraph\">Entonces nos planteamos que \u00edbamos a tratar de que se respondieran al mismo tiempo los dos informes o por lo menos con un mismo formulario, porque son bastante distintos, aunque tienen temas en particular, el abordaje es muy diferente, \u00bfno?<\/p>\n\n\n\n<p class=\"wp-block-paragraph\">De este modo construimos una matriz donde Canciller\u00eda y nosotras tratamos de identificar las similitudes y particularidades de ambos informes, y distribuimos las tem\u00e1ticas entre estas seis mesas de trabajo que tenemos en la Comisi\u00f3n CEDAW, que si recordar\u00e1n son de acceso y procuraci\u00f3n de justicia, una.<\/p>\n\n\n\n<p class=\"wp-block-paragraph\">La Mesa Dos, que es Violencia de G\u00e9nero Contra las Mujeres, con dos subgrupos. Uno, el Subgrupo de Violencia Pol\u00edtica y el Subgrupo de Armonizaci\u00f3n Legislativa.<\/p>\n\n\n\n<p class=\"wp-block-paragraph\">Tercero, el Grupo de Salud Sexual y Reproductiva.<\/p>\n\n\n\n<p class=\"wp-block-paragraph\">Cuarto, el Grupo de Igualdad Laboral.<\/p>\n\n\n\n<p class=\"wp-block-paragraph\">Quinto, el Grupo de Educaci\u00f3n.<\/p>\n\n\n\n<p class=\"wp-block-paragraph\">Y el \u00faltimo, el de Atenci\u00f3n de Problem\u00e1ticas Estructurales y Empoderamiento Econ\u00f3mico.<\/p>\n\n\n\n<p class=\"wp-block-paragraph\">Ahora, hay instituciones que son las que presiden estas estos grupos de trabajo, y adem\u00e1s tenemos instituciones que reconocemos como que atienden el tema de manera transversal o que tienen que ver en todos los temas que son el INPI, SIPINNA y CONAPRED.<\/p>\n\n\n\n<p class=\"wp-block-paragraph\">Entonces, lo que hicimos fue que convocamos a una sesi\u00f3n de la Comisi\u00f3n CEDAW, y hay ciertos temas que escapan a estos grupos que yo les mencion\u00e9. De este modo, lo que hicimos fue invitar a las instituciones que tienen que ver con los temas de migraci\u00f3n, cambio clim\u00e1tico, estad\u00edstica, mujeres en reclusi\u00f3n, presupuesto con perspectiva de g\u00e9nero y mujeres, paz y seguridad, que son m\u00e1s o menos temas que identificamos que no precisamente pertenecen estos subgrupos.<\/p>\n\n\n\n<p class=\"wp-block-paragraph\">Y de este modo tambi\u00e9n invitamos a las instituciones de las mujeres, de las entidades federativas, porque hay tem\u00e1ticas. M\u00e1s bien queremos que nos compartan cu\u00e1les son sus avances, pero tambi\u00e9n hay tem\u00e1ticas particulares de algunos estados que ya se les compartieron y que ya nos est\u00e1n haciendo el favor de responder.<\/p>\n\n\n\n<p class=\"wp-block-paragraph\">\u00bfAhorita en qu\u00e9 estamos? En el proceso de revisi\u00f3n de toda la informaci\u00f3n que ustedes ya nos hicieron llegar. Nosotras desde el INMUJERES, estamos encargadas de hacer el borrador y avanzar con ustedes para la revisi\u00f3n de este borrador del Informe de la Plataforma de Acci\u00f3n de Beijing y Canciller\u00eda har\u00e1 lo propio con el D\u00e9cimo Informe ante el Comit\u00e9 CEDAW.<\/p>\n\n\n\n<p class=\"wp-block-paragraph\">En todo momento les queremos reiterar a las instituciones que cuentan con nuestro acompa\u00f1amiento y tambi\u00e9n decirles a las organizaciones de la sociedad civil que nos da un enorme gusto que el d\u00eda de hoy vamos a poder escuchar sus voces, que est\u00e1 pensado que ya teniendo estos borradores vamos a tener oportunidad de socializarlos con ustedes y, sobre todo, de recibir su retroalimentaci\u00f3n en el caso del Informe de la Plataforma de Acci\u00f3n de Beij\u00edn, bueno, pues cu\u00e1les son estos temas que a ustedes les parecen important\u00edsimos en cuanto a logros, avances y retos que nos quedan en este periodo.<\/p>\n\n\n\n<p class=\"wp-block-paragraph\">Como yo les dec\u00eda, se trata de que estos informes recojan lo que se ha hecho en esta administraci\u00f3n. Coinciden m\u00e1s o menos con los tiempos de esta administraci\u00f3n. Entonces, los estamos tomando pues pr\u00e1cticamente como un informe que va a dar cuenta de lo que se hizo durante este gobierno.<\/p>\n\n\n\n<p class=\"wp-block-paragraph\">Y, por tanto, lo que sigue, pues es esto, avanzar en tener un informe s\u00f3lido que d\u00e9 cuenta de los avances, retos, logros del Estado mexicano, tanto en lo que nos pregunta la lista de cuestiones del X Informe ante el Comit\u00e9 CEDAW, como lo que nos plantea la Plataforma de Acci\u00f3n de Beijing.<\/p>\n\n\n\n<p class=\"wp-block-paragraph\">Y tambi\u00e9n comentarles que, tenemos otro proceso que acaba de iniciar. Justo los d\u00edas anteriores recibimos el primer borrador de la recomendaci\u00f3n general n\u00famero 40 de representaci\u00f3n igualitaria e inclusiva de las mujeres en los sistemas de tomas de decisiones.<\/p>\n\n\n\n<p class=\"wp-block-paragraph\">Y lo comento aqu\u00ed, porque creo que toda esta reflexi\u00f3n que se va a generar el d\u00eda de hoy nos va a ayudar tambi\u00e9n incluso para alimentar esta recomendaci\u00f3n general, que todav\u00eda est\u00e1 muy incipiente y que creo que tenemos tambi\u00e9n avances destacad\u00edsimos que reportar como Estado mexicano.<\/p>\n\n\n\n<p class=\"wp-block-paragraph\">La reforma de paridad en todo es ejemplar, de verdad que cuando vamos a los foros internacionales somos la envidia de todos los pa\u00edses pr\u00e1cticamente, o sea, hay muy pocos pa\u00edses, se cuentan con los dedos, que tienen paridad, y mucho menos paridad en todo. Entonces creo que es algo en lo que debemos de trabajar.<\/p>\n\n\n\n<p class=\"wp-block-paragraph\">Tambi\u00e9n todo este sistema, este marco legal que se ha desarrollado para atender, sancionar la violencia pol\u00edtica, no contra las mujeres.<\/p>\n\n\n\n<p class=\"wp-block-paragraph\">El hecho de que todas estas cuestiones que se han desarrollado en los \u00faltimos a\u00f1os nos han llevado a que las elecciones que vamos a vivir ya en un par de meses, son en las que m\u00e1s mujeres han participado hist\u00f3ricamente, que el a\u00f1o pasado celebramos el 70 Aniversario del Voto y, en fin, tantas cosas que tenemos que decir al respecto, por supuesto sin hacer a un lado los retos con los que nos quedamos.<\/p>\n\n\n\n<p class=\"wp-block-paragraph\">Entonces yo me quedo aqu\u00ed, s\u00e9 que Gera va a completar el panorama que tenemos frente a nosotros con estos informes y de verdad que agradecemos much\u00edsimo y estamos muy atentas a todo lo que vamos a recibir el d\u00eda de hoy, que sin duda va a contribuir enormemente para avanzar en estos dos informes.<\/p>\n\n\n\n<p class=\"wp-block-paragraph\">Much\u00edsimas gracias.<\/p>\n\n\n\n<p class=\"wp-block-paragraph\"><strong>Presentadora:<\/strong>&nbsp;Muchas gracias.<\/p>\n\n\n\n<p class=\"wp-block-paragraph\">Para continuar, damos la palabra a la Licenciada Dolores Geraldine Gachuz Mart\u00ednez.<\/p>\n\n\n\n<p class=\"wp-block-paragraph\"><strong>Directora de Asuntos Internacionales de la Mujer de la Secretar\u00eda de Relaciones Exteriores, Dolores Geraldine Gachuz Mart\u00ednez:<\/strong>&nbsp;Buenas tardes.<\/p>\n\n\n\n<p class=\"wp-block-paragraph\">Muchas gracias por la palabra y al INE, de verdad muchas gracias por la iniciativa y por la invitaci\u00f3n, y por recibirnos en su casa, en un recinto muy ilustrativo de \u201clo que queremos alcanzar, pues la igualdad es lo que entre hombres y mujeres debe existir todo el tiempo\u201d.<\/p>\n\n\n\n<p class=\"wp-block-paragraph\">Qu\u00e9 significativo estar ac\u00e1 y muchas gracias por la invitaci\u00f3n, envi\u00e1ndoles un agradecimiento por parte de la Canciller, de nuestro Subsecretario para Asuntos Multilaterales y Derechos Humanos y nuestro Director General de Derechos Humanos y Democracia, que de verdad la colaboraci\u00f3n con el INE de manera particular y el espacio de encuentro que podemos tener nos va a ayudar a seguir avanzando, no solo en estos informes, sino en todos los retos que tenemos enfrente.<\/p>\n\n\n\n<p class=\"wp-block-paragraph\">Agradecemos de manera particular al INE por el liderazgo en materia del subgrupo de violencia pol\u00edtica que tiene la Comisi\u00f3n CEDAW, que es esta comisi\u00f3n, que como ya lo mencionaba Sandra en su intervenci\u00f3n, es una comisi\u00f3n que existe desde 2018, que se cre\u00f3 a partir de las \u00faltimas recomendaciones que el Comit\u00e9 CEDAW nos emiti\u00f3 en 2018.<\/p>\n\n\n\n<p class=\"wp-block-paragraph\">Quisiera destacar que esta comisi\u00f3n es uno de los dos o tres mecanismos nacionales de seguimiento que existen, que han logrado conjuntar hasta el momento a m\u00e1s de 40 instituciones en diversos niveles, incluso a instituciones de estados, como ya Sandra lo dec\u00eda en la \u00faltima reuni\u00f3n intersecretarial, a prop\u00f3sito de informe se nos unieron m\u00e1s de 20 estado de la Rep\u00fablica que, digamos, que le dan un valor muy significativo a esta comisi\u00f3n.<\/p>\n\n\n\n<p class=\"wp-block-paragraph\">La comisi\u00f3n, justo como ya lo dec\u00eda Sandra, de la cual es parte el INE, coordinar\u00e1 no solo el D\u00e9cimo Informe CEDAW, sino el Informe Nacional sobre el Seguimiento a la Plataforma de Acci\u00f3n de Beijing.<\/p>\n\n\n\n<p class=\"wp-block-paragraph\">Aqu\u00ed me gustar\u00eda destacar la importancia que M\u00e9xico que le ha puesto a esta agenda internacional y nos podemos remontar desde tiempos muy atr\u00e1s, desde 1975 fuimos pa\u00eds sede de la Primera Conferencia Mundial de la Mujer y justo a partir de la adopci\u00f3n de la Plataforma de Acci\u00f3n de Beijing, en 1995 nos comprometimos con el seguimiento a las 12 esferas de la plataforma que ya Sandra nos mencionaba.<\/p>\n\n\n\n<p class=\"wp-block-paragraph\">Y adem\u00e1s tambi\u00e9n, fuimos sede del Foro Generaci\u00f3n Igualdad en 2021, con el convencimiento justo de la necesidad de avanzar, este foro fue impulsado por M\u00e9xico y con Francia en colaboraci\u00f3n con ONU Mujeres, que lo que pretend\u00eda era justo poder actualizar de los retos que tenemos alrededor de las 12 esferas de Beijing, y adem\u00e1s generar una especie de plan catalizador para 2025, en el cual todos los estado estados estamos dando seguimiento a seis coaliciones de acci\u00f3n que salieron.<\/p>\n\n\n\n<p class=\"wp-block-paragraph\">Y bueno, M\u00e9xico sigue comprometido con esa agenda y con el seguimiento a la plataforma, es por eso que este foro nos alegra bastante.<\/p>\n\n\n\n<p class=\"wp-block-paragraph\">Tambi\u00e9n, en el marco de nuestra pol\u00edtica exterior feminista vemos la oportunidad de tomar como base el seguimiento de estos compromisos internacionales, por un lado la CEDAW, pero por otro lado la Plataforma de Acci\u00f3n de Beijing; dos instrumentos que uno jur\u00eddicamente vinculante y el otro un instrumento de&nbsp;<em>soft-loft&nbsp;<\/em>pero que tambi\u00e9n nos permite seguir fortaleciendo el compromiso pol\u00edtico de instituciones como las nuestras, para el seguimiento a los informes.<\/p>\n\n\n\n<p class=\"wp-block-paragraph\">Pero lo que aqu\u00ed quiero destacar es que estos elementos internacionales nos permiten seguir fortaleciendo la pol\u00edtica p\u00fablica. En M\u00e9xico desde el gobierno federal, en particular sabemos los retos que tenemos; tenemos muchos avances y muchos de ellos en participaci\u00f3n pol\u00edtica, como ya lo mencionaba Sandra, que nos llenan de mucho orgullo y que somos puntero a nivel internacional, somos el cuarto lugar a nivel mundial en temas de participaci\u00f3n pol\u00edtica. Entonces eso nos debe hacer sentir muy orgullosos.<\/p>\n\n\n\n<p class=\"wp-block-paragraph\">Pero por otro lado, con humildad, tenemos que aceptar los retos que tenemos, que son evidentes y que tampoco son ajenos a ninguna sociedad del mundo, y que son bastante estructurales desde la concepci\u00f3n de las desigualdades estructurales, los estereotipos, los roles que lamentablemente se han asignado socialmente a las mujeres.<\/p>\n\n\n\n<p class=\"wp-block-paragraph\">Pero vemos justo desde Canciller\u00eda, en esa Agenda internacional, una oportunidad de ser una bisagra para fortalecer la pol\u00edtica p\u00fablica, que es justo lo que nos mueve.<\/p>\n\n\n\n<p class=\"wp-block-paragraph\">M\u00e9xico, en ese sentido, ha tenido de manera consistente una pol\u00edtica de apertura, el escrutinio internacional en materia de derechos humanos, desde 2001; y desde 2019 a la fecha se han presentado 35 informes nacionales en el Sistema Interamericano y en el Sistema Universal de Derechos Humanos, y en esa misma temporalidad se han sustentado seis informes nacionales.<\/p>\n\n\n\n<p class=\"wp-block-paragraph\">Justo esta semana tuvimos la sustentaci\u00f3n de nuestro informe ante el Comit\u00e9 para la Eliminaci\u00f3n de la Discriminaci\u00f3n Racial, una sustentaci\u00f3n que abarc\u00f3 temas muy variados de la Agenda de Derechos Humanos, ah\u00ed por supuesto tocamos temas de participaci\u00f3n de mujeres ind\u00edgenas, que tambi\u00e9n nos enorgullece tener aqu\u00ed a nuestro Instituto Nacional de los Pueblos Ind\u00edgenas que nos va a hablar posteriormente de las medidas al respecto.<\/p>\n\n\n\n<p class=\"wp-block-paragraph\">Pero tambi\u00e9n lo que quiero destacar es c\u00f3mo estos comit\u00e9s tambi\u00e9n hacen un cruce en todos los temas, \u00bfno?<\/p>\n\n\n\n<p class=\"wp-block-paragraph\">Uno pensar\u00eda que hablando de discriminaci\u00f3n racial se pueden hablar de temas muy espec\u00edficos, pero en realidad la funci\u00f3n de los comit\u00e9s es tambi\u00e9n abordar un enfoque integral e interseccional, y es justo la importancia de todo lo que se hace a nivel internacional para fortalecer la pol\u00edtica p\u00fablica.<\/p>\n\n\n\n<p class=\"wp-block-paragraph\">Celebro tambi\u00e9n que colegas de instituciones nos acompa\u00f1an en otras mesas, como ya lo mencionaba, el Instituto Nacional de los Pueblos Ind\u00edgenas, con la licenciada Yanet, y con el Maestro Marcos Mat\u00edas, y SIPINNA que tambi\u00e9n nos acompa\u00f1ar\u00e1 al Tribunal Electoral del Poder Judicial de la Federaci\u00f3n.<\/p>\n\n\n\n<p class=\"wp-block-paragraph\">Pero tambi\u00e9n a nuestras colegas de sociedad civil y academia que nos acompa\u00f1an, a la Doctora Gloria, a la Licenciada Luc\u00eda Lagunes, a Adriana Jim\u00e9nez que se viene incorporando a Equidad. Muy bienvenida.<\/p>\n\n\n\n<p class=\"wp-block-paragraph\">Y tambi\u00e9n a Norma Don Juan, que tambi\u00e9n nos ha acompa\u00f1ado en procesos internacionales y es experta en todo esto y, de verdad, muchas gracias tambi\u00e9n por estar aqu\u00ed con nuestro compromiso de seguir fortaleciendo el di\u00e1logo con ustedes en el seguimiento de estos dos informes.<\/p>\n\n\n\n<p class=\"wp-block-paragraph\">Y valoramos mucho tambi\u00e9n estos espacios de construcci\u00f3n conjunta y di\u00e1logo, y no me queda m\u00e1s que reafirmar el compromiso de la Canciller\u00eda mexicana en este aspecto y reafirmar el agradecimiento.<\/p>\n\n\n\n<p class=\"wp-block-paragraph\">Mil gracias.<\/p>\n\n\n\n<p class=\"wp-block-paragraph\"><strong>Presentadora:<\/strong>&nbsp;Muchas gracias. A continuaci\u00f3n, solicitamos a todas las personas ponerse de pie para la toma de la fotograf\u00eda oficial. Les invitamos a que pasen atr\u00e1s de las personas integrantes del Pres\u00eddium. Vamos a hacer una toma de fotograf\u00eda oficial del acto inaugural. Gracias.<\/p>\n\n\n\n<p class=\"wp-block-paragraph\">Muchas gracias.<\/p>\n\n\n\n<p class=\"wp-block-paragraph\"><strong>-o0o-<\/strong><\/p>\n\n\n\n<p class=\"wp-block-paragraph\">Categor\u00edas<a href=\"https:\/\/centralelectoral.ine.mx\/category\/discursos-opinion\/\">Discursos y Opini\u00f3n<\/a>,&nbsp;<a href=\"https:\/\/centralelectoral.ine.mx\/category\/noticias\/\">Noticias<\/a>Etiquetas<a href=\"https:\/\/centralelectoral.ine.mx\/tag\/discursos\/\">Discursos<\/a>,&nbsp;<a href=\"https:\/\/centralelectoral.ine.mx\/tag\/mujeres\/\">Mujeres<\/a><a href=\"https:\/\/centralelectoral.ine.mx\/2024\/04\/11\/version-estenografica-de-la-inauguracion-al-encuentro-entre-expertas-e-instituciones-para-dar-al-x-informe-de-mexico-ante-el-comite-para-la-eliminacion-de-todas-las-formas-de-discriminacion-contra-la\/#respond\">Deja un comentario<\/a><\/p>\n\n\n\n<p class=\"wp-block-paragraph\"><a href=\"https:\/\/centralelectoral.ine.mx\/2024\/04\/11\/realiza-ine-encuentro-entre-expertas-para-dar-respuesta-al-x-informe-de-mexico-ante-la-cedaw\/\">Realiza INE encuentro entre expertas para dar respuesta al X Informe de M\u00e9xico ante la CEDAW<\/a><\/p>\n\n\n\n<p class=\"wp-block-paragraph\"><a href=\"https:\/\/centralelectoral.ine.mx\/2024\/04\/11\/ceceoc-brinda-servicio-a-partidos-y-ciudadania-sobre-el-padron-y-lista-nominal-de-tamaulipas-en-el-marco-del-proceso-electoral-2023-2024\/\">CECEOC brinda servicio a partidos y ciudadan\u00eda sobre el Padr\u00f3n y Lista Nominal de Tamaulipas en el marco del Proceso Electoral 2023-2024<\/a><\/p>\n","protected":false},"excerpt":{"rendered":"<p>SemM\u00e9xico, 12 de abril 2024 Presentadora:&nbsp;Sean bienvenidas todas las personas al encuentro entre expertas e instituciones para dar respuesta al D\u00e9cimo Informe de M\u00e9xico ante el Comit\u00e9 Para la Eliminaci\u00f3n de Todas las Formas de Discriminaci\u00f3n contra la Mujer y el examen Nacional sobre la Implementaci\u00f3n de la Declaraci\u00f3n y la Plataforma de Acci\u00f3n de [&hellip;]<\/p>\n","protected":false},"author":3,"featured_media":80081,"comment_status":"open","ping_status":"open","sticky":false,"template":"","format":"standard","meta":{"_monsterinsights_skip_tracking":false,"footnotes":""},"categories":[193],"tags":[],"class_list":["post-80080","post","type-post","status-publish","format-standard","has-post-thumbnail","category-documentos"],"_links":{"self":[{"href":"https:\/\/redsemlac.com\/semmexico\/wp-json\/wp\/v2\/posts\/80080","targetHints":{"allow":["GET"]}}],"collection":[{"href":"https:\/\/redsemlac.com\/semmexico\/wp-json\/wp\/v2\/posts"}],"about":[{"href":"https:\/\/redsemlac.com\/semmexico\/wp-json\/wp\/v2\/types\/post"}],"author":[{"embeddable":true,"href":"https:\/\/redsemlac.com\/semmexico\/wp-json\/wp\/v2\/users\/3"}],"replies":[{"embeddable":true,"href":"https:\/\/redsemlac.com\/semmexico\/wp-json\/wp\/v2\/comments?post=80080"}],"version-history":[{"count":0,"href":"https:\/\/redsemlac.com\/semmexico\/wp-json\/wp\/v2\/posts\/80080\/revisions"}],"wp:featuredmedia":[{"embeddable":true,"href":"https:\/\/redsemlac.com\/semmexico\/wp-json\/wp\/v2\/media\/80081"}],"wp:attachment":[{"href":"https:\/\/redsemlac.com\/semmexico\/wp-json\/wp\/v2\/media?parent=80080"}],"wp:term":[{"taxonomy":"category","embeddable":true,"href":"https:\/\/redsemlac.com\/semmexico\/wp-json\/wp\/v2\/categories?post=80080"},{"taxonomy":"post_tag","embeddable":true,"href":"https:\/\/redsemlac.com\/semmexico\/wp-json\/wp\/v2\/tags?post=80080"}],"curies":[{"name":"wp","href":"https:\/\/api.w.org\/{rel}","templated":true}]}}