{"id":8003,"date":"2019-05-10T18:40:56","date_gmt":"2019-05-10T18:40:56","guid":{"rendered":"https:\/\/redsemlac.com\/semmexico\/?p=8003"},"modified":"2023-07-21T14:49:16","modified_gmt":"2023-07-21T19:49:16","slug":"marchas-madres-en-veracruz","status":"publish","type":"post","link":"https:\/\/redsemlac.com\/semmexico\/marchas-madres-en-veracruz\/","title":{"rendered":"Marchas madres en Veracruz"},"content":{"rendered":"\n<p class=\"wp-block-paragraph\">Van a trabajar para encontrar un sitio donde colocar los restos humanos.<\/p>\n\n\n\n<h5 class=\"wp-block-heading\"> Ellas, muchas de ellas madres de las personas desaparecidas, esperan encontrar a sus seres queridos con vida<\/h5>\n\n\n\n<p class=\"wp-block-paragraph\"><a href=\"https:\/\/semmexico.com\/gallery-post.php?id=8130#\">Ana Alicia Osorio,<\/a><\/p>\n\n\n\n<p class=\"wp-block-paragraph\">SemM\u00e9xico. Veracruz. 10 de mayo de 2019.-Una vez m\u00e1s las calles de Veracruz se llenaron de fotograf\u00edas de mujeres, hombres, ni\u00f1as y ni\u00f1os a quienes sus familiares buscan. Una vez m\u00e1s esas mujeres que integran los colectivos de b\u00fasqueda de personas desaparecidas pidieron por su pronto regreso.&nbsp;<br>Las diversos colectivos salieron en el Puerto de Veracruz, Xalapa, Orizaba y Coatzacoalcos con un mismo clamor: \u00bfD\u00f3nde est\u00e1n?<br>Ellas, muchas de ellas madres de las personas desaparecidas, esperan encontrar a sus seres queridos con vida. Pero esas esperanzas se hacen peque\u00f1as con cada nueva noticia de fosas clandestinas que se encuentran y que parecen no acabar.&nbsp;<br>Ahora los colectivos de b\u00fasqueda se encuentren en un predio en el municipio de \u00darsulo Galv\u00e1n donde ya van 60 fosas clandestinas encontradas, de donde los restos humanos no han sido exhumados a\u00fan.&nbsp;<br>A esa cantidad se suman los 298 cuerpos que se encontraron en Colinas de Santa Fe, los m\u00e1s de 140 en Arbolillo y un sin fin de fosas clandestinas m\u00e1s en el territorio veracruzano.&nbsp;<br>Adem\u00e1s, en los \u00faltimos d\u00edas las mujeres recibieron un an\u00f3nimo donde les dicen que en el penal de Coatzacoalcos se encuentra una fosa clandestina.&nbsp;<br>Luc\u00eda de los \u00c1ngeles D\u00edaz Genao, integrante del Colectivo Solecito de Veracruz, dijo que ya tuvieron acercamiento con la Comisi\u00f3n Estatal de B\u00fasqueda quien a su vez ya est\u00e1 haciendo las gestiones necesarias para hacer la b\u00fasqueda.&nbsp;<br>Se\u00f1al\u00f3 que en el sitio que marca el an\u00f3nimo es necesario levantar unas losas de cemento y hacer diversas maniobras, por lo que consideran que es necesario esperar hasta que terminen el trabajo en las fosas clandestinas de \u00darsulo Galv\u00e1n para que los colectivos puedan participar.&nbsp;<br>Asimismo, indic\u00f3 que van a trabajar para encontrar un sitio donde colocar los restos humanos ya que son muchos y el servicio forense se encuentra rebasado.&nbsp;<br>\u201cTenemos muchos restos y tenemos muy pocas identificaciones, es necesario ya que comencemos a trabajar y precisamente el lunes tenemos una reuni\u00f3n de emergencia con el gobernador para ver el tema forense\u00bb, indic\u00f3.<\/p>\n","protected":false},"excerpt":{"rendered":"<p>Van a trabajar para encontrar un sitio donde colocar los restos humanos. Ellas, muchas de ellas madres de las personas desaparecidas, esperan encontrar a sus seres queridos con vida Ana Alicia Osorio, SemM\u00e9xico. Veracruz. 10 de mayo de 2019.-Una vez m\u00e1s las calles de Veracruz se llenaron de fotograf\u00edas de mujeres, hombres, ni\u00f1as y ni\u00f1os [&hellip;]<\/p>\n","protected":false},"author":3,"featured_media":8004,"comment_status":"open","ping_status":"open","sticky":false,"template":"","format":"standard","meta":{"_monsterinsights_skip_tracking":false,"footnotes":""},"categories":[690,54],"tags":[],"class_list":["post-8003","post","type-post","status-publish","format-standard","has-post-thumbnail","category-690","category-mujeres"],"_links":{"self":[{"href":"https:\/\/redsemlac.com\/semmexico\/wp-json\/wp\/v2\/posts\/8003","targetHints":{"allow":["GET"]}}],"collection":[{"href":"https:\/\/redsemlac.com\/semmexico\/wp-json\/wp\/v2\/posts"}],"about":[{"href":"https:\/\/redsemlac.com\/semmexico\/wp-json\/wp\/v2\/types\/post"}],"author":[{"embeddable":true,"href":"https:\/\/redsemlac.com\/semmexico\/wp-json\/wp\/v2\/users\/3"}],"replies":[{"embeddable":true,"href":"https:\/\/redsemlac.com\/semmexico\/wp-json\/wp\/v2\/comments?post=8003"}],"version-history":[{"count":0,"href":"https:\/\/redsemlac.com\/semmexico\/wp-json\/wp\/v2\/posts\/8003\/revisions"}],"wp:featuredmedia":[{"embeddable":true,"href":"https:\/\/redsemlac.com\/semmexico\/wp-json\/wp\/v2\/media\/8004"}],"wp:attachment":[{"href":"https:\/\/redsemlac.com\/semmexico\/wp-json\/wp\/v2\/media?parent=8003"}],"wp:term":[{"taxonomy":"category","embeddable":true,"href":"https:\/\/redsemlac.com\/semmexico\/wp-json\/wp\/v2\/categories?post=8003"},{"taxonomy":"post_tag","embeddable":true,"href":"https:\/\/redsemlac.com\/semmexico\/wp-json\/wp\/v2\/tags?post=8003"}],"curies":[{"name":"wp","href":"https:\/\/api.w.org\/{rel}","templated":true}]}}