{"id":7991,"date":"2019-05-11T18:16:17","date_gmt":"2019-05-11T18:16:17","guid":{"rendered":"https:\/\/redsemlac.com\/semmexico\/?p=7991"},"modified":"2023-07-21T14:49:16","modified_gmt":"2023-07-21T19:49:16","slug":"lamentable-deceso-de-la-periodista-montserrat-minobis","status":"publish","type":"post","link":"https:\/\/redsemlac.com\/semmexico\/lamentable-deceso-de-la-periodista-montserrat-minobis\/","title":{"rendered":"Lamentable deceso de la periodista Montserrat Minobis"},"content":{"rendered":"\n<p class=\"wp-block-paragraph\">Fundadora de la agencia La Independet<\/p>\n\n\n\n<h5 class=\"wp-block-heading\"> Periodista fundamental en la trasformaci\u00f3n de las noticias de g\u00e9nero<\/h5>\n\n\n\n<p class=\"wp-block-paragraph\"><a href=\"https:\/\/semmexico.com\/gallery-post.php?id=8137#\">Soledad Jarqu\u00edn Edgar<\/a><\/p>\n\n\n\n<p class=\"wp-block-paragraph\">SemM\u00e9xico, Oaxaca, 11 mayo 2019.- La muerte de Montserrat Minobis i Puntonet, ocurrida este 10 de mayo, nos dej\u00f3 sorprendidas esta ma\u00f1ana a las periodistas mexicanas que la conocimos, la tratamos y la quisimos.<\/p>\n\n\n\n<p class=\"wp-block-paragraph\">A los 76 a\u00f1os de edad, la presidenta fundadora de La Independent, coordinadora de la Red Catalana de Mujeres Periodistas e integrante de la Red Internacional de Periodistas con Visi\u00f3n de G\u00e9nero, dej\u00f3 de existir en la ciudad de Barcelona, Espa\u00f1a, a consecuencia de una afecci\u00f3n cardiaca.<\/p>\n\n\n\n<p class=\"wp-block-paragraph\">Minobis era una estudiosa y comprometida periodista con la inclusi\u00f3n de las noticias de g\u00e9nero en los medios de comunicaci\u00f3n. Su menuda figura la hac\u00edan parecer fr\u00e1gil, pero era una mujer fuerte para defender los cambios y, sobre todo, fue una l\u00edder entre el grupo de colegas periodistas que la siguieron.<\/p>\n\n\n\n<p class=\"wp-block-paragraph\">Sin duda, Montse Minobis fue una transgresora en su vida personal como en su vida profesional. Indignada frente a la injusticia, la recuerdo llamando &#8211; junto con Pili Navarro Rem\u00edrez, su compa\u00f1era de vida- muy de ma\u00f1ana en junio de 2018, para decirme llorando que me abrazaban desde all\u00e1, desde Espa\u00f1a, y yo sent\u00ed su calidez de nueva cuenta, como si me arroparan amorosamente.<\/p>\n\n\n\n<p class=\"wp-block-paragraph\">Pocas veces nos vimos en la vida, pocas veces coincidimos, Andaluc\u00eda, Barcelona, la Ciudad de M\u00e9xico y Nueva York, lo suficiente para conocernos, para entrelazar una entra\u00f1able amistad. El punto crucial que nos hab\u00eda enlazado en la vida fue Sara Lovera, que esta ma\u00f1ana me llam\u00f3 y lloramos angustiadas, ante la inesperada partida de Montse Minobis.<\/p>\n\n\n\n<p class=\"wp-block-paragraph\">La recordamos, hicimos un recuento de lo que hizo, de lo que no ense\u00f1\u00f3, de las amigas que tambi\u00e9n la quisieron y que seguramente hoy lamentan su partida, como Alicia Oliver, Tona Gusi, Lidia Vilalta, Cristina Fraga, Carmen Rosa P\u00e9rez, Lety Cruz y muchas, muchas otras.<\/p>\n\n\n\n<p class=\"wp-block-paragraph\">La vida es extra\u00f1a. Ella deber\u00eda estar quiz\u00e1 paseando en Uruguay a donde viajar\u00eda el fin de semana pasado para asistir al VII Encuentro de la Red Internacional de Periodistas con Visi\u00f3n de G\u00e9nero, pero la vida decidi\u00f3 otra cosa.<\/p>\n\n\n\n<p class=\"wp-block-paragraph\">Nacida en Figueres, Espa\u00f1a, Montserrat Minobis estudi\u00f3 la licenciatura en Filosof\u00eda y Letras y Ciencias de la Informaci\u00f3n, se especializ\u00f3 en radio, su voz se escuch\u00f3 en varias emisoras, comenzando en 1961 en Radio Popular de Figueras (Cadena COPE) y luego desde Barcelona en Radio Espa\u00f1a (1974 a 1976), Radio 4 (1976) donde hac\u00eda entrevistas a pol\u00edticos de actualidad en el programa Un altre aire, afirma la agencia que fund\u00f3 La Independent en el comunicado.<\/p>\n\n\n\n<p class=\"wp-block-paragraph\">Fue directora de Catalunya R\u00e0dio (2004 y 2005). Ya jubilada, quincenalmente resum\u00eda la informaci\u00f3n de La Independent en radio Estel. Adem\u00e1s, fue redactora en el programa Miramar de TVE y colabor\u00f3 en las publicaciones Avui, Hoja del Lunes, Oriflama y Serra d&#8217;Or.<\/p>\n\n\n\n<p class=\"wp-block-paragraph\">Minobis fue presidenta y fundadora de la Red Europea de Mujeres Periodistas, de la Asociaci\u00f3n de Dones Periodistes de Catalunya (ADPC) de 1994 a 2002 y de la&nbsp;<a href=\"https:\/\/www.xarxadonesperiodistescatalunya-xidpiccat.cat\/\">XIDPICCAT<\/a>&nbsp;(2010-2016) y hasta este a\u00f1o fue una de las coordinadoras internacionales de la RIPVG (2016-2019). En 2009, junto un grupo de periodistas, cre\u00f3 la agencia de noticias con visi\u00f3n de g\u00e9nero de Catalunya, La Independent.<\/p>\n\n\n\n<p class=\"wp-block-paragraph\">Tambi\u00e9n fue decana del Colegio de Periodistas de Catalu\u00f1a (2001-2004) y en reconocimiento a su trayectoria profesional en 1996 recibi\u00f3 la Cruz de Sant Jordi de la Generalitat de Catalu\u00f1a, la m\u00e1xima distinci\u00f3n catalana. Tambi\u00e9n recibi\u00f3 el Premio Ciutat de Barcelona (1987), el Premio Espais del Centre d&#8217;Art Contempor\u00e0ni Espais de Girona (1990), el Premio Atl\u00e0ntida del Gremi d&#8217;Editors de Catalunya (1991) y el Premio R\u00e0dio de Omnium Cultural (1992), entre otros reconocimientos, siendo el \u00faltimo en entregado, en ausencia, en Montevideo por la RIVPG en el VII Encuentro al que asistieron cerca de 60 periodistas de 11 pa\u00edses.<\/p>\n\n\n\n<p class=\"wp-block-paragraph\">En el \u00faltimo a\u00f1o fue una de las impulsoras y organizadoras del Manifiesto 8 de Marzo de las trabajadoras del sector de la informaci\u00f3n y la comunicaci\u00f3n, que convoc\u00f3 a que las periodistas se sumen a la huelga de mujeres en el D\u00eda Internacional de la Mujer Trabajadora. Para esa fecha, refiri\u00e9ndose a la lucha contra el machismo y sus violencias, ella dijo:<\/p>\n\n\n\n<p class=\"wp-block-paragraph\">\u00ab\u00bfPero ha habido algunos avances? Uno muy significativo: que la lucha no se ha detenido. Y que ha cogido una fortaleza planetaria. La lucha feminista, la lucha de las mujeres, ya no la para nadie\u00bb.<\/p>\n\n\n\n<p class=\"wp-block-paragraph\">Su incansable actividad, su personalidad y liderazgo, su trabajo por un periodismo feminista y su enorme calidad humana deja un vac\u00edo enorme en quienes la conocimos. La XIDPICCAT \u2013 RIPVG y el equipo de editoras y colaboradoras de La Independent ya la echa en falta.&nbsp;<\/p>\n\n\n\n<p class=\"wp-block-paragraph\">Por todo ello, siempre estar\u00e1 con nosotras.<\/p>\n\n\n\n<figure class=\"wp-block-image\"><img decoding=\"async\" src=\"http:\/\/www.semmexico.com\/SemWork\/uploads\/nota%20monse%201.jpg\" alt=\"\"\/><\/figure>\n\n\n\n<p class=\"wp-block-paragraph\"><strong><em>En la Barceloneta, Barcelona, 2008.<\/em><\/strong><\/p>\n\n\n\n<figure class=\"wp-block-image\"><img decoding=\"async\" src=\"http:\/\/www.semmexico.com\/SemWork\/uploads\/nota%20monse%202.jpg\" alt=\"\"\/><\/figure>\n\n\n\n<p class=\"wp-block-paragraph\"><strong><em>Reuni\u00f3n con las autoridades de Inmujeres, 2013, en un hotel de la ciudad de M\u00e9xico, Juana Ma. Nava, Graciela Machuca, Soledad Jarqu\u00edn, Lucrecia Maldonado, Pilar Rem\u00edrez, Gloria Analco, Ana Luisa Pacheco, Lidia &nbsp;Vilalta, Marcela Eternod, Lorena Cruz S\u00e1nchez\u2026entre otras.<\/em><\/strong><\/p>\n\n\n\n<figure class=\"wp-block-image\"><img decoding=\"async\" src=\"http:\/\/www.semmexico.com\/SemWork\/uploads\/nota%20monse%203.jpg\" alt=\"\"\/><\/figure>\n\n\n\n<p class=\"wp-block-paragraph\"><em><strong>San Sebast\u00edan, Pa\u00eds Vasco.<\/strong><\/em><br><\/p>\n","protected":false},"excerpt":{"rendered":"<p>Fundadora de la agencia La Independet Periodista fundamental en la trasformaci\u00f3n de las noticias de g\u00e9nero Soledad Jarqu\u00edn Edgar SemM\u00e9xico, Oaxaca, 11 mayo 2019.- La muerte de Montserrat Minobis i Puntonet, ocurrida este 10 de mayo, nos dej\u00f3 sorprendidas esta ma\u00f1ana a las periodistas mexicanas que la conocimos, la tratamos y la quisimos. A los [&hellip;]<\/p>\n","protected":false},"author":3,"featured_media":7992,"comment_status":"open","ping_status":"open","sticky":false,"template":"","format":"standard","meta":{"_monsterinsights_skip_tracking":false,"footnotes":""},"categories":[690,54],"tags":[],"class_list":["post-7991","post","type-post","status-publish","format-standard","has-post-thumbnail","category-690","category-mujeres"],"_links":{"self":[{"href":"https:\/\/redsemlac.com\/semmexico\/wp-json\/wp\/v2\/posts\/7991","targetHints":{"allow":["GET"]}}],"collection":[{"href":"https:\/\/redsemlac.com\/semmexico\/wp-json\/wp\/v2\/posts"}],"about":[{"href":"https:\/\/redsemlac.com\/semmexico\/wp-json\/wp\/v2\/types\/post"}],"author":[{"embeddable":true,"href":"https:\/\/redsemlac.com\/semmexico\/wp-json\/wp\/v2\/users\/3"}],"replies":[{"embeddable":true,"href":"https:\/\/redsemlac.com\/semmexico\/wp-json\/wp\/v2\/comments?post=7991"}],"version-history":[{"count":0,"href":"https:\/\/redsemlac.com\/semmexico\/wp-json\/wp\/v2\/posts\/7991\/revisions"}],"wp:featuredmedia":[{"embeddable":true,"href":"https:\/\/redsemlac.com\/semmexico\/wp-json\/wp\/v2\/media\/7992"}],"wp:attachment":[{"href":"https:\/\/redsemlac.com\/semmexico\/wp-json\/wp\/v2\/media?parent=7991"}],"wp:term":[{"taxonomy":"category","embeddable":true,"href":"https:\/\/redsemlac.com\/semmexico\/wp-json\/wp\/v2\/categories?post=7991"},{"taxonomy":"post_tag","embeddable":true,"href":"https:\/\/redsemlac.com\/semmexico\/wp-json\/wp\/v2\/tags?post=7991"}],"curies":[{"name":"wp","href":"https:\/\/api.w.org\/{rel}","templated":true}]}}