{"id":7976,"date":"2019-05-03T18:04:01","date_gmt":"2019-05-03T18:04:01","guid":{"rendered":"https:\/\/redsemlac.com\/semmexico\/?p=7976"},"modified":"2023-07-21T14:48:39","modified_gmt":"2023-07-21T19:48:39","slug":"asesinan-a-fundador-de-radio-cafetal-en-oaxaca","status":"publish","type":"post","link":"https:\/\/redsemlac.com\/semmexico\/asesinan-a-fundador-de-radio-cafetal-en-oaxaca\/","title":{"rendered":"Asesinan a fundador de Radio Cafetal en Oaxaca"},"content":{"rendered":"\n<p class=\"wp-block-paragraph\">Tel\u00e9sforo Santiago fue emboscado<\/p>\n\n\n\n<h5 class=\"wp-block-heading\"> Cr\u00edtico del gobierno y defensor de las lenguas ind\u00edgenas<\/h5>\n\n\n\n<p class=\"wp-block-paragraph\"><a href=\"https:\/\/semmexico.com\/gallery-post.php?id=8059#\">Patricia Brise\u00f1o<\/a><\/p>\n\n\n\n<p class=\"wp-block-paragraph\">SemM\u00e9xico, Oaxaca, 3 mayo 2919.- La tarde de este jueves fue asesinado Telesforo Santiago Enr\u00edquez, fundador de la radio comunitaria El Cafetal de San Agust\u00edn Loxicha, municipio ubicado en la sierra sur de Oaxaca.<\/p>\n\n\n\n<p class=\"wp-block-paragraph\">El tambi\u00e9n profesor de educaci\u00f3n ind\u00edgena sufri\u00f3 una emboscada en el barrio Ampliaci\u00f3n Tres Cruces mientras viajaba en su autom\u00f3vil.&nbsp;<\/p>\n\n\n\n<p class=\"wp-block-paragraph\">Telesforo Santiago Enr\u00edquez fue un promotor y defensor de las lenguas ind\u00edgenas, y en los espacios radiof\u00f3nicos ejerc\u00eda el an\u00e1lisis y la cr\u00edtica hacia el quehacer gubernamental.<\/p>\n\n\n\n<p class=\"wp-block-paragraph\">SEM\/pb\/sj<br><\/p>\n","protected":false},"excerpt":{"rendered":"<p>Tel\u00e9sforo Santiago fue emboscado Cr\u00edtico del gobierno y defensor de las lenguas ind\u00edgenas Patricia Brise\u00f1o SemM\u00e9xico, Oaxaca, 3 mayo 2919.- La tarde de este jueves fue asesinado Telesforo Santiago Enr\u00edquez, fundador de la radio comunitaria El Cafetal de San Agust\u00edn Loxicha, municipio ubicado en la sierra sur de Oaxaca. El tambi\u00e9n profesor de educaci\u00f3n ind\u00edgena [&hellip;]<\/p>\n","protected":false},"author":3,"featured_media":7977,"comment_status":"open","ping_status":"open","sticky":false,"template":"","format":"standard","meta":{"_monsterinsights_skip_tracking":false,"footnotes":""},"categories":[690,55],"tags":[],"class_list":["post-7976","post","type-post","status-publish","format-standard","has-post-thumbnail","category-690","category-periodistas"],"_links":{"self":[{"href":"https:\/\/redsemlac.com\/semmexico\/wp-json\/wp\/v2\/posts\/7976","targetHints":{"allow":["GET"]}}],"collection":[{"href":"https:\/\/redsemlac.com\/semmexico\/wp-json\/wp\/v2\/posts"}],"about":[{"href":"https:\/\/redsemlac.com\/semmexico\/wp-json\/wp\/v2\/types\/post"}],"author":[{"embeddable":true,"href":"https:\/\/redsemlac.com\/semmexico\/wp-json\/wp\/v2\/users\/3"}],"replies":[{"embeddable":true,"href":"https:\/\/redsemlac.com\/semmexico\/wp-json\/wp\/v2\/comments?post=7976"}],"version-history":[{"count":0,"href":"https:\/\/redsemlac.com\/semmexico\/wp-json\/wp\/v2\/posts\/7976\/revisions"}],"wp:featuredmedia":[{"embeddable":true,"href":"https:\/\/redsemlac.com\/semmexico\/wp-json\/wp\/v2\/media\/7977"}],"wp:attachment":[{"href":"https:\/\/redsemlac.com\/semmexico\/wp-json\/wp\/v2\/media?parent=7976"}],"wp:term":[{"taxonomy":"category","embeddable":true,"href":"https:\/\/redsemlac.com\/semmexico\/wp-json\/wp\/v2\/categories?post=7976"},{"taxonomy":"post_tag","embeddable":true,"href":"https:\/\/redsemlac.com\/semmexico\/wp-json\/wp\/v2\/tags?post=7976"}],"curies":[{"name":"wp","href":"https:\/\/api.w.org\/{rel}","templated":true}]}}