{"id":79717,"date":"2024-04-03T14:37:36","date_gmt":"2024-04-03T20:37:36","guid":{"rendered":"https:\/\/redsemlac.com\/semmexico\/?p=79717"},"modified":"2024-04-03T14:38:11","modified_gmt":"2024-04-03T20:38:11","slug":"condena-pleno-del-senado-asesinato-de-la-nina-camila-en-taxco-guerrero","status":"publish","type":"post","link":"https:\/\/redsemlac.com\/semmexico\/condena-pleno-del-senado-asesinato-de-la-nina-camila-en-taxco-guerrero\/","title":{"rendered":"Condena Pleno del Senado asesinato de la ni\u00f1a Camila en Taxco, Guerrero"},"content":{"rendered":"\n<p class=\"wp-block-paragraph\"><em>La Asamblea guard\u00f3 un minuto de silencio en su memoria<\/em><\/p>\n\n\n\n<p class=\"wp-block-paragraph\"><em>Redacci\u00f3n<\/em><\/p>\n\n\n\n<p class=\"wp-block-paragraph\"><em>SemM\u00e9xico, Ciudad de M\u00e9xico, 3 de abril, 2024.- En la sesi\u00f3n de este martes, el Senado de la Rep\u00fablica guard\u00f3 un minuto de silencio en memoria de la ni\u00f1a Camila G\u00f3mez Ortega, de ocho a\u00f1os, quien fue asesinada por asfixia intencional en Taxco, Guerrero.<\/em><\/p>\n\n\n\n<p class=\"wp-block-paragraph\"><em>Al hablar sobre el tema, la senadora Josefina V\u00e1zquez Mota, del PAN, coment\u00f3 que ya no hay en el pa\u00eds un s\u00f3lo estado que pueda alzar la mano y decir \u201caqu\u00ed no han sucedido muertes\u201d ni hay familias que no hayan padecido \u201cun infierno\u201d.<\/em><\/p>\n\n\n\n<p class=\"wp-block-paragraph\"><em>Se\u00f1al\u00f3 que en nuestro pa\u00eds siete ni\u00f1os, ni\u00f1as y adolescentes son v\u00edctimas de homicidios cada d\u00eda, y que durante este sexenio han sido asesinadas mil 400 ni\u00f1as, casi 23 por mes.<\/em><\/p>\n\n\n\n<p class=\"wp-block-paragraph\"><em>V\u00e1zquez Mota hizo un llamado a los legisladores para trabajar en favor de que los ni\u00f1os y las ni\u00f1as sean felices, \u201cno podemos horrorizarnos por unas horas y debemos responder ante ello\u201d.<\/em><\/p>\n\n\n\n<p class=\"wp-block-paragraph\"><em>La senadora Roc\u00edo Adriana Abreu Arti\u00f1ano, de Morena, celebr\u00f3 que en este caso ya se est\u00e1n tomando acciones al respecto, pues los responsables ya est\u00e1n en prisi\u00f3n y ya se analiza el caso del linchamiento.<\/em><\/p>\n\n\n\n<p class=\"wp-block-paragraph\"><em>El senador del Grupo Plural, Emilio \u00c1lvarez Icaza Longoria consider\u00f3 que el caso de la ni\u00f1a Camila es el reflejo de la situaci\u00f3n que se vive en el pa\u00eds, pues todas las instituciones de seguridad y justicia le fallaron a ella y a su familia, por lo que hizo un llamado a hacer una profunda reflexi\u00f3n sobre el funcionamiento de la prevenci\u00f3n del delito.<\/em><\/p>\n\n\n\n<p class=\"wp-block-paragraph\"><em>Por su parte, la senadora Patricia Mercado, de Movimiento Ciudadano, conden\u00f3 que el Secretario de Seguridad P\u00fablica, de Taxco, dijera que la culpable del asesinato de Camila era la madre porque no la hab\u00eda cuidado.<\/em><\/p>\n","protected":false},"excerpt":{"rendered":"<p> En la sesi\u00f3n de este martes, el Senado de la Rep\u00fablica guard\u00f3 un minuto de silencio en memoria de la ni\u00f1a Camila G\u00f3mez Ortega, de ocho a\u00f1os, quien fue asesinada por asfixia intencional en Taxco, Guerrero<\/p>\n","protected":false},"author":3,"featured_media":79718,"comment_status":"open","ping_status":"open","sticky":false,"template":"","format":"standard","meta":{"_monsterinsights_skip_tracking":false,"footnotes":""},"categories":[48],"tags":[],"class_list":["post-79717","post","type-post","status-publish","format-standard","has-post-thumbnail","category-no-mas-impunidad-no-mas-impunidad"],"_links":{"self":[{"href":"https:\/\/redsemlac.com\/semmexico\/wp-json\/wp\/v2\/posts\/79717","targetHints":{"allow":["GET"]}}],"collection":[{"href":"https:\/\/redsemlac.com\/semmexico\/wp-json\/wp\/v2\/posts"}],"about":[{"href":"https:\/\/redsemlac.com\/semmexico\/wp-json\/wp\/v2\/types\/post"}],"author":[{"embeddable":true,"href":"https:\/\/redsemlac.com\/semmexico\/wp-json\/wp\/v2\/users\/3"}],"replies":[{"embeddable":true,"href":"https:\/\/redsemlac.com\/semmexico\/wp-json\/wp\/v2\/comments?post=79717"}],"version-history":[{"count":0,"href":"https:\/\/redsemlac.com\/semmexico\/wp-json\/wp\/v2\/posts\/79717\/revisions"}],"wp:featuredmedia":[{"embeddable":true,"href":"https:\/\/redsemlac.com\/semmexico\/wp-json\/wp\/v2\/media\/79718"}],"wp:attachment":[{"href":"https:\/\/redsemlac.com\/semmexico\/wp-json\/wp\/v2\/media?parent=79717"}],"wp:term":[{"taxonomy":"category","embeddable":true,"href":"https:\/\/redsemlac.com\/semmexico\/wp-json\/wp\/v2\/categories?post=79717"},{"taxonomy":"post_tag","embeddable":true,"href":"https:\/\/redsemlac.com\/semmexico\/wp-json\/wp\/v2\/tags?post=79717"}],"curies":[{"name":"wp","href":"https:\/\/api.w.org\/{rel}","templated":true}]}}