{"id":7967,"date":"2019-05-14T17:54:54","date_gmt":"2019-05-14T17:54:54","guid":{"rendered":"https:\/\/redsemlac.com\/semmexico\/?p=7967"},"modified":"2023-07-21T14:49:16","modified_gmt":"2023-07-21T19:49:16","slug":"mujeres-eternas-evas-te-violan-porque-pueden","status":"publish","type":"post","link":"https:\/\/redsemlac.com\/semmexico\/mujeres-eternas-evas-te-violan-porque-pueden\/","title":{"rendered":"Mujeres: eternas Evas. Te violan porque pueden"},"content":{"rendered":"\n<p class=\"wp-block-paragraph\">\u00bfC\u00f3mo es posible que yo sea la primera mujer para hablar de un caso de estos, cuando hay much\u00edsimos m\u00e1s?<\/p>\n\n\n\n<h5 class=\"wp-block-heading\"> Testimonio de una mujer v\u00edctima de abuso sexual por un miembro de la Legi\u00f3n de Cristo.<\/h5>\n\n\n\n<p class=\"wp-block-paragraph\"><a href=\"https:\/\/semmexico.com\/gallery-post.php?id=8168#\">Guadalupe L\u00f3pez<\/a><\/p>\n\n\n\n<p class=\"wp-block-paragraph\">SemM\u00e9xico, Ciudad de M\u00e9xico, 14 de mayo de 2019.-&nbsp;\u201cTe hablan de Dios mientras te abusan\u201d, fueron las palabras claras y contundentes de Ana Luc\u00eda Salazar, entrevistada para SemM\u00e9xico, luego que el 3 de mayo pasado&nbsp;diera a conocer el abuso sexual a la que fue sometida por el sacerdote Fernando Mart\u00ednez, de los Legionarios de Cristo, orden cat\u00f3lica fundada por Marcial Maciel, acusado de pederasta, al igual que muchos otros de sus sacerdotes, quienes han sido denunciados; incluso, penalmente.&nbsp;<\/p>\n\n\n\n<p class=\"wp-block-paragraph\">Estamos hablando de una red de complicidad, de encubrimiento,&nbsp;de pederastia desenfrenada. Es como una sociedad delictiva.&nbsp;Es delicado, es peligroso, aparte de que traen sotana. Estos tipos tienen el gusto por abusar sexualmente de ni\u00f1os y ni\u00f1as.&nbsp;Esto pasa en todas partes del mundo, indica con esa voz que se ha escuchado en los medios de comunicaci\u00f3n \u2014de M\u00e9xico y otros pa\u00edses\u2014&nbsp;en donde ha&nbsp;narrado lo que&nbsp;ha vivido en m\u00e1s de dos d\u00e9cadas de su vida. &nbsp;<\/p>\n\n\n\n<p class=\"wp-block-paragraph\">Ana Luc\u00eda, de 35 a\u00f1os, es cantante, conductora de televisi\u00f3n, toca piano y escribe poemas. Eso, se\u00f1ala en pl\u00e1tica previa, la ha&nbsp;ayudado&nbsp;a&nbsp;comunicarse, a&nbsp;entender con palabras lo que le sucedi\u00f3.&nbsp;No&nbsp;es solo&nbsp;es&nbsp;su&nbsp;palabra la que se lee sino&nbsp;es la&nbsp;voz&nbsp;la que se escucha; no es solo su voz&nbsp;sino su rostro el que se ve; no es solo&nbsp;su rostro sino&nbsp;la cara&nbsp;del&nbsp;victimario&nbsp;el que quiere que sea del dominio p\u00fablico,&nbsp;como&nbsp;hizo&nbsp;\u00e9nfasis. SemM\u00e9xico presenta las respuestas&nbsp;(resumidas)&nbsp;de Ana Luc\u00eda, agrupadas en los temas que se abordaron en la entrevista, entre otros:&nbsp;el silencio de las v\u00edctimas, la justicia, creer y escuchar a las ni\u00f1as y los ni\u00f1os, el movimiento&nbsp;#MeToo,&nbsp;los&nbsp;perfiles&nbsp;de&nbsp;los&nbsp;pederastas y el feminismo.&nbsp;<\/p>\n\n\n\n<p class=\"wp-block-paragraph\"><strong>La decisi\u00f3n de hacer p\u00fablico su caso<\/strong><\/p>\n\n\n\n<p class=\"wp-block-paragraph\">Ha tenido un mensaje [una&nbsp;amplia&nbsp;recepci\u00f3n]&nbsp;que no me esper\u00e9. Todo esto lo hago desde mi cuenta personal en mis redes sociales; justo,&nbsp;porque mi&nbsp;b\u00fasqueda&nbsp;es&nbsp;genuina.&nbsp;Yo quer\u00eda saber el paradero de Fernando&nbsp;Mart\u00ednez&nbsp;porque sab\u00eda que&nbsp;hab\u00eda estado&nbsp;en Salamanca&nbsp;[Espa\u00f1a],&nbsp;y quer\u00eda saber si alguien pod\u00eda&nbsp;referirme la conducta de este se\u00f1or en esta parte del mundo.&nbsp;Hace muchos a\u00f1os,&nbsp;mi madre me cuenta que&nbsp;\u00e9l&nbsp;iba a&nbsp;estar retirado en&nbsp;una&nbsp;casa&nbsp;cuidando gente de&nbsp;la tercera edad&nbsp;que&nbsp;estuviera muy enferma;&nbsp;que esa iba a ser su penitencia de por vida. Evidentemente,&nbsp;no fue as\u00ed.<\/p>\n\n\n\n<p class=\"wp-block-paragraph\">El suceso que viv\u00ed lo&nbsp;tengo construido por partes. S\u00e9 que&nbsp;unas partes&nbsp;nunca&nbsp;van a regresar a m\u00ed.&nbsp;Lo s\u00e9 porque en la mente de&nbsp;una ni\u00f1a de ocho&nbsp;a\u00f1os, las cosas se configuran de&nbsp;otra manera,&nbsp;no&nbsp;de la manera&nbsp;en que quiz\u00e1 es el mundo.&nbsp;Sin embargo, cuando era ni\u00f1a, conoc\u00ed parte del mundo que me&nbsp;desilusion\u00f3&nbsp;por siempre.&nbsp;Hoy por hoy, asomo mi testimonio y&nbsp;tambi\u00e9n lo asumo, sabiendo&nbsp;que debo estar lista para este tipo de preguntas que voy a recibir y que no todas me van a gustar.&nbsp;Lo hago&nbsp;con&nbsp;total comprensi\u00f3n de que&nbsp;todav\u00eda&nbsp;estoy enfrent\u00e1ndome&nbsp;\u2014tanto yo como otras v\u00edctimas\u2014&nbsp;a una sociedad que todav\u00eda no&nbsp;entiende&nbsp;exactamente cu\u00e1l es el papel de la v\u00edctima y cu\u00e1l es el papel de agresor o del abusador. Por&nbsp;eso, a las v\u00edctimas que no&nbsp;cometimos ning\u00fan&nbsp;delito&nbsp;y que salimos a se\u00f1alar a nuestros abusadores, se&nbsp;nos hacen los cuestionamientos, mientras los que s\u00ed cometieron los delitos permanecen escondidos.&nbsp;<\/p>\n\n\n\n<p class=\"wp-block-paragraph\"><strong>Redes sociales: las m\u00e1s cuestionadas para hacer denuncias p\u00fablicas<\/strong><\/p>\n\n\n\n<p class=\"wp-block-paragraph\">As\u00ed es, pero el Estado mexicano no tiene&nbsp;el respaldo que yo necesito.&nbsp;Yo lo hice por esa v\u00eda porque [\u2026] yo no soy la titular de esos espacios&nbsp;[donde labora].&nbsp;Sin embargo, aqu\u00ed es mi dicho&nbsp;[\u2026]&nbsp;No solo fue mi dicho al ah\u00ed se va, de forma an\u00f3nima. Yo dije, si lo voy a hacer p\u00fablico, es porque tengo&nbsp;mi&nbsp;investigaci\u00f3n.&nbsp;Investigu\u00e9 d\u00f3nde estaba este se\u00f1or.Investigu\u00e9 que hab\u00eda sucedido con \u00e9l&nbsp;[\u2026].&nbsp;Consegu\u00ed las pruebas.&nbsp;Nadie me las brind\u00f3.&nbsp;Esas fotograf\u00edas&nbsp;[de \u00e9l]&nbsp;yo las busqu\u00e9 durante un tiempo hasta que las encontr\u00e9. Lo se\u00f1al\u00e9 con cara, porque cuando le vi la cara en las fotograf\u00edas, supe inmediatamente que era \u00e9l.&nbsp;Jam\u00e1s olvidar\u00eda su cara.&nbsp;Tambi\u00e9n me pareci\u00f3 oportuno se\u00f1alarlo con nombre y rostro,&nbsp;porque&nbsp;la v\u00edctima te da el rostro, pero los abusadores no. Entonces, me pareci\u00f3 oportuno que, as\u00ed como&nbsp;se iba a exponer mi cara se expusiera la cara de este se\u00f1or y&nbsp;que&nbsp;fuera&nbsp;de dominio p\u00fablico.&nbsp;<\/p>\n\n\n\n<p class=\"wp-block-paragraph\"><strong>Respuesta de los Legionarios de Cristo. Liga inquebrantable entre v\u00edctima y abusador<\/strong><\/p>\n\n\n\n<p class=\"wp-block-paragraph\">[\u2026] La legi\u00f3n sali\u00f3&nbsp;inmediatamente. Tuvo que aceptar que&nbsp;exist\u00eda, que ten\u00eda 80 a\u00f1os. La legi\u00f3n ha tenido que pronunciarse a un se\u00f1alamiento tan claro, pese a que no es por las v\u00edas civiles o penales&nbsp;[\u2026]. Quiz\u00e1 en cuestiones jur\u00eddicas no tiene el eco que yo quisiera, pero&nbsp;es&nbsp;por muchas cosas que no est\u00e1n en mis manos, porque la gente tambi\u00e9n dice:&nbsp;\u201c\u00bfY ya&nbsp;lo&nbsp;fuiste a denunciar?\u201d Pero, \u00bfa&nbsp;d\u00f3nde,si mi delito prescribe?&nbsp;[\u2026]. Por las v\u00edas que yo lo hice ha tenido tal efecto, que ya hay dos comunicados y una investigaci\u00f3n.&nbsp;Bueno, ellos dicen que&nbsp;van a hacer una investigaci\u00f3n apenas,&nbsp;cuando ya tienen los datos desde mil novecientos noventa y tantos.&nbsp;<\/p>\n\n\n\n<p class=\"wp-block-paragraph\">Sin embargo,&nbsp;\u00a1claro que les&nbsp;ha movido!&nbsp;La idea era que les temblara el piso tambi\u00e9n. Que tambi\u00e9n dijeran \u201cOkey, lo est\u00e1n se\u00f1alando con cara\u201d.&nbsp;Ya tiene cara el abusador. No es lo mismo salir a decir:&nbsp;\u201cYo se\u00f1alo a fulano de tal\u201d,&nbsp;y nadie sabe c\u00f3mo se ve ese se\u00f1or. Este se\u00f1or,&nbsp;la gente ya sabe c\u00f3mo se ve: cuando yo lo conoc\u00ed&nbsp;y como est\u00e1 hoy, en sus 80 a\u00f1os [\u2026].&nbsp;No solo puse&nbsp;yo mi cara, puse la cara de \u00e9l tambi\u00e9n, porque el d\u00eda que el decidi\u00f3 abusarme, \u00e9l hizo una liga para siempre conmigo [\u2026].&nbsp;Es muy importante entender que las&nbsp;v\u00edctimas y sus abusadores tienen una liga&nbsp;interna[\u2026]&nbsp;inquebrantable, porque el da\u00f1o es permanente, porque el da\u00f1o no prescribe; el delito sigue para beneficio de ellos.&nbsp;El dolor de la v\u00edctima no prescribe.<\/p>\n\n\n\n<p class=\"wp-block-paragraph\"><strong>Legionarios de Cristo: red de complicidad&nbsp;y&nbsp;encubrimiento<\/strong><\/p>\n\n\n\n<p class=\"wp-block-paragraph\">El problema es que estamos revolviendo dos asuntos importantes&nbsp;de deben tener mucha claridad.&nbsp;S\u00ed, es un abuso sexual pero que nace por parte de una religi\u00f3n, cat\u00f3lica, de los Legionarios de Cristo. Son abusos sexuales que tiene una historia ya desarrollada, donde&nbsp;el&nbsp;padre fundador es&nbsp;un pederasta&nbsp;que abusa sexualmente de otros ni\u00f1os, que entre los abusados sexuales est\u00e1&nbsp;Fernando Mart\u00ednez, que&nbsp;\u2014a su vez\u2014&nbsp;se vuelve un victimario, un&nbsp;abusador sexual, un pederasta, un depredador.&nbsp;Y en sus manos&nbsp;le vuelven a poner ni\u00f1os para que empiece a abusar de ellos y sin ning\u00fan reparo. Y sus superiores lo saben, y en lugar de entregarlo a las autoridades, de&nbsp;ponerle un alto definitivo, no: lo remueven, lo esconden. Eso es muy peligroso.&nbsp;<\/p>\n\n\n\n<p class=\"wp-block-paragraph\">Estamos hablando de una red de complicidad, de encubrimiento. Es delicado, es peligroso, aparte de que traen sotana. Entonces, te hablan de Dios, mientras te abusan.&nbsp;Es disasociable, es enfermo. Cuando t\u00fa como v\u00edctima lo ves, no entiendes por fuera. De pronto,&nbsp;tenemos gente que dice&nbsp;\u201c\u00a1C\u00f3mo!,&nbsp;si los padrecitos son buenos\u201d. Se\u00f1ores:&nbsp;son hombres, son mujeres. Tenemos que&nbsp;tomar&nbsp;en cuenta que no importa si lleva sotana o corbata. Los abusadores&nbsp;est\u00e1n en todas partes; los abusadores no piden permiso.&nbsp;No es que les digas&nbsp;\u201cNo, no quiero\u201d&nbsp;y se detengan. Los abusadores no te piden permiso. Te abusan sin permiso. Por eso son abusadores.&nbsp;<\/p>\n\n\n\n<p class=\"wp-block-paragraph\">Es importante tener los conceptos claros de lo que es el abuso y lo que es el convenio entre dos seres humanos [para tener relaciones sexuales].&nbsp;No eres persona jur\u00eddica hasta los 18&nbsp;a\u00f1os, no puedes decidir tener relaciones sexuales con un se\u00f1or cuando tienes 15. S\u00ed, puedes tener un despertador sexual a los 15, pero se llama estupro el delito. Existe, est\u00e1 tipificado. Sigue siendo abuso sexual.&nbsp;<\/p>\n\n\n\n<p class=\"wp-block-paragraph\">Es&nbsp;como una sociedad delictiva&nbsp;[\u2026] Te voy a decir por qu\u00e9. Cuando reci\u00e9n hago el se\u00f1alamiento a&nbsp;Fernando Mart\u00ednez,&nbsp;en 1992, aproximadamente&nbsp;[\u2026], mis padres hacen todo para sacarme de la ciudad&nbsp;[Chetumal].&nbsp;[\u2026]. Nos regresamos a Monterrey, mi madre, hermana y yo. Mi padre regresa despu\u00e9s de finiquitar los asuntos all\u00e1.&nbsp;[\u2026] En el momento que hablo, mis padres hablan con el obispo. En aqu\u00e9l tiempo era Jorge Bernal,&nbsp;[quien]&nbsp;les dice&nbsp;que no metan una denuncia penal, porque&nbsp;me iban a revictimizar[\u2026],&nbsp;que me iban a esculcar, a meter los dedos, a toquetear, que iba a ser impactante para m\u00ed [\u2026]. Muy inteligente [el obispo], para unos padres tan j\u00f3venes en aquella \u00e9poca. Confiaron en la autoridad del colegio, se asustaron much\u00edsimo, los sobrepas\u00f3 la situaci\u00f3n, evidentemente. Se sent\u00edan solos [\u2026]&nbsp;No hay que olvidar que tambi\u00e9n eran individuos solitarios en esa ciudad, aunque los conoc\u00edan, [eran] sociedades cerradas.&nbsp;<\/p>\n\n\n\n<p class=\"wp-block-paragraph\">De ah\u00ed hubo junta en el colegio&nbsp;[con padres y madres], en donde vino el representante de la&nbsp;legi\u00f3n&nbsp;a nivel Latinoam\u00e9rica, Eloy Bedia.&nbsp;[Tambi\u00e9n]&nbsp;estuvieron&nbsp;los inversionistas del colegio.&nbsp;[Dijeron]:&nbsp;\u201cPor favor, no hay que hablar de esto, porque este&nbsp;es el colegio de nuestros hijos. No podemos estar esparciendo este tipo de rumores, de historias, que lo \u00fanico que van a hacer es alejar a otros posibles ni\u00f1os de que entren\u201d. Bedia lleg\u00f3 a decir que&nbsp;\u201cHay que comprenderle&nbsp;[a Mart\u00ednez]&nbsp;porque \u00e9l es hombre\u201d. Ten\u00eda su raz\u00f3n para hacer ese tipo de cosas. Estamos hablando de superiores.&nbsp;<\/p>\n\n\n\n<p class=\"wp-block-paragraph\">[\u2026] Toda la prelatura de Chetumal se debi\u00f3 de haber enterado. Si se enter\u00f3 el obispo,&nbsp;se enteraron todos. El obispo viv\u00eda en la&nbsp;misma&nbsp;casa de Fernando Mart\u00ednez. Desayunaban, com\u00edan y cenaban juntos. Todos los&nbsp;d\u00edas. Eso de que no se enter\u00f3 [\u2026], \u00a1por favor!&nbsp;Eso es inadmisible. Eso de que no trajeron a otro representante&nbsp;[Bedia], no soy la \u00fanica que se\u00f1ala&nbsp;que hab\u00eda otros representantes; est\u00e1n saliendo m\u00e1s testimonios donde lo se\u00f1alan. Esta es una red de encubrimiento.&nbsp;<\/p>\n\n\n\n<p class=\"wp-block-paragraph\">[Hay]&nbsp;otros casos, como&nbsp;el de&nbsp;Vladimir Res\u00e9ndiz [\u2026],&nbsp;padre legionario de cristo,&nbsp;mexicano,&nbsp;que abus\u00f3 de tres ni\u00f1os. Su superior se llamaba Guillermo Meade. Hoy est\u00e1 encargado de&nbsp;[\u2026]&nbsp;los colegios de Monterrey.&nbsp;Si t\u00fa le preguntas a&nbsp;[Meade],&nbsp;dice que no se dio cuenta, que no vio nada, cuando era su superior [\u2026]. Como me dijeron a m\u00ed, ahorita:se atreven a decir que apenas se van a poner a investigar, porque no sab\u00edan [\u2026].&nbsp;Estos tipos manejan este di\u00e1logo de&nbsp;\u201cYo no sab\u00eda\u201d. Y como&nbsp;\u201cyo no sab\u00eda\u201d, c\u00f3mo creen que va a ser culpable.&nbsp;<\/p>\n\n\n\n<p class=\"wp-block-paragraph\">[\u2026]&nbsp;Se hicieron dos juntas de padres de familia. Mi mam\u00e1 se acuerda que hasta vino otro&nbsp;sacerdote que estaba en Islas Mujeres,&nbsp;de apellido Penilla [Jes\u00fas Mart\u00ednez&nbsp;Penillas],quien&nbsp;tambi\u00e9n es se\u00f1alado de pederastia. Est\u00e1 en Bonampak,&nbsp;ah\u00ed&nbsp;donde esconden a los pederastas, o en Salamanca, que ya cerraron. Ahora sali\u00f3&nbsp;un&nbsp;reportaje de&nbsp;Proceso&nbsp;donde estaba Atilano&nbsp;y Fernando&nbsp;Mart\u00ednez,&nbsp;los dos se\u00f1alados de pederastas, escondidos en Salamanca. Ah\u00ed,en el noviciado. Los ponen con chiquitos para que se despachen con la cuchara grande.&nbsp;\u00a1Ah!, pero dicen que son mayores de edad, como si a los mayores de edad no se les pudiera abusar.&nbsp;<\/p>\n\n\n\n<p class=\"wp-block-paragraph\"><strong>Marcial Maciel: el origen<\/strong><\/p>\n\n\n\n<p class=\"wp-block-paragraph\">Otra vez, volvemos a lo mismo:&nbsp;es una&nbsp;red de encubrimiento, de pederastia desenfrenada. \u00bfA qu\u00e9 se debe? Pues, otra vez, revisemos la conducta de Maciel. No necesitamos hacer un&nbsp;research&nbsp;profundo que ya hicieron otros. Si nos vamos a la entra\u00f1a de la legi\u00f3n, el creador de la legi\u00f3n, \u00bfqui\u00e9n es? Maciel.&nbsp;\u00bfCu\u00e1l era su modus operandi? Ese: el del abuso sexual, el de la pederastia, el del encubrimiento&nbsp;[\u2026].&nbsp;[\u2026]&nbsp;Por ejemplo,&nbsp;hay&nbsp;chicos que estuvieron en los noviciados, que les quitaron el contacto absoluto con sus familias. Ellos dicen que pasaron no s\u00e9 cu\u00e1nto tiempo sin hablar con nadie y que&nbsp;empezaron a tener depresiones;&nbsp;se empezaron a volver locos. Hay otros que son sacerdotes;&nbsp;con el trato que les dio la Legi\u00f3n, empezaron a mermar en su salud psicol\u00f3gico. Empezaron a tener depresiones, angustia, problemas, enfermedades&nbsp;en centros psiqui\u00e1tricos. [Todos&nbsp;fueron]&nbsp;abandonados por la legi\u00f3n.&nbsp;<\/p>\n\n\n\n<p class=\"wp-block-paragraph\">Esto no es de hoy o de antier. Es desde&nbsp;la&nbsp;\u00e9poca de Maciel. Fernando&nbsp;Mart\u00ednez es cofundador; es macielista. Es de los primeros reclutados, por decirlo as\u00ed. \u00c9l y todos sus hermanos. Haciendo un&nbsp;research&nbsp;de su historia familiar,todos sus hermanos se regresaron y no quisieron ser sacerdotes. Todos fueron v\u00edctimas de Maciel. \u00c9l \u00fanico que se qued\u00f3 fue&nbsp;Fernando Mart\u00ednez. Lo que yo te explique es enfermo, pero la forma en que estos individuos perpet\u00faan su mensaje es por medio del abuso.&nbsp;<\/p>\n\n\n\n<p class=\"wp-block-paragraph\">Lo que estoy diciendo, parece como secta, una locura; pero de verdad.&nbsp;Ya he le\u00eddo tantos libros&nbsp;[sobre eso]. Est\u00e1 tambi\u00e9n el documental&nbsp;Examen de conciencia.&nbsp;Esa forma de operar en M\u00e9xico [es]&nbsp;en todas partes del mundo. Hayotras vertientes religiosas como los maristas, los de Monserrat en Espa\u00f1a y en otras partes del mundo [\u2026] Vas a decir:&nbsp;no es posible. Lo&nbsp;que estoy contando no es de gente loca. Esto pasa en todas partes del mundo. Estos tipos tienen el gusto por abusar sexualmente de ni\u00f1os y ni\u00f1as.<\/p>\n\n\n\n<p class=\"wp-block-paragraph\"><strong>Mujeres: eternas Evas.&nbsp;No hay&nbsp;perfiles espec\u00edficos:&nbsp;te violan y te abusan porque pueden<\/strong><\/p>\n\n\n\n<p class=\"wp-block-paragraph\">Tenemos que concebir los diferentes tipos de abusos que hay y llamarlos con nombre y apellido para que la gente entienda en donde est\u00e1 parada [\u2026], porque lo m\u00e1s f\u00e1cil es se\u00f1alar a las mujeres, las eternas Evas.&nbsp;Tienen sexo en la Iglesia con nosotras&nbsp;[\u2026].&nbsp;La \u00fanica buena es Mar\u00eda, porque es virgen. Las dem\u00e1s somos unas putas.&nbsp;Es importante remarcarlo&nbsp;[para]&nbsp;ver qu\u00e9 papel hemos jugado en todo este tiempo con la Iglesia, con las religiones. En d\u00f3nde estamos paradas y por qu\u00e9 pueden abusarnos, por qu\u00e9 ellos creen que pueden abusarnos. Porque les&nbsp;gusta.&nbsp;<\/p>\n\n\n\n<p class=\"wp-block-paragraph\">[\u2026]&nbsp;Estos tipos, aparte de que abusan&nbsp;dictan las normas de su mundo. Dicen,&nbsp;qu\u00e9 es peor, qu\u00e9 s\u00ed, qu\u00e9 no. Y c\u00f3mo los avala&nbsp;un Dios en el que la gente cree;&nbsp;una configuraci\u00f3n de Dios que ellos han hecho y que le han hecho creer a la gente que es as\u00ed.&nbsp;Pues,&nbsp;peor para nosotras. Dicen:&nbsp;\u201cT\u00fa mujer, eres peor por abortar,&nbsp;\u00bfc\u00f3mo no aguantas?, \u00bfc\u00f3mo te quejas de&nbsp;un abuso sexual, si t\u00fa abortas?&nbsp;Es peor lo que t\u00fa haces a que te violen\u201d.&nbsp;Son cosas que no se nos deben perder de proporci\u00f3n&nbsp;[\u2026], viendo las se\u00f1ales claras de c\u00f3mo se sigue perpetuando&nbsp;[ese pensamiento]&nbsp;y m\u00e1s en la Iglesia y en las legiones, como la legi\u00f3n de Cristo,&nbsp;el abuso hacia las mujeres&nbsp;[\u2026].&nbsp;Te violan y te abusan porque&nbsp;pueden, porque saben c\u00f3mo, porque&nbsp;est\u00e1s chiquita o porque eres mujer y no est\u00e1s tan fuerte como el hombre&nbsp;o porque te pueden embaucar. Porque pueden&nbsp;lo hacen. Que si no pudieran no lo har\u00edan.<\/p>\n\n\n\n<p class=\"wp-block-paragraph\">No hay perfiles [par aun violador].&nbsp;El abusador no avisa, no pide permiso. No te pone en alerta, en cuesti\u00f3n de los ni\u00f1os. Los adultos tenemos un poco m\u00e1s de herramientas para poder ver,&nbsp;y a veces no.&nbsp;A veces no les ves una pizca de maldad o no sabes discernir. Aparte,&nbsp;saben elegir v\u00edctimas. En mi caso, me eligi\u00f3 Fernando Mart\u00ednez&nbsp;porque era una ni\u00f1a solitaria, porque no ten\u00eda amigos, porque acababa de llegar al colegio, porque ven\u00eda de otro estado. Era una ni\u00f1a sola que con nadie hablaba.&nbsp;\u00bfA qui\u00e9n le iba a contar&nbsp;que el padre me estaba abusando? [\u2026]<\/p>\n\n\n\n<p class=\"wp-block-paragraph\"><strong>Anonimato. Romper el silencio&nbsp;cuando nos ense\u00f1an a callar. Justicia como utop\u00eda<\/strong><\/p>\n\n\n\n<p class=\"wp-block-paragraph\">[El anonimato\/confidencialidad] es un derecho de la v\u00edctima. Entiendo el proceso de quedarse callada durante tanto tiempo. Yo fui an\u00f3nima durante mucho tiempo. Quiz\u00e1 no se\u00f1alando, pero fui an\u00f3nima en mi padecimiento, en lo que yo sufr\u00ed y viv\u00ed. Y no solo fui an\u00f3nima: fui una v\u00edctima que se call\u00f3. Hoy me doy cuenta, cuando hablo con muchas personas a mi alrededor [\u2026] que me dicen por qu\u00e9 nunca me dijiste. Nunca me di cuenta que no le dije a nadie, que aprend\u00ed a callar. Nos ense\u00f1aron a callar. A las v\u00edctimas nos ense\u00f1an a callarnos. Est\u00e1 en nosotros romper ese silencio, porque un d\u00eda entiendes que t\u00fa no hiciste nada malo y que t\u00fa no tienes por qu\u00e9 tener ver verg\u00fcenza de lo que viviste, porque t\u00fa no fuiste part\u00edcipe de ning\u00fan delito. Al contrario, fuiste en quien se infringi\u00f3 el delito, en quien se cometi\u00f3 el delito. Eso te da derecho de alzar la voz y decir \u201cNo es justo\u201d. A m\u00ed me&nbsp;dicen, hoy por hoy, \u201cOjal\u00e1 y se te haga justicia\u201d, y les digo: Justicia es que nunca me hubiera pasado [\u2026] La justicia no la voy a conocer porque no existe, porque es una utop\u00eda.&nbsp;<\/p>\n\n\n\n<p class=\"wp-block-paragraph\">Lo que puedo hacer es abrir la brecha y los caminos para que otras v\u00edctimas vean que permanecer en el silencio no es lo correcto [\u2026] Nuestros abusadores no son solo esos, porque se presentan en diferentes etapas de nuestra vida. A m\u00ed me toc\u00f3 a los ocho a\u00f1os Fernando Mart\u00ednez, pero luego me top\u00e9 con otros en la vida [\u2026] Hoy que hablo, yo s\u00e9 que los abusadores van a tener al menos cuidado conmigo. Porque saben que yo s\u00ed hablo. Entonces, puedo romper el c\u00edrculo del abuso en mi vida y la cadena del abuso que es tan esclavizante.&nbsp;<\/p>\n\n\n\n<p class=\"wp-block-paragraph\">[\u2026] La figura de Fernando Mart\u00ednez se me ha presentado en alg\u00fan novio, en alg\u00fan jefe, en otras figuras. Ah\u00ed la he vuelto a ver, en donde se abusa de ti de una u otra manera y no es correcto. Y t\u00fa se lo permites porque te quedas callada [\u2026] Y entonces te vuelves quien lo resiste todo [\u2026] porque soy muy fuerte, y no. Esa no es la entra\u00f1a de la fuerza. De ah\u00ed no sale la fuerza, no de la resistencia a lo indebido, a lo inaceptable. Eso es resignaci\u00f3n, es acomodo, programaci\u00f3n de lo injusto que ya est\u00e1 tan desesperanzado, tan echado, doblado, que simplemente lo soporta. Pero soportar no es ser fuerte. Son dos t\u00e9rminos diferentes [\u2026]. La fuerza en m\u00ed no tiene que ver con lo que soport\u00e9, sino con lo que ya no pienso soportar. Esa es la diferencia, y ah\u00ed es donde se bifurca el t\u00e9rmino de la fuerza; se ampl\u00eda. Es importante dejarlo claro.&nbsp;<\/p>\n\n\n\n<p class=\"wp-block-paragraph\">Por el hecho de quedarnos callados es que siguen sucediendo hoy por hoy los abusos, una y otra vez, y esta gente se hace m\u00e1s poderosa El abusador se empodera en el silencio de la v\u00edctima y perpetua sus abusos en la inacci\u00f3n de la v\u00edctima, en la inercia [\u2026] de la v\u00edctima. Cuando se aburre de abusarte a ti, va a abusar a otra. Y si se sigue quedando callada, va a seguir perpetuando esos abusos sobre el silencio de sus v\u00edctimas. Es importante tenerlo tan claro, que el silencio y escondernos no nos ha ayudado de nada. Eso es justo lo que no tenemos que hacer [\u2026] Lo primero que te ense\u00f1a un abusador es a callar. Qu\u00e9 es lo que ense\u00f1a una madre, un padre de familia a su hijo, hija, a una v\u00edctima: a callar [\u2026] Es una f\u00f3rmula repetitiva.<\/p>\n\n\n\n<p class=\"wp-block-paragraph\">Esa no fue mi historia,&nbsp;hasta unos a\u00f1os despu\u00e9s. Yo hablo con mis padres. Mis padres accionan y empiezan a suceder las cosas y me doy cuenta que la sociedad me empieza a callar. Y un d\u00eda aprend\u00ed a callar, porque si yo lo se\u00f1alaba, a la \u00fanica que iban a agraviar es a m\u00ed, pues el abusador nunca te da la cara.<\/p>\n\n\n\n<p class=\"wp-block-paragraph\"><strong>Creerle a la v\u00edctima es tomar acci\u00f3n<\/strong><\/p>\n\n\n\n<p class=\"wp-block-paragraph\">[las ni\u00f1as y los ni\u00f1os] no son personas jur\u00eddicas, no pueden presentar una denuncia hasta los 18 a\u00f1os. Sus padres responden por ellos. Yo ten\u00eda ocho a\u00f1os; [estaba] en total indefensi\u00f3n por parte del Estado [\u2026]. Todav\u00eda no pod\u00eda alzar la voz y que mis derechos se hicieran valer [\u2026]. Tus pap\u00e1s deciden c\u00f3mo van a llevar las situaciones. C\u00f3mo ni\u00f1o, \u00bfqu\u00e9 haces? Permaneces en el silencio, callado, resguardado y protegido. A mis pap\u00e1s les aplaudo su labor. Lo veo desde afuera, y digo, claro, desde ni\u00f1o est\u00e1s esperando que&nbsp;accionen los grandes, no t\u00fa. Desde ah\u00ed, las v\u00edctimas de abuso sexual infantil aprendieron a no hacer nada, que otros lo hagan por ellos. Eso es lo que hemos dicho en repetidas ocasiones.&nbsp;<\/p>\n\n\n\n<p class=\"wp-block-paragraph\">Yo sal\u00ed para hablar de mi caso, pero hay otras v\u00edctimas que no van a salir. Est\u00e1n esperando que,&nbsp;si se logra algo,&nbsp;sea por medio de m\u00ed.&nbsp;\u201cYa lo logr\u00f3 ella, ya estoy bien servida porque yo no mov\u00ed un dedo\u201d. Siempre alguien lo tiene que hacer por m\u00ed,&nbsp;porque as\u00ed aprend\u00ed que me defienden del abuso. Nunca toman de pronto las riendas de su propia experiencia para darle frente. No es un juicio de valor. No se dice si es bueno o si es malo. Creo que hay cosas que,como seres humanos,&nbsp;est\u00e1n dentro de nuestra jurisdicci\u00f3n, dentro de nuestra capacidad de accionar.&nbsp;<\/p>\n\n\n\n<p class=\"wp-block-paragraph\">Creerle a la v\u00edctima es tomar acci\u00f3n [\u2026] Es la puerta que abre, el camino hacia la verdad, al menos. Porque la verdad y la justicia son dos cosas diferentes. Cuando yo hablo de justicia no es porque no tenga esperanzas en este mundo. Al contrario, tengo la esperanza, pero siempre he dicho que la justicia es que nunca [\u2026] ning\u00fan ni\u00f1o tenga que pasar por un abuso sexual [\u2026]. Es un acto que te ha hecho pedazos la vida. Lo que no entiendo es qu\u00e9 nos falta para creer si nosotros como mujeres hoy por hoy somos vulnerables. Se cometen feminicidios m\u00e1s que nada en el mundo, somos las m\u00e1s violadas, las m\u00e1s abusadas, no estamos en la misma posici\u00f3n de derechos. Todav\u00eda tenemos un camino que recorrer, todav\u00eda estamos en la lucha de la igualdad, de la equidad. Por qu\u00e9 no creemos, si las estad\u00edsticas dicen que a las que m\u00e1s abusan sexualmente es a las ni\u00f1as, las mujeres.&nbsp;<\/p>\n\n\n\n<p class=\"wp-block-paragraph\">[\u2026] Si nos ponemos a revisar nuestras propias historias de vida y podemos encontrarnos con que nos han acosado, nos han abusado o nos han hecho de todo desde que somos ni\u00f1as, \u00bfpor qu\u00e9 no puede venir a contarte algo tu hija y no se la crees? [\u2026]&nbsp;&nbsp;\u00bfQu\u00e9 nos hace falta que nos pase para que entonces accionemos?&nbsp;\u00bfPor qu\u00e9 tienes que ense\u00f1arles t\u00fa a tus hijos a ense\u00f1arles a quedarse callados, porque a ti te ense\u00f1aron que quedarte callado es lo \u00fanico importante, que es lo mejor que puedes hacer?<\/p>\n\n\n\n<p class=\"wp-block-paragraph\"><strong>#MeToo y Armando Vega Gil. Sus decisiones no deben hacernos claudicar<\/strong><\/p>\n\n\n\n<p class=\"wp-block-paragraph\">De Armando Vega Gil no lo conoc\u00ed, pero puedo decir que su forma de decir:&nbsp;\u201cSoy inocente\u201d,&nbsp;fue muy violenta&nbsp;[\u2026] El acto de Armando Vega Gil,&nbsp;no tengo palabras bonitas para decirlo, pero,&nbsp;de verdad que se cag\u00f3 en el MeToo. No tengo otra expresi\u00f3n para decirlo [\u2026]. \u00c9l, y otras personas que han sido se\u00f1aladas [de abuso, violaci\u00f3n o acoso sexual], hubiera tenido todo el derecho [de defenderse], porque era un se\u00f1alamiento an\u00f3nimo [\u2026].&nbsp;<\/p>\n\n\n\n<p class=\"wp-block-paragraph\">[\u2026] Hay que tener bien armadas este tipo de acusaciones, para que el movimiento no pierda veracidad. Y si hay 100 v\u00edctimas que no dan la cara, hay una que s\u00ed [\u2026]. Creo en el movimiento, por eso lo cito en mi tuit y marco copia al movimiento [cuando public\u00f3 su caso], pero debemos entender que como sociedad evidentemente ya somos m\u00e1s esc\u00e9pticos y necesitamos claridad no variedades.&nbsp;[El suicidio de Vega Gil]&nbsp;fue&nbsp;una exhibici\u00f3n p\u00fablica, fue un cierre teatral, muy magistral, muy dram\u00e1tico, digno de una puesta teatral. De ese tama\u00f1o&nbsp;fue&nbsp;su mensaje. Fue impactante y lo logr\u00f3. Logr\u00f3 tambi\u00e9n vulnerar de sobremanera&nbsp;en M\u00e9xico&nbsp;al movimiento&nbsp;[\u2026].&nbsp;<\/p>\n\n\n\n<p class=\"wp-block-paragraph\">Para las mujeres y hombres que se animen a hablar a trav\u00e9s del #MeToo, chequen las bases [\u2026] la informaci\u00f3n [\u2026]. Tienes que checar si encajas en ese tipo de denuncias.&nbsp;El m\u00edo encaja perfectamente, porque soy una v\u00edctima con rostro que se\u00f1ala a su abusador con rostro, y que da datos duros de cosas que s\u00ed pasaron y que est\u00e1n documentadas. Entonces, es rastreable mi caso. No tiene que ser el de cualquiera, porque hay ni\u00f1as o ni\u00f1os que fueron abusados a los cuatro a\u00f1os y su configuraci\u00f3n de los recuerdos es diferente. Tambi\u00e9n hay ni\u00f1as que tienen muy presente [lo que les sucedi\u00f3], y empiezas a sacar datos y haces un trabajo.&nbsp;<\/p>\n\n\n\n<p class=\"wp-block-paragraph\">Yo hice un trabajo muy profundo para darme cuenta de todas las \u00e1reas en las que estoy muy da\u00f1ada por Fernando Mart\u00ednez y que se han vuelto a presentar una y otra vez,&nbsp;y tambi\u00e9n para reconstruir la historia y entender por qu\u00e9 me pas\u00f3, [saber] en d\u00f3nde estaba mi vulnerabilidad,&nbsp;aparte de ser ni\u00f1a&nbsp;[\u2026],&nbsp;y tambi\u00e9n entender mi espacio en el mundo como v\u00edctima,&nbsp;y ahora como sobreviviente. Estoy dando pasos para accionar,&nbsp;para invitar a la gente a activarse en sus propias vidas, para no quedarse en la inercia de las cosas, en el silencio del tiempo, perdidos o echando gritos en los desiertos. Eso es lo que a m\u00ed me impulsa,&nbsp;y decisiones como las&nbsp;de Armando Vega&nbsp;no deben de hacernos claudicar&nbsp;[\u2026].&nbsp;<\/p>\n\n\n\n<p class=\"wp-block-paragraph\">Yo ten\u00eda ocho a\u00f1os, me abusaron sexualmente. Toda la sociedad me dijo que \u201cqu\u00e9 asco\u201d tocarme. Me qued\u00e9 en el silencio; me traicionaron, me qued\u00e9 sola. No tuve amigos; lloraba todo el tiempo. Sent\u00ed una soledad y una tristeza tan profunda que me dieron ganas de morirme, pero nunca [\u2026] a colgarme de un \u00e1rbol enfrente de un parque. No entiendo. Tiene que haber otras cosas. No digo que sea culpable; sin embargo, la gente tiene que darse cuenta que hay otras razones; que eso no es culpa del #MeToo.&nbsp;<\/p>\n\n\n\n<p class=\"wp-block-paragraph\">[Hay]&nbsp;cientos de miles, millones de v\u00edctimas que no nos hemos suicidado,&nbsp;[a pesar de experimentar] se\u00f1alamientos, soledad, injusticia, rechazo, aislamiento, acallamiento, discriminaci\u00f3n, vulnerabilidad, tristeza, depresi\u00f3n, angustia, ansiedad y todo lo dem\u00e1s. Y, aparte, \u00e9ramos chiquitos. Y, aparte, volteas a ver a tus padres y est\u00e1n tristes y te sientes culpable de ver a la gente que m\u00e1s quieres entristecida por algo que te pas\u00f3 a ti. Todo esto junto, y no nos fuimos a suicidar.&nbsp;<\/p>\n\n\n\n<p class=\"wp-block-paragraph\"><strong>Sexualidad:&nbsp;llamar las cosas por su nombre para evitar abusos<\/strong><\/p>\n\n\n\n<p class=\"wp-block-paragraph\">Una ni\u00f1a, un ni\u00f1o no tiene por qu\u00e9 llegar a decirte algo elevado sexualmente [\u2026] como los adultos [\u2026] Cuando un adolescente te dice \u201cMe hicieron esto, me tocaron\u201d o me abusaron o como te lo vaya explicando, hay que poner mucha atenci\u00f3n en las palabras que se utilizan [\u2026] y, por supuesto, creer a la v\u00edctima. \u00bfPor qu\u00e9 [\u2026] un adolescente o un joven o un ni\u00f1o [\u2026] o una ni\u00f1a, por ejemplo, en mi caso, de ocho a\u00f1os, iba a mentir acerca de que me estaban abusando?&nbsp;<\/p>\n\n\n\n<p class=\"wp-block-paragraph\">Yo no ten\u00eda ni idea de lo que era el sexo, en mi caso. Yo no me imagino a ni\u00f1os m\u00e1s peque\u00f1os que tienen otros elementos o que quiz\u00e1 no los tienen para poder hablar acerca de un abuso [\u2026].&nbsp;Tenemos que ser puntuales con los ni\u00f1os. No estamos en momento de tener reservas. Desgraciadamente, las cosas est\u00e1n para que estemos alertas, porque somos el n\u00famero uno en abuso sexual infantil en el mundo. No estamos en momento de decirle manguera al pene y co\u00f1o a la vagina. Estamos en el momento de llamar a las cosas por su nombre y evitar que nuestros hijos crezcan en el abuso, en el dolor, repitiendo patrones y figuras descompuestas que de pronto tienen otras personas que han padecido este tipo de experiencias y que \u2014hasta hoy\u2014 los tienen inmersas en c\u00edrculos en donde ya no son v\u00edctimas sino victimarios, como el caso de Fernando Mart\u00ednez.<\/p>\n\n\n\n<p class=\"wp-block-paragraph\"><strong>Abuso sexual:&nbsp;el delito no debe prescribir&nbsp;<\/strong><\/p>\n\n\n\n<p class=\"wp-block-paragraph\">Al ver el impedimento que tengo de se\u00f1alar en materia penal o civil&nbsp;a este personaje&nbsp;despu\u00e9s de lo que me hizo,&nbsp;todo porque ya&nbsp;pas\u00f3 el n\u00famero de a\u00f1os, voy a tener&nbsp;una&nbsp;junta&nbsp;en el Senado,&nbsp;para&nbsp;luchar para&nbsp;que este tipo de delitos no prescriban. No puede ser que no haya un Estado de derecho para estas v\u00edctimas. Actualmente,&nbsp;la legi\u00f3n se pronuncia y pide perd\u00f3n por los abusos de Fernando Mart\u00ednez, [\u2026] pero nunca especifica de qu\u00e9 abusos estamos hablando. Estamos hablando de abusos sexuales. Y luego manda a&nbsp;[la&nbsp;agencia estadunidense]&nbsp;Praesidium&nbsp;[\u2026] a revisar el caso. Para&nbsp;reinvestigar, ser\u00e1. Pero&nbsp;la&nbsp;contratandiciendo que les importante tant\u00edsimo saberlo cuando ya lo sab\u00edan. \u00bfPor qu\u00e9? Porque pueden venir ellos a violentar los ni\u00f1os mexicanos y a impartir sus normas y su concepci\u00f3n de justicia en un Estado en donde no tenemos quien nos defienda.&nbsp;Como v\u00edctima estoy en la total indefensi\u00f3n por parte del Estado.&nbsp;Eso me vulnera much\u00edsimo&nbsp;ante una legi\u00f3n de este tama\u00f1o, porque cualquier v\u00edctima puede experimentar miedo a ra\u00edz de eso.&nbsp;<\/p>\n\n\n\n<p class=\"wp-block-paragraph\">Otra de las cosas que me interesan es la recomendaci\u00f3ndel Comit\u00e9 de los Derechos de los ni\u00f1os de Naciones Unidas para que se investiguen los casos de abuso sexual clerical y religioso, porque no hay que olvidar que somos el n\u00famero uno en abuso sexual en este pa\u00eds. Creo que no podemos ponerle m\u00e1s atenci\u00f3n a los casos que salen de violencia familiar que a los casos que salen del clero. Merecen igual investigaci\u00f3n y&nbsp;premura, que la ley trabaje en forma expedita, que d\u00e9 resultados, que se atienda, porque los ni\u00f1os&nbsp;tambi\u00e9n \u2014esta es una realidad\u2014&nbsp;tienen menos miedo de hablar y&nbsp;[\u2026] eso&nbsp;favorece a los tiempos de la ley. Sin embargo, debemos entender que no siempre fue as\u00ed&nbsp;[\u2026].<\/p>\n\n\n\n<p class=\"wp-block-paragraph\">Hoy&nbsp;hago p\u00fablico mi caso. Pese a que mis padres lo conoc\u00edan, intentamos hacer much\u00edsimas cosas en 1992, 93, cuando yo destapo todo lo que me est\u00e1 sucediendo con este se\u00f1or. Sin embargo,&nbsp;eso no vali\u00f3 de&nbsp;nada,&nbsp;porque hubo alguien que coart\u00f3 que mis padres fueran a actuar de otra manera. Por supuesto, aprovech\u00e1ndose justo de la sotana. Cuando t\u00fa eres joven, como mis padres, que tienen otro tipo de educaci\u00f3n, todav\u00eda sent\u00edan un respeto profundo&nbsp;[\u2026]&nbsp;Ahorita ya no vemos las cosas igual.&nbsp;<\/p>\n\n\n\n<p class=\"wp-block-paragraph\">Es importante que v\u00edctimas como yo,&nbsp;o como los&nbsp;\u201c8 magn\u00edficos\u201d, como&nbsp;les&nbsp;llaman&nbsp;a las v\u00edctimas de Maciel, es&nbsp;la oportunidad de ser validados. Y muchas v\u00edctimas m\u00e1s, porque&nbsp;todav\u00eda faltan las que vienen en camino, por este tipo de personajes que han aprendido a silenciar a las personas,&nbsp;porque&nbsp;\u201cDiosito te lo va a agradecer\u201d. La virgen Mar\u00eda call\u00f3 y aguant\u00f3 que le dieran de palos a su hijo en su cara;&nbsp;call\u00f3 en la obediencia. Entonces, t\u00fa debes de callar igual. Aguas. Estamos ante una situaci\u00f3n alarmante,&nbsp;porque ah\u00ed juegan con los criterios, con la moral, con la gente de buena fe.&nbsp;<\/p>\n\n\n\n<p class=\"wp-block-paragraph\">Como&nbsp;le dije a una persona,&nbsp;que&nbsp;[se\u00f1ala]&nbsp;que los legionarios se est\u00e1n burlando de m\u00ed,&nbsp;porque ellos est\u00e1n tranquilos. Fernando&nbsp;Mart\u00ednez&nbsp;sigue oficiando misas y haciendo su vida normal, pese a que yo lo he se\u00f1alado,&nbsp;y&nbsp;[que]&nbsp;es una burla hacia mi persona. Y yo le&nbsp;[contest\u00e9]:&nbsp;se reir\u00e1n de Dios, de la fe de la gente, de los ni\u00f1os del mundo, del dolor humano, de la justicia, de la verdad, del papa y su tolerancia cero. Se r\u00eden&nbsp;de los justos, de los buenos, de los fieles creyentes, de los heridos por sus abusos. Fernando&nbsp;Mart\u00ednez&nbsp;[se r\u00ede]&nbsp;con&nbsp;celebrar&nbsp;misas, celebrando&nbsp;haber sido abusado en su infancia y de la impunidad,&nbsp;que tambi\u00e9n \u00e9l es v\u00edctima de su propio dolor, de lo que termin\u00f3 por convertirse.<\/p>\n\n\n\n<p class=\"wp-block-paragraph\">De m\u00ed no se r\u00ede nadie,&nbsp;ni ellos ni nadie, porque la verdad est\u00e1 de mi lado y mi mundo es m\u00e1s sublime que ese y que ellos. Hoy tienen que construir para poder encajar, porque en el mundo de nosotros, de la gente, que ser\u00edamos incapaz de perpetuar el dolor y el abuso de cualquier persona, no encajan. Ellos son los inadaptados no nosotros. Nosotros estamos por el camino adecuado, con todo y defectos.&nbsp;<\/p>\n\n\n\n<p class=\"wp-block-paragraph\"><strong>Las otras v\u00edctimas&nbsp;<\/strong><\/p>\n\n\n\n<p class=\"wp-block-paragraph\">S\u00ed tengo contacto con otras v\u00edctimas.&nbsp;No van a hablar. Est\u00e1n&nbsp;de forma an\u00f3nima. Tienen miedo.&nbsp;No les ense\u00f1aron a hablar.&nbsp;Hay que entender. A nadie nos ense\u00f1aron a hablar de esto. Estas cosas son privadas. Las cosas nadie tiene por qu\u00e9 saberlas, como si fueran malas,&nbsp;como&nbsp;si tu hubieras hecho algo malo. Aparte, de pronto, algunos comentarios de la gente dan miedo, los cuestionamientos. Yo estoy lista para contestarles, aunque no me guste&nbsp;lo que me pregunte [\u2026] A&nbsp;que me digan que la culpa es m\u00eda, porque yo de chiquita soy puta y me gusta que me violen. Ya estaba mentalizada,&nbsp;y que este tipo de cosas las iba a escuchar.&nbsp;<\/p>\n\n\n\n<p class=\"wp-block-paragraph\">Cuando decid\u00ed&nbsp;salir, dije:&nbsp;va.&nbsp;[De todos los comentarios], losque m\u00e1s me dolieron&nbsp;fueron de&nbsp;los cercanos, no&nbsp;de los distantes,&nbsp;porque no los conozco. Pero de los cercanos que crees conocer a las personas,&nbsp;sus escalas de valores;&nbsp;de pronto,&nbsp;no las reconoces. Es muy doloroso. Definitivamente no es para cualquiera [\u2026]&nbsp;Me han hecho preguntas tremendas:&nbsp;\u00bfC\u00f3mo te toc\u00f3? Pues s\u00ed me abus\u00f3, \u00a1claro que me toc\u00f3!&nbsp;Lo que quieres es&nbsp;que yo te diga c\u00f3mo me toc\u00f3, c\u00f3mo me lo hizo. Y yo no estoy dispuesta a entrar en ese terreno,&nbsp;porque eso s\u00ed es m\u00edo.&nbsp;<\/p>\n\n\n\n<p class=\"wp-block-paragraph\">Yo digo con todas sus letras&nbsp;lo que yo viv\u00ed: un abuso sexual [\u2026]&nbsp;y&nbsp;no lo he puesto otro nombre.&nbsp;Claro, s\u00e9 c\u00f3mo la gente lo puede tergiversar. El abuso sexual es muy amplio,&nbsp;y yo puedo decir que&nbsp;fue abusada sexual, ampliamente, en todas las \u00e1reas. Todo lo que tuvo que hacer ese se\u00f1or para tocarme es monstruoso y hasta hoy me duele. Es lo mismo que les&nbsp;duele a estas v\u00edctimas, porque tambi\u00e9n ellas fueron traicionadas, su coraz\u00f3n fue roto,&nbsp;sus infancias fueron marcadas, tambi\u00e9n han&nbsp;de ver repetitivamente la imagen de Fernando&nbsp;Mart\u00ednez&nbsp;una y otra vez en otras cosas, en su vida.&nbsp;<\/p>\n\n\n\n<p class=\"wp-block-paragraph\">Quiz\u00e1 van a otro ritmo que yo,&nbsp;y quiz\u00e1 cuando ellas est\u00e9n listas, evidentemente, aunque sea desde la confidencialidad,&nbsp;podr\u00e1n dar al menos su testimonio.&nbsp;De pronto, yo no puedo, digamos,&nbsp;traicionarlas&nbsp;en lo absoluto.&nbsp;Al contrario, me siento respaldada por ellas. Me han mostrado su apoyo, me sostienen mis dichos. Siempre est\u00e1n como detr\u00e1s de m\u00ed, alent\u00e1ndome, diciendo cosas bellas,&nbsp;que&nbsp;siga con esta labor,&nbsp;y siempre me dicen:&nbsp;\u201cT\u00fa eres la que pones la cara y t\u00fa eres la que est\u00e1 recibiendo los golpes de nosotras,&nbsp;y no tenemos como agradecerte para que hayas abierto esa puerta\u201d, porque tambi\u00e9n las hizo emerger [\u2026].&nbsp;Si&nbsp;el hecho de que yo emergiera ha ayudado a otras u otros a emerger con mi labor, por mi parte&nbsp;tengo m\u00e1s de lo que ten\u00eda en 1992, 93. Es m\u00e1s de lo que ten\u00eda.&nbsp;<\/p>\n\n\n\n<p class=\"wp-block-paragraph\">Hoy, al menos, Fernando&nbsp;Mart\u00ednez&nbsp;est\u00e1 se\u00f1alado como abusador sexual y saben que \u00e9l hizo algo y no va a morir en la condecoraci\u00f3n ni en el aplauso.&nbsp;Yo dec\u00eda,&nbsp;\u00bfc\u00f3mo es que ese se\u00f1or est\u00e9 tan tranquilo, recibiendo aplausos de parte de toda una legi\u00f3n, cuando es un abusador?&nbsp;Al menos, la gente ya sabe qui\u00e9n era Fernando Mart\u00ednez.&nbsp;<\/p>\n\n\n\n<p class=\"wp-block-paragraph\"><strong>La ni\u00f1a de ocho a\u00f1os que habla, la mujer de 35 a\u00f1os que reflexiona&nbsp;<\/strong><\/p>\n\n\n\n<p class=\"wp-block-paragraph\">Lo he dicho todo. [Estoy] agradecida por los espacios&nbsp;[medios de comunicaci\u00f3n] y,&nbsp;por supuesto,&nbsp;tengo la plena confianza. Pero siempre&nbsp;repito&nbsp;que el trato de la informaci\u00f3n sea lo mejor posible para que el mensaje llegue funcional para la sociedad.&nbsp;Que la gente comprenda los espectros del abuso, que no es \u00fanico, que es un espectro muy amplio,&nbsp;y que puedan entender mi visi\u00f3n. Mi visi\u00f3n actual s\u00ed, pero c\u00f3mo&nbsp;configur\u00e9&nbsp;todo cuando ten\u00eda&nbsp;ocho&nbsp;a\u00f1os. Que a la hora de juzgarme o de se\u00f1alarme o de cuestionarme, no se olviden que,&nbsp;en el lugar de los hechos,&nbsp;mi mente es de una ni\u00f1a de&nbsp;ocho&nbsp;a\u00f1os. En la configuraci\u00f3n y el desentra\u00f1amiento de los hechos, mi mente es de una mujer de 35 a\u00f1os. Es diferente.&nbsp;<\/p>\n\n\n\n<p class=\"wp-block-paragraph\">Mientras eso quede palpado en la publicaci\u00f3n, yo creo que estamos haciendo la labor adecuada [para] hacer emerger a las mujeres. \u00bfC\u00f3mo es posible que yo sea la primera mujer para hablar de un caso de estos, cuando hay much\u00edsimos m\u00e1s?&nbsp;[\u2026]<\/p>\n\n\n\n<p class=\"wp-block-paragraph\">Lo que buscamos es emerger en la equidad.&nbsp;\u00bfPor qu\u00e9&nbsp;[los hombres]&nbsp;nos tienen que abusar, por qu\u00e9 somos mujeres?Entiendo el feminismo como la b\u00fasqueda de la equidad de g\u00e9nero, en toda su amplitud. De vivir en plenitud como cualquier ser humano. El hecho de ser mujeres no tiene por qu\u00e9&nbsp;ponernos&nbsp;en una situaci\u00f3n de vulnerabilidad,&nbsp;ante los derechos y las obligaciones [\u2026] [Debemos] poner de moda la sororidad, una palabra interesante&nbsp;[\u2026]&nbsp;Creo firmemente en el feminismo, porque lo conozco.&nbsp;<br><\/p>\n","protected":false},"excerpt":{"rendered":"<p>\u00bfC\u00f3mo es posible que yo sea la primera mujer para hablar de un caso de estos, cuando hay much\u00edsimos m\u00e1s? Testimonio de una mujer v\u00edctima de abuso sexual por un miembro de la Legi\u00f3n de Cristo. Guadalupe L\u00f3pez SemM\u00e9xico, Ciudad de M\u00e9xico, 14 de mayo de 2019.-&nbsp;\u201cTe hablan de Dios mientras te abusan\u201d, fueron las [&hellip;]<\/p>\n","protected":false},"author":3,"featured_media":7968,"comment_status":"open","ping_status":"open","sticky":false,"template":"","format":"standard","meta":{"_monsterinsights_skip_tracking":false,"footnotes":""},"categories":[690,54],"tags":[],"class_list":["post-7967","post","type-post","status-publish","format-standard","has-post-thumbnail","category-690","category-mujeres"],"_links":{"self":[{"href":"https:\/\/redsemlac.com\/semmexico\/wp-json\/wp\/v2\/posts\/7967","targetHints":{"allow":["GET"]}}],"collection":[{"href":"https:\/\/redsemlac.com\/semmexico\/wp-json\/wp\/v2\/posts"}],"about":[{"href":"https:\/\/redsemlac.com\/semmexico\/wp-json\/wp\/v2\/types\/post"}],"author":[{"embeddable":true,"href":"https:\/\/redsemlac.com\/semmexico\/wp-json\/wp\/v2\/users\/3"}],"replies":[{"embeddable":true,"href":"https:\/\/redsemlac.com\/semmexico\/wp-json\/wp\/v2\/comments?post=7967"}],"version-history":[{"count":0,"href":"https:\/\/redsemlac.com\/semmexico\/wp-json\/wp\/v2\/posts\/7967\/revisions"}],"wp:featuredmedia":[{"embeddable":true,"href":"https:\/\/redsemlac.com\/semmexico\/wp-json\/wp\/v2\/media\/7968"}],"wp:attachment":[{"href":"https:\/\/redsemlac.com\/semmexico\/wp-json\/wp\/v2\/media?parent=7967"}],"wp:term":[{"taxonomy":"category","embeddable":true,"href":"https:\/\/redsemlac.com\/semmexico\/wp-json\/wp\/v2\/categories?post=7967"},{"taxonomy":"post_tag","embeddable":true,"href":"https:\/\/redsemlac.com\/semmexico\/wp-json\/wp\/v2\/tags?post=7967"}],"curies":[{"name":"wp","href":"https:\/\/api.w.org\/{rel}","templated":true}]}}