{"id":7961,"date":"2019-05-15T17:42:40","date_gmt":"2019-05-15T17:42:40","guid":{"rendered":"https:\/\/redsemlac.com\/semmexico\/?p=7961"},"modified":"2023-07-21T14:49:15","modified_gmt":"2023-07-21T19:49:15","slug":"mujeres","status":"publish","type":"post","link":"https:\/\/redsemlac.com\/semmexico\/mujeres\/","title":{"rendered":"Mujeres"},"content":{"rendered":"\n<h5 class=\"wp-block-heading\">Feministas y organizaciones demandan al Presidente reflexionar sobre el PROEQUIDAD<\/h5>\n\n\n\n<p class=\"wp-block-paragraph\">PROEQUIDAD el \u00fanico recurso para las mujeres y no es suficiente.<\/p>\n\n\n\n<h5 class=\"wp-block-heading\"> El Estado fuerte y benefactor que pretende construir no tiene una perspectiva de g\u00e9nero ni de derechos humanos de mujeres y ni\u00f1as.<\/h5>\n\n\n\n<p class=\"wp-block-paragraph\"><a href=\"https:\/\/semmexico.com\/gallery-post.php?id=8176#\">Elda Montiel<\/a><\/p>\n\n\n\n<p class=\"wp-block-paragraph\">SemM\u00e9xico. Ciudad de M\u00e9xico. 15 de mayo 2019.-&nbsp;M\u00e1s de mil feministas y organizaciones de la sociedad civil de todos los estados del pa\u00eds, hicieron un llamado a la reflexi\u00f3n al presidente Andr\u00e9s Manuel L\u00f3pez Obrador, para mantener los fondos destinados a PROEQUIDAD, tras se\u00f1alar que coinciden en la honesta pol\u00edtica contra el abuso y la corrupci\u00f3n en M\u00e9xico.<\/p>\n\n\n\n<p class=\"wp-block-paragraph\">Sin embargo, le advierten que en el Estado fuerte y benefactor que pretende construir no tiene una perspectiva de g\u00e9nero ni de derechos humanos de mujeres y ni\u00f1as vinculados a la igualdad y la no violencia contra nosotras.<\/p>\n\n\n\n<p class=\"wp-block-paragraph\">\u201cNo estamos Presidente, no nos vemos reflejadas en sus diarias apariciones ante los medios y en sus m\u00faltiples acciones de gobierno.\u201d<\/p>\n\n\n\n<p class=\"wp-block-paragraph\">\u201cEn este escenario las organizaciones que hemos luchado durante a\u00f1os en estos temas parecemos motivo de molestia y no parte de la soluci\u00f3n.\u201d<\/p>\n\n\n\n<p class=\"wp-block-paragraph\">En una carta abierta al primer mandatario, le expresan que los fondos del Programa no son derechos ganados para quienes integran las organizaciones, sino para las y los beneficiarios de las mismas.<\/p>\n\n\n\n<p class=\"wp-block-paragraph\">Insistieron en que \u201clas personas integrantes de las organizaciones no son lejanas a los principios de austeridad y entrega que usted ha enarbolado para las personas, fondos no\u201d.<\/p>\n\n\n\n<p class=\"wp-block-paragraph\">No sobra decir que los recursos de dicho fondo fueron aprobados y etiquetados por el Poder Legislativo que, al menos en las formas republicanas que usted discursa, es aut\u00f3nomo del Poder Ejecutivo, es un fondo dotado de apenas 86 millones de pesos que en t\u00e9rminos reales representa algo as\u00ed como el .002 por ciento de los 3.8 billones de pesos del presupuesto de egresos.<\/p>\n\n\n\n<p class=\"wp-block-paragraph\">En un pa\u00eds donde s\u00f3lo por el hecho de ser mujeres estamos expuestas a morir, cada d\u00eda que se registran nueve feminicidios al d\u00eda en promedio, que nos coloca en el primer lugar en Am\u00e9rica Latina y uno de los primeros en el mundo en asesinato de mujeres por razones de g\u00e9nero el PROEQUIDAD es el \u00fanico recurso para el adelanto de las mujeres y no es suficiente.<\/p>\n\n\n\n<p class=\"wp-block-paragraph\">Este fondo es \u00fanico al ser creado desde nuestro mecanismo nacional para el adelanto de las mujeres y por abordar las problem\u00e1ticas con una perspectiva de g\u00e9nero y llegar a donde el Estado no alcanza a actuar.<\/p>\n\n\n\n<p class=\"wp-block-paragraph\">Con sorpresa se\u00f1alan c\u00f3mo se enteraron de que a partir de la Circular 1 emitida por el gobierno los recursos destinados a los refugios para mujeres en situaci\u00f3n de violencia van a desaparecer, y hacen el recuento.<\/p>\n\n\n\n<p class=\"wp-block-paragraph\">Posteriormente el 7 de mayo el INMUJERES hizo del conocimiento del Consejo Consultivo y Social de este instituto la respuesta de las Secretar\u00edas de la Funci\u00f3n P\u00fablica y de Hacienda y Cr\u00e9dito P\u00fablico de desaparecer el PROEQUIDAD.<\/p>\n\n\n\n<p class=\"wp-block-paragraph\">En el llamado al presidente, le se\u00f1alan que atentar contra el PROEQUIDAD representar\u00eda una grave regresi\u00f3n a los derechos humanos en M\u00e9xico, sobre todo si no se da una alternativa puntual que d\u00e9 cumplimiento a la responsabilidad del Estado.<\/p>\n\n\n\n<p class=\"wp-block-paragraph\">El PROEQUIDAD es uno de los insuficientes recursos con que contamos las mujeres ante la falta de cumplimiento del Estado de sus responsabilidades plenas frente a convenciones internacionales como la CEDAW y Belem Do Par\u00e1.<\/p>\n\n\n\n<p class=\"wp-block-paragraph\">\u201cExponemos lo anterior desde nuestra experiencia pol\u00edtica, social y humana que avalan a\u00f1os de lucha contra un sistema que se empe\u00f1a en invisibilizarnos y contra el cual tenemos que pronunciarnos cada sexenio. Esperamos reflexione sobre el hecho de que M\u00e9xico cuenta con miles de personas en todo el territorio nacional que estamos dispuestas a seguir trabajando por construir un pa\u00eds digno, igualitario, libre y justo; mismo que sin las mujeres y ni\u00f1as es y ser\u00e1 imposible de alcanzar\u201d.<\/p>\n\n\n\n<p class=\"wp-block-paragraph\">Las firmantes residen en los estados de Zacatecas, Chihuahua, Baja California, Estado de M\u00e9xico, Ciudad de M\u00e9xico, Nuevo Le\u00f3n, Jalisco, Hidalgo, Oaxaca, Aguascalientes, Guanajuato, Guerrero, San Luis Potos\u00ed, Nayarit,&nbsp;&nbsp;&nbsp;&nbsp;&nbsp;&nbsp;&nbsp;&nbsp;&nbsp;&nbsp;&nbsp;Baja California, Morelos, Veracruz, Tamaulipas, Baja California Sur, Campeche, Michoac\u00e1n, Quintana Roo, Sonora, y Quer\u00e9taro.&nbsp;<\/p>\n\n\n\n<p class=\"wp-block-paragraph\">Entre las organizaciones se encuentran el Centro de Atenci\u00f3n a la Mujer Trabajadora de Chihuahua A.C.; AMERICA A.C.; Asociaci\u00f3n Para la Formaci\u00f3n Integral Educativa y Desarrollo Cultural, A. C.; Red Zacatecana para el Desarrollo y la Inclusi\u00f3n AC; Colectiva Ciudad y G\u00e9nero AC; Bit\u00e1coras liderazgo social AC; Coalici\u00f3n Nacional de Mujeres Rurales, A. C.; MUJER IDEAS DESARROLLO E INVESTIGACI\u00d3N S.C.<\/p>\n\n\n\n<p class=\"wp-block-paragraph\">As\u00ed como el Centro de Estudios y Desarrollo Humanista de Tlaxcala AC; Centro de Desarrollo y Empoderamiento de las Mujeres CEDEM AC; Comisi\u00f3n Ciudadana de Derechos Humanos del Noroeste, A.C.; Red de Mujeres por la Igualdad Sustantiva en Agrupaci\u00f3n Pol\u00edtica Nacional Ciudadanos en Transformaci\u00f3n; Conservatorio de la Gobernanza para la Cooperaci\u00f3n y el Desarrollo A C; DIASPORA, AGENCIA DE DESARROLLO Y MOVILIDAD SOCIAL A.C.; y Consejo Ciudadano 100 por Jalisco AC.<\/p>\n","protected":false},"excerpt":{"rendered":"<p>Feministas y organizaciones demandan al Presidente reflexionar sobre el PROEQUIDAD PROEQUIDAD el \u00fanico recurso para las mujeres y no es suficiente. El Estado fuerte y benefactor que pretende construir no tiene una perspectiva de g\u00e9nero ni de derechos humanos de mujeres y ni\u00f1as. Elda Montiel SemM\u00e9xico. Ciudad de M\u00e9xico. 15 de mayo 2019.-&nbsp;M\u00e1s de mil [&hellip;]<\/p>\n","protected":false},"author":3,"featured_media":7962,"comment_status":"open","ping_status":"open","sticky":false,"template":"","format":"standard","meta":{"_monsterinsights_skip_tracking":false,"footnotes":""},"categories":[690,54],"tags":[],"class_list":["post-7961","post","type-post","status-publish","format-standard","has-post-thumbnail","category-690","category-mujeres"],"_links":{"self":[{"href":"https:\/\/redsemlac.com\/semmexico\/wp-json\/wp\/v2\/posts\/7961","targetHints":{"allow":["GET"]}}],"collection":[{"href":"https:\/\/redsemlac.com\/semmexico\/wp-json\/wp\/v2\/posts"}],"about":[{"href":"https:\/\/redsemlac.com\/semmexico\/wp-json\/wp\/v2\/types\/post"}],"author":[{"embeddable":true,"href":"https:\/\/redsemlac.com\/semmexico\/wp-json\/wp\/v2\/users\/3"}],"replies":[{"embeddable":true,"href":"https:\/\/redsemlac.com\/semmexico\/wp-json\/wp\/v2\/comments?post=7961"}],"version-history":[{"count":0,"href":"https:\/\/redsemlac.com\/semmexico\/wp-json\/wp\/v2\/posts\/7961\/revisions"}],"wp:featuredmedia":[{"embeddable":true,"href":"https:\/\/redsemlac.com\/semmexico\/wp-json\/wp\/v2\/media\/7962"}],"wp:attachment":[{"href":"https:\/\/redsemlac.com\/semmexico\/wp-json\/wp\/v2\/media?parent=7961"}],"wp:term":[{"taxonomy":"category","embeddable":true,"href":"https:\/\/redsemlac.com\/semmexico\/wp-json\/wp\/v2\/categories?post=7961"},{"taxonomy":"post_tag","embeddable":true,"href":"https:\/\/redsemlac.com\/semmexico\/wp-json\/wp\/v2\/tags?post=7961"}],"curies":[{"name":"wp","href":"https:\/\/api.w.org\/{rel}","templated":true}]}}