{"id":7952,"date":"2019-02-09T14:45:23","date_gmt":"2019-02-09T14:45:23","guid":{"rendered":"https:\/\/redsemlac.com\/semmexico\/?p=7952"},"modified":"2023-07-21T14:46:09","modified_gmt":"2023-07-21T19:46:09","slug":"es-fundamental-fortalecer-a-estas-instancias-para-que-cuenten-con-atribuciones-y-recursos-suficientes-que-les-permitan-coordinar-adecuadamente-acciones-y-agendas-con-el-gobierno-federal","status":"publish","type":"post","link":"https:\/\/redsemlac.com\/semmexico\/es-fundamental-fortalecer-a-estas-instancias-para-que-cuenten-con-atribuciones-y-recursos-suficientes-que-les-permitan-coordinar-adecuadamente-acciones-y-agendas-con-el-gobierno-federal\/","title":{"rendered":"Es fundamental fortalecer a estas instancias para que cuenten con atribuciones y recursos suficientes que les permitan coordinar adecuadamente acciones y agendas con el gobierno federal."},"content":{"rendered":"\n<p class=\"wp-block-paragraph\"><a href=\"https:\/\/www.semmexico.com\/gallery-post.php?id=7156#\">Redacci\u00f3n<\/a><\/p>\n\n\n\n<p class=\"wp-block-paragraph\">SemM\u00e9xico. Cd. de M\u00e9xico. 9 de febrero de 2019.- El Instituto Nacional de las Mujeres (INMUJERES) convoc\u00f3 a las Titulares de las Instancias de las Mujeres en las Entidades Federativas (IMEF\u00b4s) para realizar la presentaci\u00f3n de las Reglas de Operaci\u00f3n del Programa de Fortalecimiento a la Transversalidad de la Perspectiva de G\u00e9nero, correspondientes al ejercicio fiscal 2019.<\/p>\n\n\n\n<p class=\"wp-block-paragraph\">Las IMEF\u00b4s son las instituciones clave para promover y fomentar las condiciones que den lugar a la no discriminaci\u00f3n y a que se garantice la participaci\u00f3n plena de las mujeres en la vida pol\u00edtica, cultural, econ\u00f3mica y social.<\/p>\n\n\n\n<p class=\"wp-block-paragraph\">En este contexto, es fundamental fortalecer a estas instancias para que cuenten con atribuciones y recursos suficientes que les permitan coordinar adecuadamente acciones y agendas con el gobierno federal, las dependencias estatales y locales; as\u00ed como en los poderes legislativo y judicial de sus estados para combatir la discriminaci\u00f3n y desigualdad contra las mujeres y las ni\u00f1as.<\/p>\n\n\n\n<p class=\"wp-block-paragraph\">Por ello, este Programa tiene como ejes tem\u00e1ticos la incorporaci\u00f3n de la perspectiva de g\u00e9nero en la legislaci\u00f3n, planeaci\u00f3n y programaci\u00f3n de la pol\u00edtica de igualdad y el fortalecimiento institucional a nivel municipal y estatal.<\/p>\n\n\n\n<p class=\"wp-block-paragraph\">Marcela Eternod, Secretaria Ejecutiva del INMUJERES, hizo un llamado a las titulares de las IMEF\u00b4s para que los recursos del programa se apliquen con eficiencia, eficacia, econom\u00eda, honradez y transparencia; elementos que son un imperativo \u00e9tico y normativo.<\/p>\n\n\n\n<p class=\"wp-block-paragraph\">A la reuni\u00f3n asistieron las titulares de las IMEF\u00b4s de Aguascalientes, Campeche, Coahuila, Colima, Chiapas,&nbsp;Chihuahua, Ciudad de M\u00e9xico, Durango, Hidalgo, Jalisco, Estado de M\u00e9xico, Michoac\u00e1n, Morelos, Nayarit, Nuevo Le\u00f3n, Oaxaca, Puebla, Quer\u00e9taro, Quintana Roo, San Luis Potos\u00ed, Sinaloa, Tabasco, Tlaxcala, Veracruz y Yucat\u00e1n.<\/p>\n\n\n\n<p class=\"wp-block-paragraph\">Eternod finaliz\u00f3 indicando que \u201cla mejor inversi\u00f3n que M\u00e9xico puede hacer para lograr ser un pa\u00eds desarrollado y sostenible es invertir en el empoderamiento de ni\u00f1as y mujeres.\u201d<br><\/p>\n","protected":false},"excerpt":{"rendered":"<p>Redacci\u00f3n SemM\u00e9xico. Cd. de M\u00e9xico. 9 de febrero de 2019.- El Instituto Nacional de las Mujeres (INMUJERES) convoc\u00f3 a las Titulares de las Instancias de las Mujeres en las Entidades Federativas (IMEF\u00b4s) para realizar la presentaci\u00f3n de las Reglas de Operaci\u00f3n del Programa de Fortalecimiento a la Transversalidad de la Perspectiva de G\u00e9nero, correspondientes al [&hellip;]<\/p>\n","protected":false},"author":3,"featured_media":7953,"comment_status":"open","ping_status":"open","sticky":false,"template":"","format":"standard","meta":{"_monsterinsights_skip_tracking":false,"footnotes":""},"categories":[690,51],"tags":[],"class_list":["post-7952","post","type-post","status-publish","format-standard","has-post-thumbnail","category-690","category-ejecutivo"],"_links":{"self":[{"href":"https:\/\/redsemlac.com\/semmexico\/wp-json\/wp\/v2\/posts\/7952","targetHints":{"allow":["GET"]}}],"collection":[{"href":"https:\/\/redsemlac.com\/semmexico\/wp-json\/wp\/v2\/posts"}],"about":[{"href":"https:\/\/redsemlac.com\/semmexico\/wp-json\/wp\/v2\/types\/post"}],"author":[{"embeddable":true,"href":"https:\/\/redsemlac.com\/semmexico\/wp-json\/wp\/v2\/users\/3"}],"replies":[{"embeddable":true,"href":"https:\/\/redsemlac.com\/semmexico\/wp-json\/wp\/v2\/comments?post=7952"}],"version-history":[{"count":0,"href":"https:\/\/redsemlac.com\/semmexico\/wp-json\/wp\/v2\/posts\/7952\/revisions"}],"wp:featuredmedia":[{"embeddable":true,"href":"https:\/\/redsemlac.com\/semmexico\/wp-json\/wp\/v2\/media\/7953"}],"wp:attachment":[{"href":"https:\/\/redsemlac.com\/semmexico\/wp-json\/wp\/v2\/media?parent=7952"}],"wp:term":[{"taxonomy":"category","embeddable":true,"href":"https:\/\/redsemlac.com\/semmexico\/wp-json\/wp\/v2\/categories?post=7952"},{"taxonomy":"post_tag","embeddable":true,"href":"https:\/\/redsemlac.com\/semmexico\/wp-json\/wp\/v2\/tags?post=7952"}],"curies":[{"name":"wp","href":"https:\/\/api.w.org\/{rel}","templated":true}]}}