{"id":7949,"date":"2019-02-10T14:43:43","date_gmt":"2019-02-10T14:43:43","guid":{"rendered":"https:\/\/redsemlac.com\/semmexico\/?p=7949"},"modified":"2023-07-21T14:46:08","modified_gmt":"2023-07-21T19:46:08","slug":"insisten-militantes-de-morena-en-que-se-designe-a-su-jefa-femenil","status":"publish","type":"post","link":"https:\/\/redsemlac.com\/semmexico\/insisten-militantes-de-morena-en-que-se-designe-a-su-jefa-femenil\/","title":{"rendered":"Insisten militantes de MORENA en que se designe a su jefa femenil"},"content":{"rendered":"\n<p class=\"wp-block-paragraph\"><a href=\"https:\/\/www.semmexico.com\/gallery-post.php?id=7162#\">Sara Lovera<\/a><\/p>\n\n\n\n<p class=\"wp-block-paragraph\">SemM\u00e9xico. Ciudad de M\u00e9xico. 10 de febrero 2019.- Los Consejos Social y Consultivo del Instituto Nacional de las mujeres, luego de entrevistar s\u00f3lo a 7 de las aspirantes a ocupar la presidencia de ese instituto y con poco menos de 90 votos, &nbsp;decidieron una terna formada por las doctoras Candelaria Ochoa \u00c1valos, Patricia Olamendi Torres y Magdalena Garc\u00eda Hern\u00e1ndez, que ser\u00e1 presentada a la Junta de Gobierno quien decidir\u00e1 la terna definitiva el 18 de febrero pr\u00f3ximo.<br>Las tres propuestas cumplen ampliamente con los requisitos, sobre todo dos muy importantes, una amplia experiencia militante en la defensa de los derechos humanos de las mujeres, experiencia administrativa probada, nacional e internacional; las tres han sido o son docentes y tienen, como dice la ley, formaci\u00f3n acad\u00e9mica suficiente. Las tres para aspirar tuvieron, como otras muchas, apoyo de la militancia feminista.&nbsp;<br>Seg\u00fan la informaci\u00f3n disponible, esta terna, a\u00fan no es la definitiva, porque la propuesta sobre la que habr\u00e1 de decidir el presidente de la Rep\u00fablica &nbsp;ser\u00e1 &nbsp;presentada en la reuni\u00f3n de ley de la Junta de Gobierno, formada por 18 titulares del gabinete y 16 consejeras, la mitad de las que forman los dos \u00f3rganos ciudadanos coadyuvantes de las tareas del Inmujeres, que se realizar\u00e1 en 10 d\u00edas.<br>Tras la convocatoria s\u00f3lo transcurrieron 10 d\u00edas, que resultaron, al parecer, insuficientes para entrevistar a todas las aspirantes. Muchas de ellas no recibieron informaci\u00f3n ni fueron convocadas a la entrevista que se hizo el 7 pasado.<br>La terna aut\u00f3noma de las Consejeras que como &nbsp;se recordar\u00e1 es resultado de una convocatoria que lanzaron p\u00fablicamente el 29 de enero ( http:\/\/semmexico.com\/category-lifestyle.php?id=6&amp;columna=Ejecutivo&amp;pagina=4 ) y a la cual acudieron m\u00e1s de 20 mujeres, de las que pudimos conocer su intenci\u00f3n y propuestas, apoyos y argumentaciones &nbsp;de s\u00f3lo 11, el resto s\u00f3lo fue discutido y conocido por los consejos. http:\/\/semmexico.com\/category-lifestyle.php?id=6&amp;columna=Ejecutivo&amp;pagina=3<br>Sobre el proceso, de \u00faltima hora, militantes de MORENA y amigas de Carol Arriaga \u2013 aspirante entrevistada por las consejeras- lanzaron una petici\u00f3n en Change.org &nbsp;el 8 de febrero, que al cierre de esta informaci\u00f3n ten\u00eda 187 firmas. Piden un procedimiento limpio y leg\u00edtimo a las Consejeras e indirectamente a su papel en la &nbsp;Junta de Gobierno que se reunir\u00e1 en 8 d\u00edas, en la Secretaria de Gobernaci\u00f3n y presidido por la encargada del despacho de Inmujeres, Marcela Eternod Ar\u00e1mburu, secretaria ejecutiva.<br>B\u00e1sicamente esa petici\u00f3n est\u00e1 dirigida a apoyar a la dirigente femenil de MORENA, una demanda semejante a las intenciones partidistas de colocar en el Inmujeres a una persona del partido del presidente de la Rep\u00fablica. La petici\u00f3n apareci\u00f3 tras acordarse, &nbsp;la decisi\u00f3n de la terna de ambos Consejos.<br>El procedimiento no ha estado libre de contradicciones. La presidenta del consejo social, la yucateca Milagros Herrera advirti\u00f3 \u2013seg\u00fan fuentes de la pen\u00ednsula- que el procedimiento podr\u00eda ser impugnado por estar fuera de reglamento; otras fuentes afirman que no todas las consejeras -132- votaron a las aspirantes que resultaron de la terna, y solamente lo hicieron poco m\u00e1s de 80; adem\u00e1s la terna fue definida por el n\u00famero de votos que obtuvo cada una.&nbsp;<br>Las integrantes de MORENA a favor la dirigente piden a las Consejeras \u201crespetuosa pero firmemente, que ninguna mujer de M\u00e9xico &nbsp;aceptaremos imposici\u00f3n de Titular del INMUJERES que provenga de extranjerismos, condicionamientos y manejos a modo&#8230;\u201d &nbsp;Y reiteran que \u201cTodas las Mujeres de M\u00e9xico estamos a favor de un proceso limpio y leg\u00edtimo de nuestra titular para el INMUJERES, la petici\u00f3n est\u00e1 firmada por Ivonne Chaparro.<\/p>\n\n\n\n<p class=\"wp-block-paragraph\"><strong>PERFILES<\/strong><br><strong>Candelaria Ochoa \u00c1valos:<\/strong>&nbsp;Profesora Investigadora Titular \u00abC\u00bb del Centro de Estudios de G\u00e9nero de la Universidad de Guadalajara desde 1994 a la fecha (fundadora de dicho Centro), especialista en: Violencia contra las mujeres; Derechos humanos; Participaci\u00f3n social y pol\u00edtica de las Mujeres y Pol\u00edticas p\u00fablicas con perspectiva de g\u00e9nero. Cargos de representaci\u00f3n popular: Diputada federal por el IX Distrito de Guadalajara, Jalisco; Regidora en el H. Ayuntamiento de Guadalajara, 2012-2015; Integrante del Consejo Consultivo de MORENA.<br>Como diputada en la &nbsp;LXIII Legislatura, estuvo en las comisiones: Igualdad de g\u00e9nero, Transparencia y anticorrupci\u00f3n, Derechos humanos, Especial para el caso Ayotzinapa, Agresiones a periodistas, Delitos de g\u00e9nero, Especial sobre Feminicidio e Integrante del Consejo Editorial.&nbsp;<br>Formaci\u00f3n profesional: Doctora en Ciencias Sociales con especialidad en Antropolog\u00eda pol\u00edtica por el CIESAS Occidente; Diploma Superior en G\u00e9nero y Pol\u00edticas P\u00fablicas. FLACSO, Argentina; Maestra en Sociolog\u00eda por la Universidad de Guadalajara; Licenciada en Psicolog\u00eda por la Universidad de Guadalajara.<br>Propone que una cuesti\u00f3n fundamental: la transformaci\u00f3n para el cambio de mentalidades, porque&nbsp;&nbsp;el combate a la desigualdad de g\u00e9nero -incluyendo la no discriminaci\u00f3n, la no violencia y la paz-, requiere concentrar la acci\u00f3n decidida de gobierno para su combate y re-construir un andamiaje institucional que se proponga la transversalidad, efectiva. http:\/\/semmexico.com\/gallery-post.php?id=7063<\/p>\n\n\n\n<p class=\"wp-block-paragraph\"><strong>Patricia Olamendi Torres<\/strong>: Experta en temas de discriminaci\u00f3n como la defini\u00f3 el Consejo de Derechos Humanos de las Naciones Unidas, representante y coordinadora del Comit\u00e9 de expertas del mecanismo de seguimiento de la Convenci\u00f3n interamericana de Bel\u00e9m do Par\u00e1 de la OEA; doctora en Derecho. Subsecretaria de Relaciones Exteriores para Asuntos Multilaterales y Derechos Humanos. Contribuy\u00f3 en la redacci\u00f3n de la Convenci\u00f3n de las Naciones Unidas contra la Corrupci\u00f3n y de la Convenci\u00f3n para proteger los derechos de las personas con discapacidad de las Naciones Unidas, adem\u00e1s del Protocolo Adicional Contra la Tortura y de la Convenci\u00f3n Internacional contra desaparici\u00f3n forzada de personas. Promovi\u00f3 ante el Senado de la Rep\u00fablica la ratificaci\u00f3n de los tratados en materia de derechos humanos incluyendo la Corte Penal Internacional. Presidenta de la comisi\u00f3n de Estupefacientes de Naciones Unidas. Subprocuradora y Directora General de Atenci\u00f3n a V\u00edctimas del Delito de la Procuradur\u00eda General de Justicia del Distrito Federal fundadora y Coordinadora del Programa para la Participaci\u00f3n Equitativa de la Mujer en la ciudad de M\u00e9xico. Sin partido actualmente.<\/p>\n\n\n\n<p class=\"wp-block-paragraph\">Piensa &nbsp;que las acciones urgentes para eliminar las brechas de g\u00e9nero y promover la igualdad de oportunidades son las que ha promovido en los \u00faltimos 20 a\u00f1os en M\u00e9xico y en Naciones Unidas. Afirma &nbsp;que ante el saldo negativo en violencia para las mujeres y considerando que la pobreza en M\u00e9xico tiene hoy rostro de mujer, propone poner en marcha una pol\u00edtica de Estado en Materia de Igualdad que busque, desde un primero momento, eliminar la discriminaci\u00f3n, reducir las brechas de g\u00e9nero en el acceso al empleo, salud y educaci\u00f3n, asegurando la igualdad de oportunidades y la participaci\u00f3n efectiva en la toma de decisiones para las mujeres mexicanas. http:\/\/semmexico.com\/gallery-post.php?id=7098<\/p>\n\n\n\n<p class=\"wp-block-paragraph\"><strong>Magdalena Garc\u00eda Hern\u00e1ndez<\/strong>: quien se dice satisfecha con su entrevista \u201cme fue muy bien en el momento, me aplaudieron y me comentaron que hasta ese momento no le hab\u00edan aplaudido as\u00ed a nadie\u201d, &nbsp;es &nbsp;economista de alto rendimiento con compromiso feminista; inicio su militancia &nbsp;desde &nbsp;la Construcci\u00f3n de Mueres en Lucha por la Democracia y el Parlamento de Mujeres; es docente en g\u00e9nero y participa en la discusi\u00f3n internacional de las ciudades seguras.<br>Propone la revisi\u00f3n del PROIGUALDAD memorando &nbsp;lo que funciona, desplegando la consulta a trav\u00e9s de &nbsp;procesos participativos y deliberativos permanentes. Afirma que nada mejor como la mejora contin\u00faa del quehacer gubernamental, desde &nbsp;la gobernanza democr\u00e1tica. Propone que el Instituto Nacional de las Mujeres (INMUJERES) sea reconstruido. Afirma que el impacto del modelo econ\u00f3mico de ajuste estructural ha sido devastador para las mujeres y urge a revisar el Programa Nacional de Igualdad (PROIGUALDAD). Su mayor aporte, es el an\u00e1lisis y propuestas para construir presupuestos con perspectiva feminista, federal y estatal.<br>Magdalena ha recorrido un largo camino en la militancia y su hacer profesional, desde que analiz\u00f3 c\u00f3mo el modelo econ\u00f3mico afecta a las mujeres, sobre todo cuando se construy\u00f3 en colectivo por las feministas, un plan de igualdad. http:\/\/semmexico.com\/gallery-post.php?id=7107<\/p>\n\n\n\n<p class=\"wp-block-paragraph\">Hasta ayer las consejeras que debieron avisar el resultado pero no fue as\u00ed; en todas las entrevistas grabaron a las aspirantes, quienes lo autorizaron, y en un pacto de confidencialidad, las Consejeras, no han declarado nada a los medios de comunicaci\u00f3n, como s\u00ed lo hicieron durante los d\u00edas despu\u00e9s dela convocatoria.<br>La decisi\u00f3n sobre la presidencia de INMUJERES han coincidido aspirantes, militantes, consejeras y quienes &nbsp;no participaron en la convocatoria abierta por las Consejeras, es muy trascendente, porque es el INMUJERES la instancia encargada de la pol\u00edtica nacional de g\u00e9nero y ya lleva muchos meses sin presidenta y hace 3 meses que trabaja con personal limitado y pr\u00e1cticamente sin directoras o directores, ya que se pidi\u00f3 reducci\u00f3n de personal.<br>No obstante sigue trabajando en lo que es m\u00e1s urgente y el gobierno federal ya est\u00e1 administrando sus recursos, con un representante en la vigilancia interna. El INMUJERES es el \u00f3rgano fundamental, tambi\u00e9n para la pol\u00edtica de g\u00e9nero respetando al sistema federal. Por eso la urgencia de la decisi\u00f3n que se conocer\u00e1 en 10 d\u00edas.<br>&nbsp;<\/p>\n","protected":false},"excerpt":{"rendered":"<p>Sara Lovera SemM\u00e9xico. Ciudad de M\u00e9xico. 10 de febrero 2019.- Los Consejos Social y Consultivo del Instituto Nacional de las mujeres, luego de entrevistar s\u00f3lo a 7 de las aspirantes a ocupar la presidencia de ese instituto y con poco menos de 90 votos, &nbsp;decidieron una terna formada por las doctoras Candelaria Ochoa \u00c1valos, Patricia [&hellip;]<\/p>\n","protected":false},"author":3,"featured_media":7950,"comment_status":"open","ping_status":"open","sticky":false,"template":"","format":"standard","meta":{"_monsterinsights_skip_tracking":false,"footnotes":""},"categories":[690,51],"tags":[],"class_list":["post-7949","post","type-post","status-publish","format-standard","has-post-thumbnail","category-690","category-ejecutivo"],"_links":{"self":[{"href":"https:\/\/redsemlac.com\/semmexico\/wp-json\/wp\/v2\/posts\/7949","targetHints":{"allow":["GET"]}}],"collection":[{"href":"https:\/\/redsemlac.com\/semmexico\/wp-json\/wp\/v2\/posts"}],"about":[{"href":"https:\/\/redsemlac.com\/semmexico\/wp-json\/wp\/v2\/types\/post"}],"author":[{"embeddable":true,"href":"https:\/\/redsemlac.com\/semmexico\/wp-json\/wp\/v2\/users\/3"}],"replies":[{"embeddable":true,"href":"https:\/\/redsemlac.com\/semmexico\/wp-json\/wp\/v2\/comments?post=7949"}],"version-history":[{"count":0,"href":"https:\/\/redsemlac.com\/semmexico\/wp-json\/wp\/v2\/posts\/7949\/revisions"}],"wp:featuredmedia":[{"embeddable":true,"href":"https:\/\/redsemlac.com\/semmexico\/wp-json\/wp\/v2\/media\/7950"}],"wp:attachment":[{"href":"https:\/\/redsemlac.com\/semmexico\/wp-json\/wp\/v2\/media?parent=7949"}],"wp:term":[{"taxonomy":"category","embeddable":true,"href":"https:\/\/redsemlac.com\/semmexico\/wp-json\/wp\/v2\/categories?post=7949"},{"taxonomy":"post_tag","embeddable":true,"href":"https:\/\/redsemlac.com\/semmexico\/wp-json\/wp\/v2\/tags?post=7949"}],"curies":[{"name":"wp","href":"https:\/\/api.w.org\/{rel}","templated":true}]}}