{"id":79470,"date":"2024-03-28T13:43:43","date_gmt":"2024-03-28T19:43:43","guid":{"rendered":"https:\/\/redsemlac.com\/semmexico\/?p=79470"},"modified":"2024-03-28T13:43:57","modified_gmt":"2024-03-28T19:43:57","slug":"los-capitales-continua-prohibida-la-importacion-y-uso-del-glifosato-en-el-campo-mexicano","status":"publish","type":"post","link":"https:\/\/redsemlac.com\/semmexico\/los-capitales-continua-prohibida-la-importacion-y-uso-del-glifosato-en-el-campo-mexicano\/","title":{"rendered":"Los capitales| Contin\u00faa prohibida la importaci\u00f3n y uso del glifosato en el campo mexicano"},"content":{"rendered":"\n<p class=\"wp-block-paragraph\">Edgar Gonz\u00e1lez Mart\u00ednez<\/p>\n\n\n\n<p class=\"wp-block-paragraph\">SemM\u00e9xico, Ciudad de M\u00e9xico, 28 de marzo, 2024.- Hasta el momento las empresas y hombres de negocios interesados en ese herbicida no han presentado alguna alternativa de amplio espectro y de baja toxicidad que sustituya al glifosato y que permita mantener la productividad de quienes optan por este insumo.<\/p>\n\n\n\n<p class=\"wp-block-paragraph\">De acuerdo con el decreto presidencial publicado en el Diario Oficial de la Federaci\u00f3n el 13 de febrero de 2023, se condiciona la abstenci\u00f3n de otorgar autorizaciones y proceder a la revocaci\u00f3n de registros sobre tres puntos sustanciales: mantener la producci\u00f3n agr\u00edcola; disminuir el posible impacto por la sustituci\u00f3n de la sustancia; y contar con las alternativas, pr\u00e1cticas agroecol\u00f3gicas y saludables, que permitan prescindir completamente del glifosato, este \u00faltimo contin\u00faa en proceso. Por tal motivo contin\u00faa la prohibici\u00f3n del glifosato, que tiene como objetivo salvaguarda la seguridad agroalimentaria del pa\u00eds.<\/p>\n\n\n\n<p class=\"wp-block-paragraph\">Por supuesto, las acciones previstas en el Decreto a\u00fan no concluyen, por lo que se trabaja para encontrar opciones que est\u00e9n disponibles en las cantidades necesarias, asociadas a las cadenas de comercializaci\u00f3n a nivel nacional y que sean accesibles en costos para todo tipo de productor.<\/p>\n\n\n\n<p class=\"wp-block-paragraph\">Al respecto, la Secretar\u00eda de Agricultura y Desarrollo Rural (Sader) indic\u00f3 que est\u00e1 preparada para recibir y evaluar la efectividad biol\u00f3gica de los insumos agr\u00edcolas elegibles, cuando estos est\u00e9n disponibles, a trav\u00e9s de su organismo desconcentrado, el Servicio Nacional de Sanidad, Inocuidad y Calidad Agroalimentaria (Senasica). Por su parte, la Semarnat se\u00f1al\u00f3 que atender\u00e1 los requerimientos de opini\u00f3n t\u00e9cnica para mol\u00e9culas identificadas como sustituto del glifosato que se requieran.<\/p>\n\n\n\n<p class=\"wp-block-paragraph\">El Gobierno de M\u00e9xico mantiene el prop\u00f3sito del Decreto de proteger el derecho a la salud, a una alimentaci\u00f3n nutritiva, a un medio ambiente sano para el desarrollo y bienestar de las personas, as\u00ed como de garantizar la soberan\u00eda alimentaria del pueblo de M\u00e9xico.<\/p>\n\n\n\n<p class=\"wp-block-paragraph\"><strong>Rezago el\u00e9ctrico, uno de los desaf\u00edos m\u00e1s importantes que heredar\u00e1 AMLO.<\/strong><\/p>\n\n\n\n<p class=\"wp-block-paragraph\">Expertos en energ\u00eda de&nbsp;<strong>Santamarina y Steta&nbsp;<\/strong>destacaron los aspectos legales y t\u00e9cnicos a tomar en cuenta para lograr una pol\u00edtica p\u00fablica efectiva que permita enfrentar el rezago el\u00e9ctrico del pa\u00eds y, adem\u00e1s, aprovechar la oportunidad que hay para beneficio de la sociedad para contar con mayor productividad en aras de beneficiar a todos los mexicanos.<\/p>\n\n\n\n<p class=\"wp-block-paragraph\">Los especialistas de esta firma de asesor\u00eda nos dijeron que los aspectos cruciales urgentes a atender para asegurar la red y detonar una pol\u00edtica energ\u00e9tica con resultados reales, son: 1) crecimiento de las l\u00edneas de transmisi\u00f3n y de las l\u00edneas de distribuci\u00f3n. Esto significa la modernizaci\u00f3n de las actuales y construcci\u00f3n de nuevas l\u00edneas; 2) despliegue de energ\u00edas renovables dentro de la red. Implica la liberaci\u00f3n de permisos y contratos de interconexi\u00f3n, de los que se habla poco; 3) promover proyectos de abasto aislado, que son los que hacen para la generaci\u00f3n de energ\u00eda el\u00e9ctrica para satisfacci\u00f3n de necesidades propias; 4) Transici\u00f3n energ\u00e9tica justa, alineada a los acuerdos de Par\u00eds, para que el sector el\u00e9ctrico reduzca la emisi\u00f3n de gases de efecto invernadero, dado que hoy es uno de los mayores emisores de gases de efecto invernadero. Lo anterior, mediante una reconversi\u00f3n de los procesos productivos de todo el sector energ\u00e9tico; 5) Viraje hacia la electro-movilidad. Adem\u00e1s de que nos va a ayudar a reconvertir el parque al generar menores emisiones, permite una transici\u00f3n del sector transporte, el cual,&nbsp;actualmente el principal generador de gases de invernadero en M\u00e9xico y carece de est\u00edmulos que permitan su reconversi\u00f3n hacia un modelo m\u00e1s sostenible.<\/p>\n\n\n\n<p class=\"wp-block-paragraph\"><strong>Alemania legaliza el uso parcial del cannabis, a partir del 1 de abril pr\u00f3ximo.<\/strong><\/p>\n\n\n\n<p class=\"wp-block-paragraph\">Mariana Larrea, Socia Directora de la boutique legal&nbsp;<strong>Boutique Legal MLifesciences and Cannabis,<\/strong>&nbsp;se\u00f1al\u00f3 los aspectos que aprobaron recientemente el parlamento alem\u00e1n y el Consejo Federal Alem\u00e1n, para detonar una legalizaci\u00f3n parcial del cannabis.&nbsp;<em>\u201cEsta legislaci\u00f3n, que entrar\u00e1 en vigor el 1ro de abril de 2024, supone un cambio importante en la pol\u00edtica de drogas al eliminar el cannabis de la lista de sustancias estupefacientes en Alemania. Esto abre nuevas oportunidades para la industria de la cannabis medicinal de aquel pa\u00eds, que hasta ahora operaba en un marco regulatorio limitado. Nos env\u00eda se\u00f1ales y experiencias para detonar dicha prometedora industria en M\u00e9xico\u201d<\/em>,<\/p>\n\n\n\n<p class=\"wp-block-paragraph\"><a href=\"mailto:loscapitales@yahoo.com.mx\" target=\"_blank\" rel=\"noreferrer noopener\">loscapitales@yahoo.com.mx<\/a><\/p>\n\n\n\n<p class=\"wp-block-paragraph\"><a href=\"http:\/\/www.agendadeinversiones.com.mx\/\" target=\"_blank\" rel=\"noreferrer noopener\">www.agendadeinversiones.com.mx<\/a><\/p>\n\n\n\n<p class=\"wp-block-paragraph\">Twiter: @Edgar4712<\/p>\n","protected":false},"excerpt":{"rendered":"<p>Hasta el momento las empresas y hombres de negocios interesados en ese herbicida no han presentado alguna alternativa de amplio espectro y de baja toxicidad que sustituya al glifosato y que permita mantener la productividad de quienes optan por este insumo.<\/p>\n","protected":false},"author":3,"featured_media":75979,"comment_status":"open","ping_status":"open","sticky":false,"template":"","format":"standard","meta":{"_monsterinsights_skip_tracking":false,"footnotes":""},"categories":[750,110,35],"tags":[],"class_list":["post-79470","post","type-post","status-publish","format-standard","has-post-thumbnail","category-edgar-gonzalez-martinez","category-la-opinion-columnas","category-opinion"],"_links":{"self":[{"href":"https:\/\/redsemlac.com\/semmexico\/wp-json\/wp\/v2\/posts\/79470","targetHints":{"allow":["GET"]}}],"collection":[{"href":"https:\/\/redsemlac.com\/semmexico\/wp-json\/wp\/v2\/posts"}],"about":[{"href":"https:\/\/redsemlac.com\/semmexico\/wp-json\/wp\/v2\/types\/post"}],"author":[{"embeddable":true,"href":"https:\/\/redsemlac.com\/semmexico\/wp-json\/wp\/v2\/users\/3"}],"replies":[{"embeddable":true,"href":"https:\/\/redsemlac.com\/semmexico\/wp-json\/wp\/v2\/comments?post=79470"}],"version-history":[{"count":0,"href":"https:\/\/redsemlac.com\/semmexico\/wp-json\/wp\/v2\/posts\/79470\/revisions"}],"wp:featuredmedia":[{"embeddable":true,"href":"https:\/\/redsemlac.com\/semmexico\/wp-json\/wp\/v2\/media\/75979"}],"wp:attachment":[{"href":"https:\/\/redsemlac.com\/semmexico\/wp-json\/wp\/v2\/media?parent=79470"}],"wp:term":[{"taxonomy":"category","embeddable":true,"href":"https:\/\/redsemlac.com\/semmexico\/wp-json\/wp\/v2\/categories?post=79470"},{"taxonomy":"post_tag","embeddable":true,"href":"https:\/\/redsemlac.com\/semmexico\/wp-json\/wp\/v2\/tags?post=79470"}],"curies":[{"name":"wp","href":"https:\/\/api.w.org\/{rel}","templated":true}]}}