{"id":79453,"date":"2024-03-27T13:16:53","date_gmt":"2024-03-27T19:16:53","guid":{"rendered":"https:\/\/redsemlac.com\/semmexico\/?p=79453"},"modified":"2024-03-27T13:16:53","modified_gmt":"2024-03-27T19:16:53","slug":"estara-hasta-el-31-de-marzo-exposicion-dedicada-al-centenario-de-el-machete","status":"publish","type":"post","link":"https:\/\/redsemlac.com\/semmexico\/estara-hasta-el-31-de-marzo-exposicion-dedicada-al-centenario-de-el-machete\/","title":{"rendered":"Estar\u00e1 hasta el 31 de marzo, exposici\u00f3n dedicada al centenario de El Machete"},"content":{"rendered":"\n<ul class=\"wp-block-list\">\n<li>Una publicaci\u00f3n de gran valor hist\u00f3rico, cultural, pol\u00edtico y art\u00edstico<\/li>\n\n\n\n<li>En sus p\u00e1ginas participaron artistas como Beloff, Guerrero, Siqueiros, Rivera, Orozco y otros<\/li>\n<\/ul>\n\n\n\n<p class=\"wp-block-paragraph\">Redacci\u00f3n<\/p>\n\n\n\n<p class=\"wp-block-paragraph\">SemM\u00e9xico, Cd. de M\u00e9xico, 27 de marzo, 2024.- Para conmemorar cien a\u00f1os de la publicaci\u00f3n del peri\u00f3dico El Machete, el Instituto Nacional de Bellas Artes y Literatura (Inbal) mantendr\u00e1 abierta la exposici\u00f3n hasta el 31 de marzo en la Sala de Arte P\u00fablico Siqueiros (SAPS).<\/p>\n\n\n\n<p class=\"wp-block-paragraph\">La exposici\u00f3n sobresale por su valor hist\u00f3rico, cultural, pol\u00edtico y art\u00edstico, es la selecci\u00f3n documental sobre la formaci\u00f3n hace 100 a\u00f1os de la publicaci\u00f3n&nbsp;en la que participaron numerosos artistas por medio de ilustraciones, como Angelina Beloff, Xavier Guerrero, Jos\u00e9 Clemente Orozco, M\u00e1ximo Pacheco, Ferm\u00edn Revueltas, Ram\u00f3n Alva de la Canal, Diego Rivera y David Alfaro Siqueiro.<\/p>\n\n\n\n<p class=\"wp-block-paragraph\">\u201cSiqueiros es lo contrario de un contemplativo. Hasta su pintura ha de ser din\u00e1mica. Cree en las formas activas y en los grandes espacios con un sentido de vasta profundidad. Cree que el arte ha de reproducir seres apasionados y una naturaleza donde sople el viento y reinen el fr\u00edo y el calor\u201d.<\/p>\n\n\n\n<p class=\"wp-block-paragraph\">Lo anterior fue escrito por el periodista Julio Scherer Garc\u00eda en su libro&nbsp;<em>La piel y la entra\u00f1a<\/em>, de cuya primera edici\u00f3n (1965) se extrajo ese pasaje.<\/p>\n\n\n\n<p class=\"wp-block-paragraph\">En el gabinete que se presenta en la entrada de la SAPS se muestran diversos aspectos de la participaci\u00f3n de Siqueiros en la creaci\u00f3n de&nbsp;<em>El Machete<\/em>, principalmente en los n\u00fameros aparecidos entre 1924 y 1925.<\/p>\n\n\n\n<p class=\"wp-block-paragraph\">Una de las piezas que se expone es la titulada&nbsp;<em>Uni\u00f3n obrero, militar y campesino. (Los tres somos v\u00edctimas, los tres somos hermanos)<\/em>, del propio Siqueiros. Fechada hace exactamente un siglo atr\u00e1s, es una placa en madera de hilo, xilograf\u00eda e impresi\u00f3n de&nbsp;<em>El Machete<\/em>, de la colecci\u00f3n del Inbal.<\/p>\n\n\n\n<p class=\"wp-block-paragraph\">De Siqueiros tambi\u00e9n se presentan otras ilustraciones con las mismas caracter\u00edsticas que la anterior:&nbsp;<em>Obrero (hombre con martillo)<\/em>&nbsp;y&nbsp;<em>La trinidad de los sinverg\u00fcenzas&nbsp;(Saqueo al mundo, soy el Iscariote)<\/em>.<\/p>\n\n\n\n<p class=\"wp-block-paragraph\">La exposici\u00f3n rese\u00f1a la actuaci\u00f3n del muralista en la formaci\u00f3n del Sindicato de Obreros T\u00e9cnicos, Pintores y Escultores y en la creaci\u00f3n de&nbsp;<em>El Machete<\/em>&nbsp;como su medio de difusi\u00f3n.<\/p>\n\n\n\n<p class=\"wp-block-paragraph\">En sus primeros a\u00f1os, el peri\u00f3dico tambi\u00e9n circul\u00f3 como afiche en paredes de f\u00e1bricas, centros de trabajo y locales sindicales; pod\u00eda ser le\u00eddo en voz alta por una persona para un grupo y comentado colectivamente. Por medio de la gr\u00e1fica se abordaban los problemas m\u00e1s sobresalientes del pa\u00eds y del mundo en aquel momento.<\/p>\n\n\n\n<p class=\"wp-block-paragraph\">Entre los materiales del Centro de Investigaci\u00f3n y Documentaci\u00f3n Siqueiros (CIDS), que est\u00e1n a la vista de los visitantes, sobresalen placas de madera y sus respectivas impresiones, las cuales Siqueiros elabor\u00f3 para ilustrar el peri\u00f3dico en sus n\u00fameros iniciales de 1924.<\/p>\n\n\n\n<p class=\"wp-block-paragraph\">Se muestran otros documentos relacionados con la gr\u00e1fica y el dise\u00f1o del peri\u00f3dico en sus albores e incluso en a\u00f1os posteriores; es el caso de la portada del peri\u00f3dico de la segunda mitad de septiembre de 1937, realizada por Luis Arenal.<\/p>\n\n\n\n<p class=\"wp-block-paragraph\">Asimismo, se presentan colaboraciones de Graciela Amador,&nbsp;escritora y periodista,&nbsp;quien fue dura en su cr\u00edtica&nbsp;a la mujer de la clase media de su tiempo. En la exposici\u00f3n se presenta el texto completo titulado&nbsp;<em>Aspectos sociales de las mujeres de M\u00e9xico<\/em>, que escribi\u00f3 en 1924 con el seud\u00f3nimo de Silveria Sierra para&nbsp;<em>El Machete<\/em>.&nbsp;Tambi\u00e9n hay trabajos de Ang\u00e9lica Arenal como corresponsal de guerra en Espa\u00f1a en 1937.<\/p>\n\n\n\n<p class=\"wp-block-paragraph\">El domingo 31 de marzo es el \u00faltimo d\u00eda para observar esta breve exposici\u00f3n documental en la SAPS, ubicada en calle Tres Picos No. 29, colonia Polanco, alcald\u00eda Miguel Hidalgo. Horario de visita, de martes a domingo de 10:00 a 18:00 h.&nbsp;<\/p>\n","protected":false},"excerpt":{"rendered":"<p>Redacci\u00f3n SemM\u00e9xico, Cd. de M\u00e9xico, 27 de marzo, 2024.- Para conmemorar cien a\u00f1os de la publicaci\u00f3n del peri\u00f3dico El Machete, el Instituto Nacional de Bellas Artes y Literatura (Inbal) mantendr\u00e1 abierta la exposici\u00f3n hasta el 31 de marzo en la Sala de Arte P\u00fablico Siqueiros (SAPS). La exposici\u00f3n sobresale por su valor hist\u00f3rico, cultural, pol\u00edtico [&hellip;]<\/p>\n","protected":false},"author":3,"featured_media":79454,"comment_status":"open","ping_status":"open","sticky":false,"template":"","format":"standard","meta":{"_monsterinsights_skip_tracking":false,"footnotes":""},"categories":[45],"tags":[],"class_list":["post-79453","post","type-post","status-publish","format-standard","has-post-thumbnail","category-cultura"],"_links":{"self":[{"href":"https:\/\/redsemlac.com\/semmexico\/wp-json\/wp\/v2\/posts\/79453","targetHints":{"allow":["GET"]}}],"collection":[{"href":"https:\/\/redsemlac.com\/semmexico\/wp-json\/wp\/v2\/posts"}],"about":[{"href":"https:\/\/redsemlac.com\/semmexico\/wp-json\/wp\/v2\/types\/post"}],"author":[{"embeddable":true,"href":"https:\/\/redsemlac.com\/semmexico\/wp-json\/wp\/v2\/users\/3"}],"replies":[{"embeddable":true,"href":"https:\/\/redsemlac.com\/semmexico\/wp-json\/wp\/v2\/comments?post=79453"}],"version-history":[{"count":0,"href":"https:\/\/redsemlac.com\/semmexico\/wp-json\/wp\/v2\/posts\/79453\/revisions"}],"wp:featuredmedia":[{"embeddable":true,"href":"https:\/\/redsemlac.com\/semmexico\/wp-json\/wp\/v2\/media\/79454"}],"wp:attachment":[{"href":"https:\/\/redsemlac.com\/semmexico\/wp-json\/wp\/v2\/media?parent=79453"}],"wp:term":[{"taxonomy":"category","embeddable":true,"href":"https:\/\/redsemlac.com\/semmexico\/wp-json\/wp\/v2\/categories?post=79453"},{"taxonomy":"post_tag","embeddable":true,"href":"https:\/\/redsemlac.com\/semmexico\/wp-json\/wp\/v2\/tags?post=79453"}],"curies":[{"name":"wp","href":"https:\/\/api.w.org\/{rel}","templated":true}]}}