{"id":79441,"date":"2024-03-27T13:03:33","date_gmt":"2024-03-27T19:03:33","guid":{"rendered":"https:\/\/redsemlac.com\/semmexico\/?p=79441"},"modified":"2024-03-27T13:03:33","modified_gmt":"2024-03-27T19:03:33","slug":"a-traves-del-silencio-exposicion-grafica-elaborada-por-internas-de-tanivet","status":"publish","type":"post","link":"https:\/\/redsemlac.com\/semmexico\/a-traves-del-silencio-exposicion-grafica-elaborada-por-internas-de-tanivet\/","title":{"rendered":"A trav\u00e9s del silencio, exposici\u00f3n gr\u00e1fica elaborada por internas de Tanivet"},"content":{"rendered":"\n<ul class=\"wp-block-list\">\n<li>16 mujeres participaron en el taller promovido por el artista C\u00e9sar Ch\u00e1vez<\/li>\n\n\n\n<li>Cada obra exhibida revela una historia \u00fanica, una experiencia de vida<\/li>\n<\/ul>\n\n\n\n<p class=\"wp-block-paragraph\">Patricia Brise\u00f1o.<\/p>\n\n\n\n<p class=\"wp-block-paragraph\">SemM\u00e9xico, Oaxaca, 27 de marzo, 2024.- La exposici\u00f3n A trav\u00e9s del Silencio no solo destaca el talento art\u00edstico de las mujeres del Penal Femenil de Tanivet, sino que tambi\u00e9n promueve la reflexi\u00f3n sobre la importancia de la reinserci\u00f3n social y la libertad a trav\u00e9s del arte.<\/p>\n\n\n\n<p class=\"wp-block-paragraph\">La muestra presenta la obra de 16 mujeres internas en el centro penitenciario, ubicado en el Valle de Tlacolula, integrantes del&nbsp;Taller de Gr\u00e1fica Siqueiros, iniciativa del artista C\u00e9sar Ch\u00e1vez, comunidad art\u00edstica independiente y los Amigos del Instituto de Artes Gr\u00e1ficas de Oaxaca (IAGO) vigente desde 2018 a la fecha, en coordinaci\u00f3n con las autoridades penitenciarias estatales.<\/p>\n\n\n\n<p class=\"wp-block-paragraph\">Cada obra exhibida revela una historia \u00fanica, una experiencia de vida, emociones y pensamientos de las talleristas. Desde paisajes imaginarios hasta retratos \u00edntimos, las piezas reflejan la diversidad de perspectivas y la profundidad emocional de quienes las crearon.<\/p>\n\n\n\n<p class=\"wp-block-paragraph\">Asimismo, las piezas est\u00e1n acompa\u00f1adas de una semblanza escrita por cada autora, explicando su obra.<\/p>\n\n\n\n<p class=\"wp-block-paragraph\">&nbsp;\u201cA trav\u00e9s del silencio\u201d es el resultado del trabajo del primer trimestre del a\u00f1o, trabajando las t\u00e9cnicas de lin\u00f3leo y punta seca sobre placa de acr\u00edlico en un formato de 19 por 20 cent\u00edmetros, impresos en papel de algod\u00f3n\u00bb, explic\u00f3 la artista pl\u00e1stica Victoria Nucamendi.<\/p>\n\n\n\n<p class=\"wp-block-paragraph\">\u201cEllas decidieron el nombre de la exposici\u00f3n, pues nadie las escucha, y esta (exposici\u00f3n) es la voz de ellas para poder transmitir lo que est\u00e1n pasando y sintiendo en reclusi\u00f3n\u201d, apunt\u00f3 Nucamendi, quien junto con Cristopher Ram\u00edrez, imparti\u00f3 el taller al grupo de mujeres.<\/p>\n\n\n\n<p class=\"wp-block-paragraph\">EL DATO:<\/p>\n\n\n\n<p class=\"wp-block-paragraph\">\u201cA trav\u00e9s del silencio\u201d, exposici\u00f3n de las integrantes del&nbsp; taller de gr\u00e1fica Siqueiros, del Penal femenil de Tanivet, se presenta en la Productora Gr\u00e1fica&nbsp;del Bosque, calle&nbsp;Mariano Matamoros, n\u00famero 305, Centro.&nbsp;Oaxaca. La muestra se mantendr\u00e1 hasta mayo pr\u00f3ximo.<\/p>\n","protected":false},"excerpt":{"rendered":"<p>Patricia Brise\u00f1o. SemM\u00e9xico, Oaxaca, 27 de marzo, 2024.- La exposici\u00f3n A trav\u00e9s del Silencio no solo destaca el talento art\u00edstico de las mujeres del Penal Femenil de Tanivet, sino que tambi\u00e9n promueve la reflexi\u00f3n sobre la importancia de la reinserci\u00f3n social y la libertad a trav\u00e9s del arte. La muestra presenta la obra de 16 [&hellip;]<\/p>\n","protected":false},"author":3,"featured_media":79443,"comment_status":"open","ping_status":"open","sticky":false,"template":"","format":"standard","meta":{"_monsterinsights_skip_tracking":false,"footnotes":""},"categories":[46],"tags":[],"class_list":["post-79441","post","type-post","status-publish","format-standard","has-post-thumbnail","category-cultura-cultura"],"_links":{"self":[{"href":"https:\/\/redsemlac.com\/semmexico\/wp-json\/wp\/v2\/posts\/79441","targetHints":{"allow":["GET"]}}],"collection":[{"href":"https:\/\/redsemlac.com\/semmexico\/wp-json\/wp\/v2\/posts"}],"about":[{"href":"https:\/\/redsemlac.com\/semmexico\/wp-json\/wp\/v2\/types\/post"}],"author":[{"embeddable":true,"href":"https:\/\/redsemlac.com\/semmexico\/wp-json\/wp\/v2\/users\/3"}],"replies":[{"embeddable":true,"href":"https:\/\/redsemlac.com\/semmexico\/wp-json\/wp\/v2\/comments?post=79441"}],"version-history":[{"count":0,"href":"https:\/\/redsemlac.com\/semmexico\/wp-json\/wp\/v2\/posts\/79441\/revisions"}],"wp:featuredmedia":[{"embeddable":true,"href":"https:\/\/redsemlac.com\/semmexico\/wp-json\/wp\/v2\/media\/79443"}],"wp:attachment":[{"href":"https:\/\/redsemlac.com\/semmexico\/wp-json\/wp\/v2\/media?parent=79441"}],"wp:term":[{"taxonomy":"category","embeddable":true,"href":"https:\/\/redsemlac.com\/semmexico\/wp-json\/wp\/v2\/categories?post=79441"},{"taxonomy":"post_tag","embeddable":true,"href":"https:\/\/redsemlac.com\/semmexico\/wp-json\/wp\/v2\/tags?post=79441"}],"curies":[{"name":"wp","href":"https:\/\/api.w.org\/{rel}","templated":true}]}}