{"id":79120,"date":"2024-03-20T14:11:16","date_gmt":"2024-03-20T20:11:16","guid":{"rendered":"https:\/\/redsemlac.com\/semmexico\/?p=79120"},"modified":"2024-03-20T14:11:17","modified_gmt":"2024-03-20T20:11:17","slug":"mujeres-y-jovenes-reciben-a-claudia-en-tamaulipas","status":"publish","type":"post","link":"https:\/\/redsemlac.com\/semmexico\/mujeres-y-jovenes-reciben-a-claudia-en-tamaulipas\/","title":{"rendered":"Mujeres y j\u00f3venes reciben a Claudia en Tamaulipas"},"content":{"rendered":"\n<ul class=\"wp-block-list\">\n<li>Al grito de la \u00a1La primera! Reciben j\u00f3venes a la candidata<\/li>\n\n\n\n<li>Con m\u00fasica y versos describen el momento hist\u00f3rico que vive M\u00e9xico<\/li>\n<\/ul>\n\n\n\n<p class=\"wp-block-paragraph\">Redacci\u00f3n<\/p>\n\n\n\n<p class=\"wp-block-paragraph\">SemM\u00e9xico. Cd. de M\u00e9xico. 20 de marzo, 2024.- Entre porras en las que se escuchaban \u00a1Se ve, se siente, Claudia est\u00e1 presente! decenas de mujeres taxistas tambi\u00e9n esperaron la llegada de la candidata a la Presidencia en las inmediaciones del Aeropuerto Internacional de Reynosa, donde a su llegada se vivi\u00f3 una aut\u00e9ntica fiesta.<\/p>\n\n\n\n<p class=\"wp-block-paragraph\">En un ambiente de mucha alegr\u00eda, militantes y simpatizantes le dieron una c\u00e1lida bienvenida a Tamaulipas a Claudia Sheinbaum Pardo, Candidata a la Presidencia de M\u00e9xico por la Coalici\u00f3n Sigamos Haciendo Historia (Morena-PT-PVEM), entre quienes se destacaron un grupo de j\u00f3venes que la arroparon al grito de \u00a1La Primera! en sus primeros minutos en tierras tamaulipecas.<\/p>\n\n\n\n<p class=\"wp-block-paragraph\">Fue entre el son de un tradicional hispano mexicano interpretado por un grupo local y en el que entre versos describen el momento hist\u00f3rico que vive M\u00e9xico al tener la posibilidad de que una mujer de la transformaci\u00f3n sea la primera presidenta, que Claudia Sheinbaum recibi\u00f3 el apoyo y el cari\u00f1o de mujeres y hombres entre abrazos, palabras de cari\u00f1o y sonrisas.<\/p>\n\n\n\n<p class=\"wp-block-paragraph\">SEM\/em\/sj<\/p>\n\n\n\n<figure class=\"wp-block-image size-large\"><a href=\"https:\/\/redsemlac.com\/semmexico\/wp-content\/uploads\/2024\/03\/image-4.png\"><img decoding=\"async\" src=\"https:\/\/redsemlac.com\/semmexico\/wp-content\/uploads\/2024\/03\/image-4-1024x565.png\" alt=\"\" class=\"wp-image-79121\"\/><\/a><\/figure>\n","protected":false},"excerpt":{"rendered":"<p>Entre porras en las que se escuchaban \u00a1Se ve, se siente, Claudia est\u00e1 presente! decenas de mujeres taxistas tambi\u00e9n esperaron la llegada de la candidata a la Presidencia en las inmediaciones del Aeropuerto Internacional de Reynosa, donde a su llegada se vivi\u00f3 una aut\u00e9ntica fiesta.<\/p>\n","protected":false},"author":3,"featured_media":79122,"comment_status":"open","ping_status":"open","sticky":false,"template":"","format":"standard","meta":{"_monsterinsights_skip_tracking":false,"footnotes":""},"categories":[141],"tags":[],"class_list":["post-79120","post","type-post","status-publish","format-standard","has-post-thumbnail","category-elecciones-2020-2021"],"_links":{"self":[{"href":"https:\/\/redsemlac.com\/semmexico\/wp-json\/wp\/v2\/posts\/79120","targetHints":{"allow":["GET"]}}],"collection":[{"href":"https:\/\/redsemlac.com\/semmexico\/wp-json\/wp\/v2\/posts"}],"about":[{"href":"https:\/\/redsemlac.com\/semmexico\/wp-json\/wp\/v2\/types\/post"}],"author":[{"embeddable":true,"href":"https:\/\/redsemlac.com\/semmexico\/wp-json\/wp\/v2\/users\/3"}],"replies":[{"embeddable":true,"href":"https:\/\/redsemlac.com\/semmexico\/wp-json\/wp\/v2\/comments?post=79120"}],"version-history":[{"count":0,"href":"https:\/\/redsemlac.com\/semmexico\/wp-json\/wp\/v2\/posts\/79120\/revisions"}],"wp:featuredmedia":[{"embeddable":true,"href":"https:\/\/redsemlac.com\/semmexico\/wp-json\/wp\/v2\/media\/79122"}],"wp:attachment":[{"href":"https:\/\/redsemlac.com\/semmexico\/wp-json\/wp\/v2\/media?parent=79120"}],"wp:term":[{"taxonomy":"category","embeddable":true,"href":"https:\/\/redsemlac.com\/semmexico\/wp-json\/wp\/v2\/categories?post=79120"},{"taxonomy":"post_tag","embeddable":true,"href":"https:\/\/redsemlac.com\/semmexico\/wp-json\/wp\/v2\/tags?post=79120"}],"curies":[{"name":"wp","href":"https:\/\/api.w.org\/{rel}","templated":true}]}}