{"id":7908,"date":"2019-05-08T18:02:38","date_gmt":"2019-05-08T18:02:38","guid":{"rendered":"https:\/\/redsemlac.com\/semmexico\/?p=7908"},"modified":"2023-07-21T14:48:36","modified_gmt":"2023-07-21T19:48:36","slug":"se-trata-de-un-acuerdo-marco-que-verificara-que-los-proyectos-sean-transparentes-eficaces-y-que-beneficien-a-la-poblacion","status":"publish","type":"post","link":"https:\/\/redsemlac.com\/semmexico\/se-trata-de-un-acuerdo-marco-que-verificara-que-los-proyectos-sean-transparentes-eficaces-y-que-beneficien-a-la-poblacion\/","title":{"rendered":"Se trata de un acuerdo marco que verificar\u00e1 que los proyectos sean transparentes, eficaces y que beneficien a la poblaci\u00f3n."},"content":{"rendered":"\n<p class=\"wp-block-paragraph\"><a href=\"https:\/\/www.semmexico.com\/gallery-post.php?id=7226#\">Redacci\u00f3n<\/a><\/p>\n\n\n\n<p class=\"wp-block-paragraph\">SemM\u00e9xico. Cd. de M\u00e9xico. 14 de febrero 2019.- Las alianzas multilaterales entre los estados, entre los organismos internacionales y la sociedad civil son la \u00fanica manera para encontrar soluciones a problemas globales que ninguna naci\u00f3n sola puede resolver. As\u00ed lo dijo la se\u00f1ora Grete Faremo, Directora Ejecutiva de la Oficina de las Naciones Unidas de Servicios para Proyectos (UNOPS) el d\u00eda de ayer durante la firma del Acuerdo Marco entre la UNOPS y el Gobierno de M\u00e9xico.<\/p>\n\n\n\n<p class=\"wp-block-paragraph\">En una ceremonia realizada en Palacio Nacional, el Presidente Andr\u00e9s Manuel L\u00f3pez Obrador fue testigo de honor de la formalizaci\u00f3n de este Acuerdo suscrito por el Secretario de Relaciones Exteriores, Marcelo Ebrard Casaubon, por parte del Gobierno de M\u00e9xico, y Grete Faremo, Directora Ejecutiva de la UNOPS.<\/p>\n\n\n\n<p class=\"wp-block-paragraph\">La se\u00f1ora Faremo explic\u00f3 que este acuerdo permitir\u00e1 a las entidades p\u00fablicas mexicanas, a nivel federal, estatal y tambi\u00e9n organismos aut\u00f3nomos utilizar el amplio rango de servicios de UNOPS.<\/p>\n\n\n\n<p class=\"wp-block-paragraph\">\u201cUna de las iniciativas m\u00e1s importante el d\u00eda de hoy es el impacto social, la inversi\u00f3n en el impacto social. El acuerdo que estamos firmando el d\u00eda de hoy, solamente pueda ayudar a crear oportunidades para toda la poblaci\u00f3n, especialmente para aquellas personas con las mayores necesidades\u201d dijo.<\/p>\n\n\n\n<p class=\"wp-block-paragraph\">Este acuerdo surge del inter\u00e9s del gobierno mexicano por recibir el apoyo de la UNOPS para lograr una mejora continua en la calidad de la gesti\u00f3n p\u00fablica, promoviendo una mayor transparencia, eficiencia y eficacia en el manejo de las adquisiciones y la infraestructura p\u00fablica.<\/p>\n\n\n\n<p class=\"wp-block-paragraph\">La UNOPS participar\u00e1 en la preparaci\u00f3n de licitaciones de proyectos estrat\u00e9gicos, brindando asistencia t\u00e9cnica en adquisiciones y en el diagn\u00f3stico de propuestas para garantizar una gesti\u00f3n p\u00fablica transparente y eficaz en M\u00e9xico.<\/p>\n\n\n\n<p class=\"wp-block-paragraph\">Asimismo, el acuerdo sustentar\u00e1 la negociaci\u00f3n de convenios espec\u00edficos a ser celebrados por conducto de las autoridades federales competentes con instancias de otros \u00f3rdenes de gobierno, administraciones locales e instituciones diversas.<\/p>\n\n\n\n<p class=\"wp-block-paragraph\">A todos ellos, la UNOPS proveer\u00e1 su capacidad t\u00e9cnica de gesti\u00f3n de proyectos gubernamentales en un marco de transparencia y rendici\u00f3n de cuentas, con apego a las mejores pr\u00e1cticas internacionales.<\/p>\n\n\n\n<p class=\"wp-block-paragraph\">En este sentido, el Presidente de M\u00e9xico, Andr\u00e9s Manuel L\u00f3pez Obrador, celebr\u00f3 la firma de este acuerdo que dijo, ayudar\u00e1 a combatir la corrupci\u00f3n. \u201cNos importa mucho el acompa\u00f1amiento de ustedes. Ya estamos actuando en esa direcci\u00f3n, y tambi\u00e9n es importante que se sepa que hay que combatir la corrupci\u00f3n no s\u00f3lo por razones de \u00edndole moral, sino tambi\u00e9n porque se liberan muchos fondos para el desarrollo, se ahorra mucho dinero\u201d.<\/p>\n\n\n\n<p class=\"wp-block-paragraph\">Respecto a los proyectos en los que se podr\u00e1 colaborar con esta agencia de las Naciones Unidas, el Presidente habl\u00f3 de la compra de medicinas; la venta de 54 aviones y helic\u00f3pteros, y el avi\u00f3n presidencial; y la contrataci\u00f3n de obras p\u00fablicas para el desarrollo de la zona sur-sureste del pa\u00eds.<\/p>\n\n\n\n<p class=\"wp-block-paragraph\">Durante el evento, el canciller Marcelo Ebrard se\u00f1al\u00f3 que esta alianza se empez\u00f3 a trabajar hace meses de manera acorde con las instrucciones del presidente de la Rep\u00fablica para buscar en el \u00e1mbito internacional las mejores pr\u00e1cticas posibles.<\/p>\n\n\n\n<p class=\"wp-block-paragraph\">\u201cSe busca que podamos contar con el respaldo de las Naciones Unidas y de la UNOPS, en particular, para alcanzar los niveles m\u00e1s altos de transparencia y de exigencia, de honestidad, de integridad en los proyectos\u201d.<\/p>\n\n\n\n<p class=\"wp-block-paragraph\">Por su parte, Juan Ram\u00f3n de la Fuente, representante permanente de M\u00e9xico ante la Organizaci\u00f3n de las Naciones Unidas, se\u00f1al\u00f3 que estas acciones refuerzan, los compromisos de M\u00e9xico con los Objetivos para el Desarrollo Sostenible (ODS) y la Agenda 2030.<\/p>\n\n\n\n<p class=\"wp-block-paragraph\">\u201cEstamos convencidos que la Organizaci\u00f3n de las Naciones Unidas, a trav\u00e9s de sus agencias especializadas como \u00e9sta, nos van a ayudar a llegar al fondo y a la ra\u00edz de muchos de los problemas que nos agobian, llegar a la ra\u00edz misma de los problemas de la pobreza, del combate a las desigualdades, de la promoci\u00f3n de acciones con impacto social\u201d.<br><\/p>\n","protected":false},"excerpt":{"rendered":"<p>Redacci\u00f3n SemM\u00e9xico. Cd. de M\u00e9xico. 14 de febrero 2019.- Las alianzas multilaterales entre los estados, entre los organismos internacionales y la sociedad civil son la \u00fanica manera para encontrar soluciones a problemas globales que ninguna naci\u00f3n sola puede resolver. As\u00ed lo dijo la se\u00f1ora Grete Faremo, Directora Ejecutiva de la Oficina de las Naciones Unidas [&hellip;]<\/p>\n","protected":false},"author":3,"featured_media":0,"comment_status":"open","ping_status":"open","sticky":false,"template":"","format":"standard","meta":{"_monsterinsights_skip_tracking":false,"footnotes":""},"categories":[690,51],"tags":[],"class_list":["post-7908","post","type-post","status-publish","format-standard","category-690","category-ejecutivo"],"_links":{"self":[{"href":"https:\/\/redsemlac.com\/semmexico\/wp-json\/wp\/v2\/posts\/7908","targetHints":{"allow":["GET"]}}],"collection":[{"href":"https:\/\/redsemlac.com\/semmexico\/wp-json\/wp\/v2\/posts"}],"about":[{"href":"https:\/\/redsemlac.com\/semmexico\/wp-json\/wp\/v2\/types\/post"}],"author":[{"embeddable":true,"href":"https:\/\/redsemlac.com\/semmexico\/wp-json\/wp\/v2\/users\/3"}],"replies":[{"embeddable":true,"href":"https:\/\/redsemlac.com\/semmexico\/wp-json\/wp\/v2\/comments?post=7908"}],"version-history":[{"count":0,"href":"https:\/\/redsemlac.com\/semmexico\/wp-json\/wp\/v2\/posts\/7908\/revisions"}],"wp:attachment":[{"href":"https:\/\/redsemlac.com\/semmexico\/wp-json\/wp\/v2\/media?parent=7908"}],"wp:term":[{"taxonomy":"category","embeddable":true,"href":"https:\/\/redsemlac.com\/semmexico\/wp-json\/wp\/v2\/categories?post=7908"},{"taxonomy":"post_tag","embeddable":true,"href":"https:\/\/redsemlac.com\/semmexico\/wp-json\/wp\/v2\/tags?post=7908"}],"curies":[{"name":"wp","href":"https:\/\/api.w.org\/{rel}","templated":true}]}}