{"id":78968,"date":"2024-03-16T15:18:57","date_gmt":"2024-03-16T21:18:57","guid":{"rendered":"https:\/\/redsemlac.com\/semmexico\/?p=78968"},"modified":"2024-03-16T15:18:58","modified_gmt":"2024-03-16T21:18:58","slug":"educacion-a-distancia-para-la-sostenibilidad-desempeno-y-oportunidades-de-alumnas-universitarias","status":"publish","type":"post","link":"https:\/\/redsemlac.com\/semmexico\/educacion-a-distancia-para-la-sostenibilidad-desempeno-y-oportunidades-de-alumnas-universitarias\/","title":{"rendered":"Educaci\u00f3n a distancia para la sostenibilidad: Desempe\u00f1o y oportunidades de alumnas universitarias\u00a0"},"content":{"rendered":"\n<p class=\"wp-block-paragraph\"><strong>Mariana Garc\u00eda de la Torre y Silvia Romero Contreras *<\/strong><\/p>\n\n\n\n<p class=\"wp-block-paragraph\"><em>SemM\u00e9xico, Ciudad de M\u00e9xico, 16 de marzo, 2024.- \u00bfQu\u00e9 estrategias did\u00e1cticas prefieren las estudiantes en entornos de educaci\u00f3n a distancia? \u00bfCu\u00e1l es su nivel de logro en cursos enfocados a desarrollar competencias para la sostenibilidad? \u00bfSer\u00e1 la educaci\u00f3n a distancia una oportunidad para revertir la tendencia de que a mayor grado de educaci\u00f3n, menor es el n\u00famero de mujeres que participan en el proceso de aprendizaje? Estas preguntas motivaron el an\u00e1lisis con perspectiva de g\u00e9nero de una experiencia educativa digital que busc\u00f3 desarrollar las competencias para la sostenibilidad propuestas por la UNESCO.<\/em><\/p>\n\n\n\n<p class=\"wp-block-paragraph\"><strong>Sostenibilidad, sus or\u00edgenes<\/strong><\/p>\n\n\n\n<p class=\"wp-block-paragraph\">Hace a\u00f1os que, desde cualquier punto del planeta, se puede reconocer la problem\u00e1tica ambiental en la que estamos inmersos. Esto dio origen a la Educaci\u00f3n para la Conservaci\u00f3n, misma que se enfoca en la conservaci\u00f3n de los \u2018recursos b\u00e1sicos\u2019, en la naturaleza. Al pasar los a\u00f1os, una vez que las personas reconocieron su doble rol, como sujetos y objetos, en las causas y consecuencias de la problem\u00e1tica ambiental es que emergi\u00f3 la Educaci\u00f3n Ambiental en 1969<a href=\"#_ftn1\" id=\"_ftnref1\"><sup>[1]<\/sup><\/a>.<\/p>\n\n\n\n<p class=\"wp-block-paragraph\">Hoy todos los seres sintientes experimentan escasez y\/o consumismo. Adem\u00e1s, metabolizan los qu\u00edmicos nocivos con los que se ha saturado la atm\u00f3sfera, el suelo, la comida y el agua. Aunque se reconoce que la injusticia ambiental afecta m\u00e1s a las poblaciones vulnerables, como somos las mujeres, el da\u00f1o opera como un denominador com\u00fan. En un mundo global con interconexi\u00f3n de problemas sociales, econ\u00f3micos, pol\u00edticos y ambientales, destaca la urgencia de realizar modificaciones.<\/p>\n\n\n\n<p class=\"wp-block-paragraph\">El paradigma de Sostenibilidad, conceptualizado en 1987, ofrece orientaci\u00f3n para estos cambios. Obras como \u00abLa primavera silenciosa\u00bb de Rachel Carson (1962)y \u00abLos l\u00edmites del crecimiento\u00bb de Donella Meadows y colaboradores (1972)se citan como detonadoras del concepto.<\/p>\n\n\n\n<p class=\"wp-block-paragraph\">Recientemente, en el campo educativo, la sostenibilidad promueve una pr\u00e1ctica enfocada en la acci\u00f3n. Propone lograr el desarrollo de aprendizajes complejos reconociendo los m\u00faltiples dominios del ser: cognitivo, conductual y socioemocional, y la complejidad inherente de la problem\u00e1tica ambiental<a href=\"#_ftn2\" id=\"_ftnref2\"><sup>[2]<\/sup><\/a>. Lo anterior se sincretiza en el concepto de &#8216;competencia&#8217;, inicialmente definido en Psicolog\u00eda, como la capacidad de un organismo para interactuar efectivamente con el ambiente<a href=\"#_ftn3\" id=\"_ftnref3\"><sup>[3]<\/sup><\/a>. Desde la perspectiva de la Educaci\u00f3n para la Sostenibilidad, se proponen directrices para los curr\u00edculos nacionales, orientadas a \u00e1reas de aprendizaje, habilidades, actitudes y valores esenciales para contribuir y participar en la sostenibilidad.<\/p>\n\n\n\n<p class=\"wp-block-paragraph\"><strong>Ensayo mediante una experiencia educativa a distancia<\/strong><\/p>\n\n\n\n<p class=\"wp-block-paragraph\">Es innegable que la tecnolog\u00eda est\u00e1 presente en las aulas, ya sea de manera formal o informal, institucional o personal. En la educaci\u00f3n superior, los programas de grado en l\u00ednea comenzaron en la d\u00e9cada que inici\u00f3 en 1980. Recientemente, en el 2020, m\u00e1s de trescientos millones de ni\u00f1os y j\u00f3venes, durante la pandemia de COVID-19, migraron a programas de formaci\u00f3n en entornos digitales<a href=\"#_ftn4\" id=\"_ftnref4\"><sup>[4]<\/sup><\/a>.<\/p>\n\n\n\n<p class=\"wp-block-paragraph\">En este contexto, en la Universidad Aut\u00f3noma de San Luis Potos\u00ed, se desarroll\u00f3 e implement\u00f3 una experiencia educativa a distancia de 36 horas, organizadas en ocho m\u00f3dulos. En cada m\u00f3dulo, los contenidos disciplinares se ensamblaron con el enfoque de desarrollar de una competencia: 1) Pensamiento sist\u00e9mico; 2) Colaboraci\u00f3n; 3) Pensamiento cr\u00edtico; 4) Normativa; 5) Autoconciencia; 6) Integraci\u00f3n para la resoluci\u00f3n de problemas (IRP); 7) Anticipaci\u00f3n; 8) Estrat\u00e9gica.<\/p>\n\n\n\n<p class=\"wp-block-paragraph\">Participaron 48 estudiantes, 75% mujeres, 25% hombres. El formato fue de autogesti\u00f3n, los y las estudiantes pod\u00edan desarrollar su aprendizaje en funci\u00f3n de sus preferencias de horario y ubicaci\u00f3n. Los facilitadores del curso estaban conectados en la plataforma dos veces por semana en un horario establecido. En cada m\u00f3dulo, los y las estudiantes pod\u00edan realizar desempe\u00f1os con diferentes niveles de complejidad. Los niveles de logro que pod\u00edan alcanzar eran equivalentes a: sin desempe\u00f1o, notable y sobresaliente.<\/p>\n\n\n\n<p class=\"wp-block-paragraph\"><strong>Preferencias de las estudiantes mujeres<\/strong><\/p>\n\n\n\n<p class=\"wp-block-paragraph\">A partir de la interacci\u00f3n con el material proporcionado y sus respuestas a los cuestionarios, se observan varias preferencias de las mujeres que las diferencian de los varones participantes. El total de las participantes mujeres consult\u00f3 las fuentes referenciadas en las presentaciones, como art\u00edculos, videos y p\u00e1ginas web, y la mayor\u00eda de ellas (65%)&nbsp; declar\u00f3 que el material proporcionado le result\u00f3 indispensable para realizar las actividades. Al ser cuestionadas sobre el formato de retroalimentaci\u00f3n, la mayor\u00eda (80%) declar\u00f3 preferir la gamificada en lugar de la num\u00e9rica. En cuanto a la disponibilidad de los facilitadores, m\u00e1s de la mitad (65%) declar\u00f3 preferir una periodicidad de dos veces por semana. Respecto a la colaboraci\u00f3n multidisciplinaria, un tercio de las mujeres colabor\u00f3 con estudiantes de otras carreras, que contrasta con la nula colaboraci\u00f3n transdisciplinar de los varones.&nbsp;<\/p>\n\n\n\n<p class=\"wp-block-paragraph\"><strong>Desempe\u00f1o de las mujeres<\/strong><\/p>\n\n\n\n<p class=\"wp-block-paragraph\">En cuesti\u00f3n de desempe\u00f1o general, 73% de los estudiantes logr\u00f3 los criterios para aprobar el curso. En particular, hay diferencias en los niveles de logro alcanzados. La mayor\u00eda de las mujeres (64%) alcanz\u00f3 el nivel sobresaliente (ver tabla 1).<\/p>\n\n\n\n<figure class=\"wp-block-table\"><table><tbody><tr><td colspan=\"3\"><strong>Tabla 1. Desempe\u00f1o por g\u00e9nero y nivel<\/strong> &nbsp;<\/td><\/tr><tr><td>Nivel de logro\/ G\u00e9nero<\/td><td>Mujeres [%] n =36<\/td><td>Hombres [%] n = 12<\/td><\/tr><tr><td>Sobresaliente<\/td><td>64%<\/td><td>42%<\/td><\/tr><tr><td>Notable<\/td><td>11%<\/td><td>25%<\/td><\/tr><tr><td>Sin desempe\u00f1o<\/td><td>25%<\/td><td>33%<\/td><\/tr><\/tbody><\/table><\/figure>\n\n\n\n<p class=\"wp-block-paragraph\">Al analizar \u00fanicamente el desempe\u00f1o de las estudiantes mujeres por cada competencia, resalta que alcanzaron niveles m\u00e1s altos en colaboraci\u00f3n y anticipaci\u00f3n (ver gr\u00e1fico 1).<\/p>\n\n\n\n<p class=\"wp-block-paragraph\"><strong>Gr\u00e1fico 1. Nivel de logro de las mujeres agrupado por competencia<\/strong><\/p>\n\n\n\n<figure class=\"wp-block-image size-full\"><a href=\"https:\/\/redsemlac.com\/semmexico\/wp-content\/uploads\/2024\/03\/nivel-de-logro.png\"><img loading=\"lazy\" decoding=\"async\" width=\"752\" height=\"452\" src=\"https:\/\/redsemlac.com\/semmexico\/wp-content\/uploads\/2024\/03\/nivel-de-logro.png\" alt=\"\" class=\"wp-image-78973\"\/><\/a><\/figure>\n\n\n\n<p class=\"wp-block-paragraph\"><strong>\u00bfQu\u00e9 aprendimos sobre las mujeres participantes?<\/strong><\/p>\n\n\n\n<p class=\"wp-block-paragraph\">En esta experiencia la participaci\u00f3n de las mujeres fue de 3 a 1 en comparaci\u00f3n con los hombres. Esto parece indicar que hay una mayor preocupaci\u00f3n o afinidad en las mujeres por las tem\u00e1ticas de sostenibilidad. Por otro lado, se evidenci\u00f3 que las mujeres pueden desplegar recursos tanto tangibles como intangibles para inscribirse, persistir, y lograr aprendizajes en educaci\u00f3n a distancia. Esto puede ser fundamento para abrir una ventana de oportunidades en un pa\u00eds como M\u00e9xico. \u00bfEn qu\u00e9 sentido?&nbsp; En revertir la tendencia que se observa desde hace d\u00e9cadas que refleja que a medida que aumenta el nivel educativo, disminuye la proporci\u00f3n de mujeres involucradas en el proceso de aprendizaje<a href=\"#_ftn5\" id=\"_ftnref5\"><sup>[5]<\/sup><\/a>.<\/p>\n\n\n\n<figure class=\"wp-block-image size-full\"><a href=\"https:\/\/redsemlac.com\/semmexico\/wp-content\/uploads\/2024\/03\/matricula.png\"><img loading=\"lazy\" decoding=\"async\" width=\"953\" height=\"520\" src=\"https:\/\/redsemlac.com\/semmexico\/wp-content\/uploads\/2024\/03\/matricula.png\" alt=\"\" class=\"wp-image-78972\"\/><\/a><\/figure>\n\n\n\n<p class=\"wp-block-paragraph\"><strong>Matr\u00edcula escolar de mujeres en M\u00e9xico, seg\u00fan nivel educativo , por ciclo escolar.<\/strong> <strong>Fuente: INEGI (2024)<a id=\"_ftnref6\" href=\"#_ftn6\"><sup><strong><sup>[6]<\/sup><\/strong><\/sup><\/a>, ANUIES (2021, 2022, 2023)<a id=\"_ftnref7\" href=\"#_ftn7\"><sup><strong><sup>[7]<\/sup><\/strong><\/sup><\/a><\/strong> <strong><sup>\u00a0<\/sup><\/strong><\/p>\n\n\n\n<p class=\"wp-block-paragraph\">Las competencias m\u00e1s desarrolladas en las estudiantes fueron colaboraci\u00f3n y anticipaci\u00f3n; adem\u00e1s, todas participaron en interacciones transdisciplinares, lo que evidencia que se adaptaron bien al desarrollo de tareas que implican la colaboraci\u00f3n en l\u00ednea y el di\u00e1logo con pares de otras disciplinas para generar respuestas para la resoluci\u00f3n de problemas complejos.<\/p>\n\n\n\n<p class=\"wp-block-paragraph\">La educaci\u00f3n a distancia contribuye a la democratizaci\u00f3n del conocimiento, ya que rompe las barreras de distancia y tiempo, sin embargo, su dise\u00f1o resulta desafiante por la gran cantidad de anticipaciones que implica. En este sentido, las preferencias observadas (uso de e inter\u00e9s por recursos adicionales, retroalimentaci\u00f3n gamificada, periodicidad de apoyo de expertos-facilitadores) ofrecen un marco orientador para dise\u00f1os instruccionales que busquen despertar la motivaci\u00f3n, y con ello promover el aprendizaje de las mujeres en entornos a distancia.<\/p>\n\n\n\n<p class=\"wp-block-paragraph\">Adem\u00e1s, los resultados de este peque\u00f1o ejercicio pueden enriquecer propuestas que buscan ofrecer opciones de educaci\u00f3n a distancia a las estudiantes que aspiran a continuar con su educaci\u00f3n superior. Tambi\u00e9n pueden contribuir a mejorar pr\u00e1cticas docentes ya en marcha, o quiz\u00e1 para reducir los \u00edndices de deserci\u00f3n vinculados a la falta de recursos o disposici\u00f3n para invertir tiempo y dinero en recorrer trayectos.&nbsp;<\/p>\n\n\n\n<p class=\"wp-block-paragraph\"><a href=\"https:\/\/www.muxed.mx\/blog\/ed-distancia-sostenibilidad\">https:\/\/www.muxed.mx\/blog\/ed-distancia-sostenibilidad<\/a><\/p>\n\n\n\n<figure class=\"wp-block-image size-full\"><a href=\"https:\/\/redsemlac.com\/semmexico\/wp-content\/uploads\/2024\/03\/mariana-garcia.jpg\"><img loading=\"lazy\" decoding=\"async\" width=\"274\" height=\"329\" src=\"https:\/\/redsemlac.com\/semmexico\/wp-content\/uploads\/2024\/03\/mariana-garcia.jpg\" alt=\"\" class=\"wp-image-78971\"\/><\/a><\/figure>\n\n\n\n<p class=\"wp-block-paragraph\">\u2026\u2026\u2026\u2026\u2026\u2026..<\/p>\n\n\n\n<p class=\"wp-block-paragraph\"><strong>Mariana Garc\u00eda de la Torre *<\/strong> es una pluma invitada de <em>Pluma P\u00farpura<\/em>. Candidata al doctorado en Ciencias Ambientales por la Universidad Aut\u00f3noma de San Luis Potos\u00ed con la tesis: \u201cDesarrollo, implementaci\u00f3n y evaluaci\u00f3n de una experiencia educativa digital para el desarrollo de competencias dentro del marco de la Educaci\u00f3n para la Sostenibilidad (EDS)\u201d. Su trayectoria abarca proyectos nacionales e internacionales centrados en educaci\u00f3n superior, con enfoque en gesti\u00f3n ambiental y educaci\u00f3n a distancia. <strong>Linkedin:<\/strong> &nbsp;<a href=\"https:\/\/www.linkedin.com\/in\/mgdlt\/\">https:\/\/www.linkedin.com\/in\/mgdlt\/<\/a><\/p>\n\n\n\n<figure class=\"wp-block-image size-full is-resized\"><a href=\"https:\/\/redsemlac.com\/semmexico\/wp-content\/uploads\/2024\/03\/silvia-romero.jpg\"><img loading=\"lazy\" decoding=\"async\" width=\"389\" height=\"435\" src=\"https:\/\/redsemlac.com\/semmexico\/wp-content\/uploads\/2024\/03\/silvia-romero.jpg\" alt=\"\" class=\"wp-image-78970\" style=\"width:280px;height:auto\"\/><\/a><\/figure>\n\n\n\n<p class=\"wp-block-paragraph\"><strong>Silvia Romero Contreras*<\/strong> es integrante de MUxED. Es profesora, investigadora y secretaria general de la Facultad de Psicolog\u00eda de la Universidad Aut\u00f3noma de San Luis Potos\u00ed. En 2014, fund\u00f3 la primera Licenciatura en Psicopedagog\u00eda con enfoque disciplinar en lengua, matem\u00e1ticas y ciencias. Sus principales l\u00edneas de investigaci\u00f3n son evaluaci\u00f3n e intervenci\u00f3n en psicopedagog\u00eda de la lengua, educaci\u00f3n inclusiva, formaci\u00f3n docente y educaci\u00f3n comunitaria sustentable.<\/p>\n\n\n\n<p class=\"wp-block-paragraph\"><strong>X:<\/strong> @silvia_romero_c<\/p>\n\n\n\n<p class=\"wp-block-paragraph\"><strong>Referencias<\/strong><\/p>\n\n\n\n<p class=\"wp-block-paragraph\"><strong>ANUIES (2021)<\/strong>. Anuarios Estad\u00edsticos de Educaci\u00f3n Superior. Ciclo Escolar 2020 &#8211; 2021. (<a href=\"http:\/\/www.anuies.mx\/informacion-y-servicios\/informacion-estadistica-de-educacion-superior\/anuario-estadistico-de-educacion-superior\">http:\/\/www.anuies.mx\/informacion-y-servicios\/informacion-estadistica-de-educacion-superior\/anuario-estadistico-de-educacion-superior<\/a>)<\/p>\n\n\n\n<p class=\"wp-block-paragraph\"><strong>ANUIES (2022)<\/strong>. Anuarios Estad\u00edsticos de Educaci\u00f3n Superior. Ciclo Escolar 2021 &#8211; 2022. (<a href=\"http:\/\/www.anuies.mx\/informacion-y-servicios\/informacion-estadistica-de-educacion-superior\/anuario-estadistico-de-educacion-superior\">http:\/\/www.anuies.mx\/informacion-y-servicios\/informacion-estadistica-de-educacion-superior\/anuario-estadistico-de-educacion-superior<\/a>)<\/p>\n\n\n\n<p class=\"wp-block-paragraph\"><strong>ANUIES (2023)<\/strong>. Anuarios Estad\u00edsticos de Educaci\u00f3n Superior. Ciclo Escolar 2021 &#8211; 2023. (<a href=\"http:\/\/www.anuies.mx\/informacion-y-servicios\/informacion-estadistica-de-educacion-superior\/anuario-estadistico-de-educacion-superior\">http:\/\/www.anuies.mx\/informacion-y-servicios\/informacion-estadistica-de-educacion-superior\/anuario-estadistico-de-educacion-superior<\/a>)<\/p>\n\n\n\n<p class=\"wp-block-paragraph\"><strong>Carson, Rachel (1962)<\/strong>. <em>Silent Spring<\/em>. Houghton Mifflin.<\/p>\n\n\n\n<p class=\"wp-block-paragraph\"><strong>De Gomez (1977)<\/strong>.&nbsp; La Mujer en La Educaci\u00f3n Superior en M\u00e9xico. ANUIES.<\/p>\n\n\n\n<p class=\"wp-block-paragraph\"><strong>Guti\u00e9rrez, Jos\u00e9 Manuel<\/strong> <strong>(2019)<\/strong>. <em>50 a\u00f1os de Educaci\u00f3n Ambiental: un balance incompleto hacia la educaci\u00f3n ecosocial en el Antropoceno.<\/em> Centro Nacional de Educaci\u00f3n Ambiental.<\/p>\n\n\n\n<p class=\"wp-block-paragraph\"><strong>INEGI (2024, 8 de marzo)<\/strong>. Matr\u00edcula escolar por entidad federativa seg\u00fan nivel educativo, ciclos escolares seleccionados de 2020\/2021 a 2022\/2023. <a href=\"https:\/\/www.inegi.org.mx\/app\/tabulados\/interactivos\/?pxq=ac13059d-e874-4962-93bb-74f2c58a3cb9\">https:\/\/www.inegi.org.mx\/app\/tabulados\/interactivos\/?pxq=ac13059d-e874-4962-93bb-74f2c58a3cb9<\/a><\/p>\n\n\n\n<p class=\"wp-block-paragraph\"><strong>Meadows, D. H., Meadows, D. L., Randers, J., &amp; Behrens, W. W. (1972)<\/strong>. <em>Los l\u00edmites del crecimiento: informe al Club de Roma sobre el predicamento de la humanidad<\/em> (No. HC59. L42 1973.). Fondo de Cultura Econ\u00f3mica.<\/p>\n\n\n\n<p class=\"wp-block-paragraph\"><strong>UNESCO (2017)<\/strong>. <em>Educaci\u00f3n para los Objetivos de Desarrollo Sostenible, Objetivos de aprendizaje.<\/em> UNESCO.<\/p>\n\n\n\n<p class=\"wp-block-paragraph\"><strong>UNESCO (2020)<\/strong>. <em>Handbook on facilitating flexible learning during educational disruption: The Chinese experience in maintaining undisrupted learning in COVID-19 Outbreak.<\/em> Smart Learning Institute of Beijing Normal University UNESCO.<\/p>\n\n\n\n<p class=\"wp-block-paragraph\"><strong>White, R. (1959)<\/strong>. Motivation Reconsidered: The concept of competence. <em>Psychological Review. Vol. 66<\/em>. No. %, 1959.<\/p>\n\n\n\n<hr class=\"wp-block-separator has-alpha-channel-opacity\"\/>\n\n\n\n<p class=\"wp-block-paragraph\"><a href=\"#_ftnref1\" id=\"_ftn1\"><sup>[1]<\/sup><\/a> Guti\u00e9rrez, Jos\u00e9 Manuel (2019).<\/p>\n\n\n\n<p class=\"wp-block-paragraph\"><a href=\"#_ftnref2\" id=\"_ftn2\"><sup>[2]<\/sup><\/a> UNESCO (2017).<\/p>\n\n\n\n<p class=\"wp-block-paragraph\"><a href=\"#_ftnref3\" id=\"_ftn3\"><sup>[3]<\/sup><\/a> White, R. (1959)<\/p>\n\n\n\n<p class=\"wp-block-paragraph\"><a href=\"#_ftnref4\" id=\"_ftn4\"><sup>[4]<\/sup><\/a> UNESCO (2020).<\/p>\n\n\n\n<p class=\"wp-block-paragraph\"><a href=\"#_ftnref5\" id=\"_ftn5\"><sup>[5]<\/sup><\/a> De G\u00f3mez (1977).<\/p>\n\n\n\n<p class=\"wp-block-paragraph\"><a href=\"#_ftnref6\" id=\"_ftn6\"><sup>[6]<\/sup><\/a><sup> <\/sup>INEGI (2024, 8 de marzo).<\/p>\n\n\n\n<p class=\"wp-block-paragraph\"><a href=\"#_ftnref7\" id=\"_ftn7\"><sup>[7]<\/sup><\/a><sup> <\/sup>ANUIES (2021, 2022 y 2023).<\/p>\n","protected":false},"excerpt":{"rendered":"<p>Hace a\u00f1os que, desde cualquier punto del planeta, se puede reconocer la problem\u00e1tica ambiental en la que estamos inmersos.<\/p>\n","protected":false},"author":3,"featured_media":78969,"comment_status":"open","ping_status":"open","sticky":false,"template":"","format":"standard","meta":{"_monsterinsights_skip_tracking":false,"footnotes":""},"categories":[703],"tags":[],"class_list":["post-78968","post","type-post","status-publish","format-standard","has-post-thumbnail","category-infancia"],"_links":{"self":[{"href":"https:\/\/redsemlac.com\/semmexico\/wp-json\/wp\/v2\/posts\/78968","targetHints":{"allow":["GET"]}}],"collection":[{"href":"https:\/\/redsemlac.com\/semmexico\/wp-json\/wp\/v2\/posts"}],"about":[{"href":"https:\/\/redsemlac.com\/semmexico\/wp-json\/wp\/v2\/types\/post"}],"author":[{"embeddable":true,"href":"https:\/\/redsemlac.com\/semmexico\/wp-json\/wp\/v2\/users\/3"}],"replies":[{"embeddable":true,"href":"https:\/\/redsemlac.com\/semmexico\/wp-json\/wp\/v2\/comments?post=78968"}],"version-history":[{"count":0,"href":"https:\/\/redsemlac.com\/semmexico\/wp-json\/wp\/v2\/posts\/78968\/revisions"}],"wp:featuredmedia":[{"embeddable":true,"href":"https:\/\/redsemlac.com\/semmexico\/wp-json\/wp\/v2\/media\/78969"}],"wp:attachment":[{"href":"https:\/\/redsemlac.com\/semmexico\/wp-json\/wp\/v2\/media?parent=78968"}],"wp:term":[{"taxonomy":"category","embeddable":true,"href":"https:\/\/redsemlac.com\/semmexico\/wp-json\/wp\/v2\/categories?post=78968"},{"taxonomy":"post_tag","embeddable":true,"href":"https:\/\/redsemlac.com\/semmexico\/wp-json\/wp\/v2\/tags?post=78968"}],"curies":[{"name":"wp","href":"https:\/\/api.w.org\/{rel}","templated":true}]}}