{"id":7896,"date":"2019-02-18T15:52:07","date_gmt":"2019-02-18T15:52:07","guid":{"rendered":"https:\/\/redsemlac.com\/semmexico\/?p=7896"},"modified":"2023-07-21T14:47:09","modified_gmt":"2023-07-21T19:47:09","slug":"si-hoy-se-vota-el-presidente-lopez-obrador-podra-elegir-en-unos-dias","status":"publish","type":"post","link":"https:\/\/redsemlac.com\/semmexico\/si-hoy-se-vota-el-presidente-lopez-obrador-podra-elegir-en-unos-dias\/","title":{"rendered":"Si hoy se vota, el presidente L\u00f3pez Obrador podr\u00e1 elegir en unos d\u00edas."},"content":{"rendered":"\n<p class=\"wp-block-paragraph\"><a href=\"https:\/\/www.semmexico.com\/gallery-post.php?id=7249#\">Sara Lovera<\/a><\/p>\n\n\n\n<p class=\"wp-block-paragraph\">SemM\u00e9xico, Cd. de M\u00e9xico, 18 febrero 2019.- Este d\u00eda la Junta de Gobierno del Instituto Nacional de las Mujeres INMUJERES tendr\u00e1 sesi\u00f3n ordinaria para examinar los perfiles de aspirantes a ocupar la presidencia de este Instituto, el \u00f3rgano encargado de conducir la pol\u00edtica de g\u00e9nero del gobierno de la Rep\u00fablica. La votaci\u00f3n para lograr la terna de acuerdo a la ley, si no hay unanimidad, deber\u00e1 ser del 75 por ciento de 34 votantes, terna sobre la que habr\u00e1 de decidir el presidente Andr\u00e9s Manuel L\u00f3pez Obrador.<\/p>\n\n\n\n<p class=\"wp-block-paragraph\">La Ley de INMUJERES se\u00f1ala que deber\u00e1n estar de acuerdo al menos las 3\/5 partes de esa junta en la que votan 18 personas del Gabinete y 16 integrantes de los consejos Social y Consultivo, \u00f3rganos auxiliares en la tarea de la instituci\u00f3n formados por mujeres de la sociedad civil y de organizaciones feministas.<\/p>\n\n\n\n<p class=\"wp-block-paragraph\">El 12 de septiembre de 2018, el equipo de transici\u00f3n formado entonces por la actual secretaria de Gobernaci\u00f3n, Olga S\u00e1nchez Cordero y Martha Luc\u00eda Micher, senadora de la Rep\u00fablica, reconocieron la labor de INMUJERES y ofrecieron que en el sexenio de Andr\u00e9s Manuel L\u00f3pez Obrador se seguir\u00eda en la ruta de dar prioridad a la transversalidad de g\u00e9nero y la lucha por lograr el cambio cultural, el pensamiento, donde anidan ideas retr\u00f3gradas que generan discriminaci\u00f3n y violencia contra las mujeres.<\/p>\n\n\n\n<p class=\"wp-block-paragraph\">La sesi\u00f3n ordinaria de la Junta de Gobierno ser\u00e1 presidida por la presidenta de INMUJERES en funciones, en esta ocasi\u00f3n por la Secretaria Ejecutiva, Marcela Eternod Ar\u00e1mburu, quien ha estado a cargo desde hace algunos meses. INMUJERES, como se sabe, no es una dependencia, sino un \u00f3rgano descentralizado con patrimonio propio y autonom\u00eda de gesti\u00f3n. Responde su tarea al presidente de la Rep\u00fablica.<\/p>\n\n\n\n<p class=\"wp-block-paragraph\">Se trata de un \u00f3rgano rector, no operativo, que entre otras encomiendas deber\u00e1, en el actual r\u00e9gimen, construir, como dice la Ley General de Planeaci\u00f3n, el Programa Nacional de Igualdad del que emanan acciones a favor de la igualdad de mujeres y hombres, donde cada entidad tendr\u00e1 responsabilidades y acciones. No es un \u00f3rgano operativo.<\/p>\n\n\n\n<p class=\"wp-block-paragraph\">Regularizar su tarea, es fundamental, una vez que ayer se dio a conocer el Calendario para elaborar el Plan Nacional de Desarrollo l PND 2019-2024 (Eje Central&nbsp;<a href=\"http:\/\/www.ejecentral.com.mx\/plan-nacional-desarrollo\/#.XGnrsle7LoY.whatsapp\">http:\/\/www.ejecentral.com.mx\/plan-nacional-desarrollo\/#.XGnrsle7LoY.whatsapp<\/a>.<\/p>\n\n\n\n<p class=\"wp-block-paragraph\">La tarea principal del INMUJERES es promover la igualdad y la justicia para las mujeres, tanto en el Gobierno de la Rep\u00fablica, los gobiernos estatales, los otros dos Poderes de la Uni\u00f3n, como entre las personas y los grupos sociales, o instituciones p\u00fablicas y privadas, de acuerdo con su ley promulgada en el a\u00f1o dos mil.<\/p>\n\n\n\n<p class=\"wp-block-paragraph\">El Instituto entr\u00f3 en funciones en 2001. Ha promovido, mediante el di\u00e1logo, tres Programas de Igualdad, cuya aplicaci\u00f3n deben hacer las dependencias u \u00f3rganos de todo el Estado Mexicano. Ser\u00e1 el PROIGUALDAD 2019-2024 su tarea m\u00e1s inmediata.<\/p>\n\n\n\n<p class=\"wp-block-paragraph\">En los \u00faltimos a\u00f1os su trabajo fue guiado por la tercera l\u00ednea de Acci\u00f3n del Plan Nacional de Desarrollo que es mandato constitucional y con una centena de acuerdos con los gobiernos estatales, municipales, \u00f3rganos del poder judicial, sector privado y sector social, a\u00fan con la ciudadan\u00eda organizada. El INMUJERES tiene una tarea fundamental en el cambio cultural y lo que en su momento se llam\u00f3 una nueva cultura institucional.<\/p>\n\n\n\n<p class=\"wp-block-paragraph\"><strong>Considerado de enorme importancia y eficiencia<\/strong><\/p>\n\n\n\n<p class=\"wp-block-paragraph\">El 12 de septiembre de 2018, durante el proceso de transici\u00f3n, una vez que el presidente Andr\u00e9s Manuel L\u00f3pez Obrador gan\u00f3 las elecciones, la actual secretaria de Gobernaci\u00f3n, Olga S\u00e1nchez Cordero quien fue mandatada para conducir la transici\u00f3n en INMUJERES&nbsp; reconoci\u00f3 hoy la labor del Instituto&nbsp; c\u00f3mo el \u00f3rgano que realiz\u00f3 en el gobierno de Enrique Pe\u00f1a Nieto una labor clara y transparente para lograr la igualdad de las mujeres; reconoci\u00f3 que el escollo es la violencia feminicida y asegur\u00f3 que el gobierno de AMLO mantendr\u00eda recursos, pol\u00edtica y transversalidad para emprender la \u201cgran cruzada por la igualdad\u201d y contra la violencia de g\u00e9nero.<\/p>\n\n\n\n<p class=\"wp-block-paragraph\">Entonces seg\u00fan la nota de SemM\u00e9xico, http:\/\/semmexico.com\/gallery-post.php?id=5826, S\u00e1nchez Cordero dijo que aumentar\u00edan los recursos para los programas de g\u00e9nero y que se impulsar\u00e1 la tarea, como los hizo INMUJERES, en coordinaci\u00f3n con los tres niveles de gobierno: federal, estatal y municipal.<\/p>\n\n\n\n<p class=\"wp-block-paragraph\">En un ambiente que la ministra en retiro defini\u00f3 como \u201cterso y de terciopelo\u201d, \u201centre amigas\u201d, porque \u201ctodas estamos juntas\u201d, asever\u00f3 que el nuevo gobierno tendr\u00eda&nbsp; prioridades; una es que no puede admitirse que en este pa\u00eds persista la violencia, resultado del machismo; que parar la violencia de g\u00e9nero pasa por un cambio cultural profundo y que es inadmisible que nazcan cada a\u00f1o \u201cmiles de ni\u00f1os de madres ni\u00f1as\u201d.<\/p>\n\n\n\n<p class=\"wp-block-paragraph\">Entonces dijo que se trabaja en reformas para que, en todo el sistema de la comunicaci\u00f3n p\u00fablica y masiva de radio y televisi\u00f3n dependiente del gobierno, contribuya al cambio cultural y se elimine el patriarcado, el factor clave y de fondo para que persista la violencia contra las mujeres. \u201cLos medios p\u00fablicos crecer\u00e1n y tendr\u00e1n recursos\u201d, dijo y ah\u00ed se cuidar\u00e1 el sexismo y se promover\u00e1 la igualdad.<\/p>\n\n\n\n<p class=\"wp-block-paragraph\">En esa reuni\u00f3n quedaron claras varias cosas:<\/p>\n\n\n\n<p class=\"wp-block-paragraph\">Que es inmenso el esfuerzo y tarea desarrollada en el sexenio por INMUJERES; que se mantendr\u00e1 el trabajo conjunto \u2013con el equipo de transici\u00f3n en aquel momento-; que habr\u00eda m\u00e1s presupuesto para la pol\u00edtica de g\u00e9nero; que no se dar\u00eda&nbsp; marcha atr\u00e1s en la transversalidad para toda la tarea p\u00fablica; que la violencia estructural deber\u00e1 combatirse con&nbsp; un cambio cultural y que la corrupci\u00f3n no es tan grave como el patriarcado. Y reiter\u00f3, como enviada del actual presidente Andr\u00e9s Manuel L\u00f3pez Obrador, su reconocimiento a los logros y previsi\u00f3n de los retos. Y destac\u00f3 la transparencia ejercida y llevada a cabo por INMUJERES en estos a\u00f1os.<\/p>\n\n\n\n<p class=\"wp-block-paragraph\">Ese mismo d\u00eda se habl\u00f3 ya de una docena de una docena de precandidatas a ocupar la presidencia de INMUJERES, seg\u00fan inform\u00f3 la actual senadora de Morena, Martha Luc\u00eda Micher, tambi\u00e9n, entonces, comisionada de la transici\u00f3n.<\/p>\n\n\n\n<p class=\"wp-block-paragraph\">Ambas examinaron las candidaturas a los Consejos Social y Consultivo de INMUJERES, consejos formados por mujeres de la sociedad civil, apenas 16, tambi\u00e9n opinan en la decisi\u00f3n de la terna. Fueron seleccionadas 32, de 136 candidaturas de todas las entidades del pa\u00eds.<\/p>\n\n\n\n<p class=\"wp-block-paragraph\">El procedimiento para proponer una terna, conforme a la ley es cuando la Junta de Gobierno, decide por unanimidad, cuando ello no se logra se vota y resuelve con el 75 por ciento de las y los integrantes de la Junta.<\/p>\n\n\n\n<p class=\"wp-block-paragraph\">En el actual proceso, que podr\u00eda tener acuerdo hoy, la totalidad de las consejeras -32 una de cada entidad de la Rep\u00fablica, el 29 de enero \u00faltimo, y por s\u00ed mismas, lanzaron una convocatoria para conocer perfiles de aspirantes \u2013informaron que ellas recibieron solicitudes y documentos de 30 aspirantes, de las cuales llevar\u00e1n hoy una lista de 7, que consideran cumplen los requisitos para formar la terna.<\/p>\n\n\n\n<p class=\"wp-block-paragraph\">&nbsp;El 14 de noviembre las consejeras elegidas, pero cuyas funciones no fueron legales y operativos hasta diciembre de 2018 iniciaron los trabajos de inducci\u00f3n y an\u00e1lisis del quehacer de la instituci\u00f3n, con objeto de conocer la Instituci\u00f3n, saber los t\u00e9rminos legales de su actuaci\u00f3n en la Junta de Gobierno para los pr\u00f3ximo a\u00f1os.<\/p>\n\n\n\n<p class=\"wp-block-paragraph\">El Consejo Consultivo, que es un \u00f3rgano asesor y promotor en lo relativo al Programa Nacional para la Igualdad entre Mujeres y Hombres, qued\u00f3 integrado por: Mar\u00eda del Carmen Rioseco Gallegos del Estado de Baja California; M\u00f3nica Iris Jassis Silberg de Baja California Sur; Clara Balderrama Barbeitia de Campeche; Ana Azucena Evangelista Salazar de Colima; Mar\u00eda Kyra N\u00fa\u00f1ez de Le\u00f3n de Chiapas; Medley Aim\u00e9e Vega Montiel de la Ciudad de M\u00e9xico; Noem\u00ed Leticia Jim\u00e9nez Garc\u00eda de Guanajuato;&nbsp; as\u00ed como, Ofelia Woo Morales de Jalisco; Mar\u00eda Luisa Mart\u00ednez S\u00e1nchez de Nuevo Le\u00f3n; Rosa Bertha Sim\u00f3n S\u00e1nchez de Oaxaca; Basilisa Monta\u00f1o Guti\u00e9rrez de Puebla; Jimena Guadalupe Hern\u00e1ndez L\u00f3pez de Quer\u00e9taro; Marcela Garc\u00eda V\u00e1zquez de San Luis Potos\u00ed; Gilda Salazar Ant\u00fanez de Sonora; Mar\u00eda Yolanda Fern\u00e1ndez Herrera de Tamaulipas y Estela Casados Gonz\u00e1lez de Veracruz.<\/p>\n\n\n\n<p class=\"wp-block-paragraph\">En tanto que el Consejo Social, que da seguimiento al cumplimiento de las pol\u00edticas p\u00fablicas, programas y proyectos a favor de las mujeres, qued\u00f3 compuesto por: Wina Rosas Escutia del Estado de Aguascalientes; Mar\u00eda Fernanda Crespo Arriola de Coahuila; Imelda Marrufo Nava de Chihuahua; Mar\u00eda Dolores Romero Cota de Durango; Olivia Elizabeth \u00c1lvarez Montalv\u00e1n de Guerrero; Alba Adriana Jim\u00e9nez Patl\u00e1n de Hidalgo; Yenifar Karina G\u00f3mez Madrid del Estado de M\u00e9xico. Tambi\u00e9n, lo conforman Gretel Eunice Castorena Escalera de Michoac\u00e1n; Yareli Jaimes Garc\u00eda de Morelos; Mariana Gazc\u00f3n N\u00fa\u00f1ez de Nayarit; Mariana Bello de Quintana Roo; Lilia Mireya Castro L\u00f3pez de Sinaloa; Adriana Esmeralda del Carmen Acosta Toraya de Tabasco; Silvia Avelina Nava de Tlaxcala; Milagros del Pilar Herrero Buchanan de Yucat\u00e1n y Eugenia Flores Hern\u00e1ndez de Zacatecas.<\/p>\n\n\n\n<p class=\"wp-block-paragraph\">Actualmente Medley Aim\u00e9e Vega Montiel preside el Consejo Consultivo y Milagros del Pilar Herrero Buchanam, el Consejo Social. De las 32 de ambos consejos, 8 de cada uno forman parte de la Junta de Gobierno.<\/p>\n\n\n\n<p class=\"wp-block-paragraph\">Cabe se\u00f1alar que las participantes de ambos Consejos no perciben retribuci\u00f3n o compensaci\u00f3n alguna durante los tres a\u00f1os que permanecen en su encargo, pudiendo reelegirse por un periodo m\u00e1s.<\/p>\n\n\n\n<p class=\"wp-block-paragraph\">&nbsp;El 25 de enero, hace 24 d\u00edas, la Secretaria de gobernaci\u00f3n ofreci\u00f3 que&nbsp; \u201cen los pr\u00f3ximos d\u00edas vamos a resolver el tema de la titular de INMUJERES, pienso que no va tardar m\u00e1s de una o dos semanas m\u00e1ximo, porque se tienen que agotar los procedimientos para su nombramiento y le vamos a presentar al se\u00f1or presidente la terna para que \u00e9l elija a la titular.<\/p>\n\n\n\n<p class=\"wp-block-paragraph\"><strong>Pendientes de la pol\u00edtica de g\u00e9nero<\/strong><\/p>\n\n\n\n<p class=\"wp-block-paragraph\">La importancia de definir la presidencia de INMUJERES, porque tiene que ver ese Instituto con la responsabilidad de dirigir la pol\u00edtica de g\u00e9nero del gobierno de la Republica, elabora el Programa Nacional de Igualdad y echa para adelante los programas con los gobiernos de los estados para la transversalidad de g\u00e9nero.<\/p>\n\n\n\n<p class=\"wp-block-paragraph\">Hasta ahora los institutos estatales o secretar\u00edas de la mujer en todo el pa\u00eds, no pueden elaborar sus proyectos anuales. Ya hay se\u00f1alamientos en varias entidades del pa\u00eds, de una semiparalizaci\u00f3n de sus actividades.<\/p>\n\n\n\n<p class=\"wp-block-paragraph\">Hasta ahora no se ha definido la cabeza del Centro Nacional Equidad de G\u00e9nero y Salud Reproductiva (CNEGSR), que es la unidad de la Subsecretar\u00eda de Prevenci\u00f3n y Promoci\u00f3n de la Salud, responsable de las pol\u00edticas nacionales de los programas de planificaci\u00f3n familiar y anticoncepci\u00f3n, salud sexual y reproductiva, c\u00e1ncer c\u00e9rvico uterino, c\u00e1ncer de mama, salud materna y perinatal, igualdad de g\u00e9nero, y prevenci\u00f3n y atenci\u00f3n de la violencia familiar. Con incidencia en la prevenci\u00f3n del embarazo en adolescente que tiene una frecuencia de 76 nacimientos de cada mil, de mujeres menores de 19 a\u00f1os y se ha considerado como uno de los m\u00e1s altos del mundo, como se\u00f1al\u00f3 recientemente la Organizaci\u00f3n Mundial de la Salud.<\/p>\n\n\n\n<p class=\"wp-block-paragraph\">Igual est\u00e1n paralizadas las designaciones de los enlaces de g\u00e9nero en toda la administraci\u00f3n p\u00fablica federal y no labora formalmente el Observatorio Nacional de Salud Sexual y Reproductiva, fundamental para dar seguimiento a la Muerte Materna, que en el pa\u00eds sigue siendo un flagelo, sobre todo en poblaciones marginadas y\/o muy pobres ind\u00edgenas y campesinas.<\/p>\n\n\n\n<p class=\"wp-block-paragraph\">SEM\/sl\/sj<br><\/p>\n","protected":false},"excerpt":{"rendered":"<p>Sara Lovera SemM\u00e9xico, Cd. de M\u00e9xico, 18 febrero 2019.- Este d\u00eda la Junta de Gobierno del Instituto Nacional de las Mujeres INMUJERES tendr\u00e1 sesi\u00f3n ordinaria para examinar los perfiles de aspirantes a ocupar la presidencia de este Instituto, el \u00f3rgano encargado de conducir la pol\u00edtica de g\u00e9nero del gobierno de la Rep\u00fablica. La votaci\u00f3n para [&hellip;]<\/p>\n","protected":false},"author":3,"featured_media":7897,"comment_status":"open","ping_status":"open","sticky":false,"template":"","format":"standard","meta":{"_monsterinsights_skip_tracking":false,"footnotes":""},"categories":[690,51],"tags":[],"class_list":["post-7896","post","type-post","status-publish","format-standard","has-post-thumbnail","category-690","category-ejecutivo"],"_links":{"self":[{"href":"https:\/\/redsemlac.com\/semmexico\/wp-json\/wp\/v2\/posts\/7896","targetHints":{"allow":["GET"]}}],"collection":[{"href":"https:\/\/redsemlac.com\/semmexico\/wp-json\/wp\/v2\/posts"}],"about":[{"href":"https:\/\/redsemlac.com\/semmexico\/wp-json\/wp\/v2\/types\/post"}],"author":[{"embeddable":true,"href":"https:\/\/redsemlac.com\/semmexico\/wp-json\/wp\/v2\/users\/3"}],"replies":[{"embeddable":true,"href":"https:\/\/redsemlac.com\/semmexico\/wp-json\/wp\/v2\/comments?post=7896"}],"version-history":[{"count":0,"href":"https:\/\/redsemlac.com\/semmexico\/wp-json\/wp\/v2\/posts\/7896\/revisions"}],"wp:featuredmedia":[{"embeddable":true,"href":"https:\/\/redsemlac.com\/semmexico\/wp-json\/wp\/v2\/media\/7897"}],"wp:attachment":[{"href":"https:\/\/redsemlac.com\/semmexico\/wp-json\/wp\/v2\/media?parent=7896"}],"wp:term":[{"taxonomy":"category","embeddable":true,"href":"https:\/\/redsemlac.com\/semmexico\/wp-json\/wp\/v2\/categories?post=7896"},{"taxonomy":"post_tag","embeddable":true,"href":"https:\/\/redsemlac.com\/semmexico\/wp-json\/wp\/v2\/tags?post=7896"}],"curies":[{"name":"wp","href":"https:\/\/api.w.org\/{rel}","templated":true}]}}