{"id":78937,"date":"2024-03-15T14:25:46","date_gmt":"2024-03-15T20:25:46","guid":{"rendered":"https:\/\/redsemlac.com\/semmexico\/?p=78937"},"modified":"2024-03-15T14:25:47","modified_gmt":"2024-03-15T20:25:47","slug":"los-capitales-el-20-de-los-adultos-de-al-con-habilidades-digitales-basicas-contra-80-en-asia","status":"publish","type":"post","link":"https:\/\/redsemlac.com\/semmexico\/los-capitales-el-20-de-los-adultos-de-al-con-habilidades-digitales-basicas-contra-80-en-asia\/","title":{"rendered":"Los Capitales | El 20% de los adultos de AL con habilidades digitales b\u00e1sicas, contra 80% en Asia"},"content":{"rendered":"\n<ul class=\"wp-block-list\">\n<li><\/li>\n<\/ul>\n\n\n\n<p class=\"wp-block-paragraph\">Edgar Gonz\u00e1lez Mart\u00ednez<\/p>\n\n\n\n<p class=\"wp-block-paragraph\">SemM\u00e9xico, Cd. de M\u00e9xico, 15 de marzo, 2024.- Mientras en el mundo se observa el r\u00e1pido avance tecnol\u00f3gico y la transformaci\u00f3n digital, Am\u00e9rica Latina, y en especial M\u00e9xico, se encuentra en un momento crucial en su camino hacia la competitividad global. Sin embargo, este potencial sigue parcialmente desaprovechado debido a varios obst\u00e1culos. Liberar este potencial no s\u00f3lo es beneficioso para los pa\u00edses latinoamericanos, sino tambi\u00e9n crucial para la econom\u00eda global. El crecimiento de Am\u00e9rica Latina contribuye directamente a la estabilidad y diversidad econ\u00f3mica global.<\/p>\n\n\n\n<p class=\"wp-block-paragraph\">Un estudio de 2022 del Banco Interamericano de Desarrollo (BID), presenta un panorama de la brecha digital en Am\u00e9rica Latina. El hecho de que s\u00f3lo el 20% de los adultos de la regi\u00f3n tenga habilidades digitales b\u00e1sicas, en contraste con el 60% en Europa y el 80% en Asia, es casi desalentador y crea un convincente llamado a la acci\u00f3n. Esta brecha de habilidades impide que la mayor\u00eda de los adultos latinoamericanos utilicen eficazmente la tecnolog\u00eda para el trabajo, el aprendizaje y la interacci\u00f3n social. Esto obstaculiza la innovaci\u00f3n, la productividad y el crecimiento econ\u00f3mico tanto a nivel individual como social.<\/p>\n\n\n\n<p class=\"wp-block-paragraph\">Al respecto&nbsp;<em>Por Javier Marbec, director de Mercado Internacional de TOTVS, nos dice:&nbsp;<\/em>&nbsp;Para abordar estos desaf\u00edos e impulsar a Am\u00e9rica Latina hacia la era digital, se requiere un enfoque multifac\u00e9tico, ya que es fundamental desarrollar una fuerza laboral capacitada que pueda navegar las complejidades del mundo digital. Las siguientes habilidades son cruciales para hacer que la regi\u00f3n sea m\u00e1s competitiva en este nuevo escenario:<\/p>\n\n\n\n<ol class=\"wp-block-list\">\n<li><strong>Alfabetizaci\u00f3n digital<\/strong>: Establecer una base de alfabetizaci\u00f3n digital es esencial para todas las personas. Comprender c\u00f3mo utilizar la tecnolog\u00eda, acceder a la informaci\u00f3n y comunicarse digitalmente es el primer paso para permitir el trabajo colaborativo.<\/li>\n<\/ol>\n\n\n\n<ol class=\"wp-block-list\" start=\"2\">\n<li><strong>Competencia t\u00e9cnica<\/strong>: es crucial dotar a las personas de habilidades t\u00e9cnicas relevantes para sus industrias. La programaci\u00f3n, el an\u00e1lisis de datos, la ciberseguridad y otras herramientas especializadas son esenciales para impulsar la innovaci\u00f3n y adaptarse a los avances tecnol\u00f3gicos. Desde el \u00e1mbito privado las compa\u00f1\u00edas deben comprometerse a impulsar, a trav\u00e9s de programas propios o en asociaci\u00f3n con otras organizaciones, la capacitaci\u00f3n a j\u00f3venes en situaci\u00f3n de vulnerabilidad social para que se conviertan en profesionales en las \u00e1reas de tecnolog\u00eda.<\/li>\n<\/ol>\n\n\n\n<ol class=\"wp-block-list\" start=\"3\">\n<li><strong>Pensamiento cr\u00edtico y resoluci\u00f3n de problemas<\/strong>: en un entorno que cambia r\u00e1pidamente, la capacidad de analizar situaciones complejas, identificar problemas y desarrollar soluciones innovadoras es invaluable. Estas habilidades impulsan la creatividad y la innovaci\u00f3n.<\/li>\n<\/ol>\n\n\n\n<ol class=\"wp-block-list\" start=\"4\">\n<li><strong>Adaptabilidad y resiliencia<\/strong>: Dada la naturaleza din\u00e1mica de la tecnolog\u00eda, las personas y las organizaciones deben aceptar el cambio. La capacidad de adaptarse y permanecer resiliente ante la disrupci\u00f3n es vital.<\/li>\n<\/ol>\n\n\n\n<ol class=\"wp-block-list\" start=\"5\">\n<li><strong>Colaboraci\u00f3n y comunicaci\u00f3n<\/strong>: el trabajo en equipo y la comunicaci\u00f3n eficaz son esenciales para la innovaci\u00f3n y el crecimiento. Las habilidades colaborativas facilitan el intercambio de ideas y la concreci\u00f3n de soluciones.<\/li>\n<\/ol>\n\n\n\n<p class=\"wp-block-paragraph\">Por supuesto, minimizar la brecha de habilidades digitales requiere esfuerzos conjuntos de los gobiernos, las instituciones educativas y el sector privado.<\/p>\n\n\n\n<p class=\"wp-block-paragraph\">Reconocen la labor a favor de ind\u00edgenas y sociedad.<\/p>\n\n\n\n<p class=\"wp-block-paragraph\">Por su labor a favor de la sociedad, de los ind\u00edgenas y la protecci\u00f3n de sus derechos humanos, las instituciones civiles, Abogadas de Tabasco y Manos Vac\u00edas, Manos Amigas, reconocer\u00e1n a Candelaria L\u00e1zaro L\u00e1zaro, Gobernadora Nacional Ind\u00edgena de M\u00e9xico (cuyo gobierno tiene representaci\u00f3n en 29 estados del pa\u00eds). Para las abogadas de Tabasco, el reconocimiento que se entregar\u00e1 a Candelaria este 15 de marzo es m\u00e1s que merecido por todo el trabajo que est\u00e1 haciendo en bien de la sociedad. Manos Vac\u00edas, Manos Amigas, se lo dar\u00e1 este 14 de marzo. La gobernadora nacional reconoce que es la \u00fanica persona que se encuentra procurando la identidad de los ind\u00edgenas y protegiendo sus derechos.<\/p>\n\n\n\n<p class=\"wp-block-paragraph\">Inauguraron el Foro de Negocios M\u00e9xico-Suecia \u201cInnovando un futuro sostenible\u201d.<\/p>\n\n\n\n<p class=\"wp-block-paragraph\">En el evento, que cont\u00f3 con la presencia de los reyes Carlos XVI Gustavo y Silvia de Suecia, el subsecretario de Comercio Exterior, Alejandro Encinas N\u00e1jera, se\u00f1al\u00f3 que este encuentro ser\u00e1 un impulso significativo para el comercio y las inversiones sostenibles entre ambas naciones. El funcionario detall\u00f3 que M\u00e9xico ofrece oportunidades incomparables para los inversionistas gracias a su posici\u00f3n geogr\u00e1fica estrat\u00e9gica, su amplia red de tratados comerciales y al talento y compromiso de las y los trabajadores mexicanos. \u201cSomos una naci\u00f3n joven, trabajadora y cada vez m\u00e1s especializada, lista para aprovechar al m\u00e1ximo, tanto el nearshoring como nuestras relaciones comerciales privilegiadas con Suecia y con la Uni\u00f3n Europea\u201d, concluy\u00f3.<\/p>\n\n\n\n<p class=\"wp-block-paragraph\">Cabe destacar que dDe 2006 a 2023, la inversi\u00f3n sueca en M\u00e9xico ha sido por el orden de mil 959 millones de d\u00f3lares, en sectores clave como la industria del pl\u00e1stico, equipos de generaci\u00f3n el\u00e9ctrica e industria del papel. Entre las empresas suecas que han contribuido al desarrollo econ\u00f3mico y tecnol\u00f3gico de M\u00e9xico se encuentran Ericsson, Svenska Cellulosa Aktiebolaget, Electrolux y Tetra Pak.<\/p>\n\n\n\n<p class=\"wp-block-paragraph\"><br><a href=\"mailto:loscapitales@yahoo.com.mx\">loscapitales@yahoo.com.mx<\/a><\/p>\n\n\n\n<p class=\"wp-block-paragraph\"><a href=\"http:\/\/www.agendadeinversiones.com.mx\/\">www.agendadeinversiones.com.mx<\/a><\/p>\n\n\n\n<p class=\"wp-block-paragraph\">Twiter: @Edgar4712<\/p>\n","protected":false},"excerpt":{"rendered":"<p>Edgar Gonz\u00e1lez Mart\u00ednez SemM\u00e9xico, Cd. de M\u00e9xico, 15 de marzo, 2024.- Mientras en el mundo se observa el r\u00e1pido avance tecnol\u00f3gico y la transformaci\u00f3n digital, Am\u00e9rica Latina, y en especial M\u00e9xico, se encuentra en un momento crucial en su camino hacia la competitividad global. Sin embargo, este potencial sigue parcialmente desaprovechado debido a varios obst\u00e1culos. [&hellip;]<\/p>\n","protected":false},"author":3,"featured_media":75979,"comment_status":"open","ping_status":"open","sticky":false,"template":"","format":"standard","meta":{"_monsterinsights_skip_tracking":false,"footnotes":""},"categories":[750,35],"tags":[],"class_list":["post-78937","post","type-post","status-publish","format-standard","has-post-thumbnail","category-edgar-gonzalez-martinez","category-opinion"],"_links":{"self":[{"href":"https:\/\/redsemlac.com\/semmexico\/wp-json\/wp\/v2\/posts\/78937","targetHints":{"allow":["GET"]}}],"collection":[{"href":"https:\/\/redsemlac.com\/semmexico\/wp-json\/wp\/v2\/posts"}],"about":[{"href":"https:\/\/redsemlac.com\/semmexico\/wp-json\/wp\/v2\/types\/post"}],"author":[{"embeddable":true,"href":"https:\/\/redsemlac.com\/semmexico\/wp-json\/wp\/v2\/users\/3"}],"replies":[{"embeddable":true,"href":"https:\/\/redsemlac.com\/semmexico\/wp-json\/wp\/v2\/comments?post=78937"}],"version-history":[{"count":0,"href":"https:\/\/redsemlac.com\/semmexico\/wp-json\/wp\/v2\/posts\/78937\/revisions"}],"wp:featuredmedia":[{"embeddable":true,"href":"https:\/\/redsemlac.com\/semmexico\/wp-json\/wp\/v2\/media\/75979"}],"wp:attachment":[{"href":"https:\/\/redsemlac.com\/semmexico\/wp-json\/wp\/v2\/media?parent=78937"}],"wp:term":[{"taxonomy":"category","embeddable":true,"href":"https:\/\/redsemlac.com\/semmexico\/wp-json\/wp\/v2\/categories?post=78937"},{"taxonomy":"post_tag","embeddable":true,"href":"https:\/\/redsemlac.com\/semmexico\/wp-json\/wp\/v2\/tags?post=78937"}],"curies":[{"name":"wp","href":"https:\/\/api.w.org\/{rel}","templated":true}]}}