{"id":7893,"date":"2019-02-18T15:50:46","date_gmt":"2019-02-18T15:50:46","guid":{"rendered":"https:\/\/redsemlac.com\/semmexico\/?p=7893"},"modified":"2023-07-21T14:47:09","modified_gmt":"2023-07-21T19:47:09","slug":"estamos-listos-alardea-el-municipe-antonio-gaspar","status":"publish","type":"post","link":"https:\/\/redsemlac.com\/semmexico\/estamos-listos-alardea-el-municipe-antonio-gaspar\/","title":{"rendered":"Estamos listos, alardea el mun\u00edcipe Antonio Gaspar."},"content":{"rendered":"\n<p class=\"wp-block-paragraph\"><a href=\"https:\/\/www.semmexico.com\/gallery-post.php?id=7260#\">Josefina Aguilar Pastor,<\/a><\/p>\n\n\n\n<p class=\"wp-block-paragraph\">SemM\u00e9xico, Chilpancingo, Gro., 18 febrero 2019.- En los pr\u00f3ximos d\u00edas, veinte mujeres polic\u00edas que conforman la Polic\u00eda Municipal de G\u00e9nero comenzar\u00e1n a capacitarse con esta perspectiva para atender y dar y seguimiento a acciones y delitos cometidos en contra de mujeres, inform\u00f3 el alcalde capitalino, Antonio Gaspar Beltr\u00e1n, quien sostuvo&nbsp; que en su administraci\u00f3n est\u00e1n listos y preparados para atender cualquier contingencia que en materia de violencia de g\u00e9nero, pueda presentarse en Chilpancingo.<\/p>\n\n\n\n<p class=\"wp-block-paragraph\">Luego de las constantes denuncias que, en las dos primeras semanas del presente mes, se dieron de supuestos intentos de secuestro de mujeres en la capital del Estado, la autoridad municipal, se vio obligada a retomar el tema de la violencia de g\u00e9nero; el 12 de los corrientes, dio a conocer acciones que estar\u00edan ejecutando para prevenir, atender, y sancionar la violencia contra las mujeres.<\/p>\n\n\n\n<p class=\"wp-block-paragraph\">El mi\u00e9rcoles 13 del presente mes, a trav\u00e9s de un video, el ayuntamiento de Chilpancingo, anunci\u00f3 la conformaci\u00f3n de este escuadr\u00f3n que se dijo, desde ese momento, estar\u00eda ya en funciones para la atenci\u00f3n de denuncias de violencia hacia las mujeres.<\/p>\n\n\n\n<p class=\"wp-block-paragraph\">Se conoci\u00f3 que dicho grupo de mujeres polic\u00edas, no cuentan con la preparaci\u00f3n ni capacitaci\u00f3n con perspectiva de g\u00e9nero, por lo que este domingo, el presidente municipal dio a conocer que en los pr\u00f3ximos d\u00edas ser\u00e1n capacitadas con esta visi\u00f3n y puedan atender debidamente los casos de violencia que en contra de las mujeres de este municipio se presenten.<\/p>\n\n\n\n<p class=\"wp-block-paragraph\">El s\u00edndico V\u00edctor Manuel Ortega dio a conocer como producto de las gestiones que hizo ante el gobierno federal el presidente municipal Antonio Gaspar Beltr\u00e1n, en este a\u00f1o aumentar\u00e1n los recursos del Programa de Fortalecimiento de la Seguridad (Fostaseg) y quiz\u00e1 una parte sea utilizada para consolidar a la polic\u00eda de g\u00e9nero con equipamiento veh\u00edculos de acuerdo a la geograf\u00eda de Chilpancingo, lo cual permitir\u00e1 disminuir los indicadores de violencia y de inseguridad en el municipio.<\/p>\n\n\n\n<p class=\"wp-block-paragraph\">Finalmente, el alcalde Antonio Gaspar Beltr\u00e1n, sostuvo \u201cestamos listos y preparados para atender cualquier contingencia que pueda presentarse en Chilpancingo\u201d, respecto a la violencia de g\u00e9nero.<\/p>\n\n\n\n<p class=\"wp-block-paragraph\">SEM\/jap\/sj<br><\/p>\n","protected":false},"excerpt":{"rendered":"<p>Josefina Aguilar Pastor, SemM\u00e9xico, Chilpancingo, Gro., 18 febrero 2019.- En los pr\u00f3ximos d\u00edas, veinte mujeres polic\u00edas que conforman la Polic\u00eda Municipal de G\u00e9nero comenzar\u00e1n a capacitarse con esta perspectiva para atender y dar y seguimiento a acciones y delitos cometidos en contra de mujeres, inform\u00f3 el alcalde capitalino, Antonio Gaspar Beltr\u00e1n, quien sostuvo&nbsp; que en [&hellip;]<\/p>\n","protected":false},"author":3,"featured_media":7894,"comment_status":"open","ping_status":"open","sticky":false,"template":"","format":"standard","meta":{"_monsterinsights_skip_tracking":false,"footnotes":""},"categories":[690,51],"tags":[],"class_list":["post-7893","post","type-post","status-publish","format-standard","has-post-thumbnail","category-690","category-ejecutivo"],"_links":{"self":[{"href":"https:\/\/redsemlac.com\/semmexico\/wp-json\/wp\/v2\/posts\/7893","targetHints":{"allow":["GET"]}}],"collection":[{"href":"https:\/\/redsemlac.com\/semmexico\/wp-json\/wp\/v2\/posts"}],"about":[{"href":"https:\/\/redsemlac.com\/semmexico\/wp-json\/wp\/v2\/types\/post"}],"author":[{"embeddable":true,"href":"https:\/\/redsemlac.com\/semmexico\/wp-json\/wp\/v2\/users\/3"}],"replies":[{"embeddable":true,"href":"https:\/\/redsemlac.com\/semmexico\/wp-json\/wp\/v2\/comments?post=7893"}],"version-history":[{"count":0,"href":"https:\/\/redsemlac.com\/semmexico\/wp-json\/wp\/v2\/posts\/7893\/revisions"}],"wp:featuredmedia":[{"embeddable":true,"href":"https:\/\/redsemlac.com\/semmexico\/wp-json\/wp\/v2\/media\/7894"}],"wp:attachment":[{"href":"https:\/\/redsemlac.com\/semmexico\/wp-json\/wp\/v2\/media?parent=7893"}],"wp:term":[{"taxonomy":"category","embeddable":true,"href":"https:\/\/redsemlac.com\/semmexico\/wp-json\/wp\/v2\/categories?post=7893"},{"taxonomy":"post_tag","embeddable":true,"href":"https:\/\/redsemlac.com\/semmexico\/wp-json\/wp\/v2\/tags?post=7893"}],"curies":[{"name":"wp","href":"https:\/\/api.w.org\/{rel}","templated":true}]}}