{"id":78926,"date":"2024-03-14T17:48:07","date_gmt":"2024-03-14T23:48:07","guid":{"rendered":"https:\/\/redsemlac.com\/semmexico\/?p=78926"},"modified":"2024-03-14T17:48:18","modified_gmt":"2024-03-14T23:48:18","slug":"aprueban-reformas-para-impulsar-el-ascenso-de-mujeres-en-sector-publico","status":"publish","type":"post","link":"https:\/\/redsemlac.com\/semmexico\/aprueban-reformas-para-impulsar-el-ascenso-de-mujeres-en-sector-publico\/","title":{"rendered":"Aprueban reformas para impulsar el ascenso de mujeres en sector p\u00fablico"},"content":{"rendered":"\n<ul class=\"wp-block-list\">\n<li>Solo 30% de mujeres en Subsecretar\u00edas&nbsp;<\/li>\n\n\n\n<li>Se aumentar\u00e1 el liderazgo de las mujeres<\/li>\n<\/ul>\n\n\n\n<p class=\"wp-block-paragraph\">Micaela M\u00e1rquez<\/p>\n\n\n\n<p class=\"wp-block-paragraph\">SemM\u00e9xico, Cd. de M\u00e9xico, 14 de marzo, 2024.- La C\u00e1mara de Diputados aprob\u00f3 diversos ordenamientos, en las legislaciones de la administraci\u00f3n p\u00fablica federal, para generar las condiciones para que las mujeres puedan ascender y permanecer en los puestos de liderazgos sin enfrentar barreras adicionales a sus pares, los hombres.<\/p>\n\n\n\n<p class=\"wp-block-paragraph\">La diputada Carolina Morales Garc\u00eda del PAN, se\u00f1al\u00f3 que la reforma aumentar\u00e1 el liderazgo de las mujeres en el sector p\u00fablico y har\u00e1 posible la construcci\u00f3n de pol\u00edticas p\u00fablicas m\u00e1s incluyentes, lo que permitir\u00e1 visibilizar distintas perspectivas, prioridades y necesidades que existen entre hombres y mujeres.&nbsp;<\/p>\n\n\n\n<p class=\"wp-block-paragraph\">Destac\u00f3 que, si bien existe paridad de g\u00e9nero en las secretar\u00edas de Estado, ya que la mitad son ocupada por mujeres hay una menor participaci\u00f3n de mujeres en las Subsecretarias, s\u00f3lo el 30 por ciento son encabezadas por ellas.&nbsp;<\/p>\n\n\n\n<p class=\"wp-block-paragraph\">Record\u00f3 que el principio constitucional de paridad de g\u00e9nero tiene por objeto asegurar la participaci\u00f3n y representaci\u00f3n equilibrada de ellas y ellos en los puestos de poder y de toma de decisiones en distintas esferas de la vida pol\u00edtica y p\u00fablica.&nbsp;<\/p>\n\n\n\n<p class=\"wp-block-paragraph\">Consider\u00f3 necesario fortalecer el sistema jur\u00eddico y tomar en cuenta las m\u00faltiples discriminaciones que hist\u00f3ricamente han sido objeto las mujeres.<\/p>\n\n\n\n<p class=\"wp-block-paragraph\">La C\u00e1mara de Diputados aprob\u00f3 el dictamen que reforma diversas disposiciones de las leyes Org\u00e1nica de la Administraci\u00f3n P\u00fablica Federal, y del Servicio Profesional de Carrera en la Administraci\u00f3n P\u00fablica Federal, con el fin de armonizarlas y establecer la paridad de g\u00e9nero como un principio que rija en el Sistema del Servicio Profesional.<\/p>\n\n\n\n<p class=\"wp-block-paragraph\">El dictamen, que se remiti\u00f3 al Senado de la Rep\u00fablica, adiciona las frases \u201cigualdad de g\u00e9nero\u201d, \u201ccon perspectiva de g\u00e9nero\u201d y \u201catendiendo el principio de paridad de g\u00e9nero\u201d en dichos ordenamientos jur\u00eddicos.<\/p>\n\n\n\n<p class=\"wp-block-paragraph\">Se modifica el art\u00edculo 14&nbsp; de la Ley Org\u00e1nica de la Administraci\u00f3n P\u00fablica Federal para establecer que: Al frente de cada Secretar\u00eda de Estado habr\u00e1 una persona titular quien para el despacho de los asuntos de su competencia se auxiliar\u00e1 de las personas titulares de las Secretar\u00edas, de las Unidades de Administraci\u00f3n y Finanzas, de las Jefaturas de Unidades, de las Direcciones de las Subdirecciones, de las Jefaturas de Departamento y dem\u00e1s personas funcionarias, procurando el principio de paridad de g\u00e9nero.&nbsp;<\/p>\n\n\n\n<p class=\"wp-block-paragraph\">El art\u00edculo 28 de la Ley del Servicio Profesional de Carrera en la Administraci\u00f3n P\u00fablica Federal establece que las convocatorias procurar\u00e1n realizarse con perspectiva de g\u00e9nero y se\u00f1alar\u00e1n en forma precisa los puestos sujetos a concurso, el perfil que deber\u00e1n cubrir los aspirantes, los requisitos y los lineamientos generales que se determinen para los ex\u00e1menes, as\u00ed como el lugar y fecha de entrega de la documentaci\u00f3n correspondiente de los ex\u00e1menes y el fallo relacionado con la selecci\u00f3n de los candidatos finalistas.&nbsp;<\/p>\n\n\n\n<p class=\"wp-block-paragraph\">El art\u00edculo 30, de la misma ley, se\u00f1ala que la Secretar\u00eda emitir\u00e1, procurando la perspectiva de g\u00e9nero, las gu\u00edas y lineamientos generales para la elaboraci\u00f3n y aplicaci\u00f3n de los mecanismos y herramientas de evaluaci\u00f3n que operar\u00e1n los comit\u00e9s para las modalidades de selecci\u00f3n de servidores p\u00fablicos, de acuerdo con los preceptos de esta ley y reglamento.&nbsp;<\/p>\n\n\n\n<p class=\"wp-block-paragraph\">SEM\/mm\/sj<\/p>\n","protected":false},"excerpt":{"rendered":"<p>La C\u00e1mara de Diputados aprob\u00f3 diversos ordenamientos, en las legislaciones de la administraci\u00f3n p\u00fablica federal, para generar las condiciones para que las mujeres puedan ascender y permanecer en los puestos de liderazgos sin enfrentar barreras adicionales a sus pares, los hombres.<\/p>\n","protected":false},"author":3,"featured_media":78917,"comment_status":"open","ping_status":"open","sticky":false,"template":"","format":"standard","meta":{"_monsterinsights_skip_tracking":false,"footnotes":""},"categories":[50],"tags":[],"class_list":["post-78926","post","type-post","status-publish","format-standard","has-post-thumbnail","category-congreso"],"_links":{"self":[{"href":"https:\/\/redsemlac.com\/semmexico\/wp-json\/wp\/v2\/posts\/78926","targetHints":{"allow":["GET"]}}],"collection":[{"href":"https:\/\/redsemlac.com\/semmexico\/wp-json\/wp\/v2\/posts"}],"about":[{"href":"https:\/\/redsemlac.com\/semmexico\/wp-json\/wp\/v2\/types\/post"}],"author":[{"embeddable":true,"href":"https:\/\/redsemlac.com\/semmexico\/wp-json\/wp\/v2\/users\/3"}],"replies":[{"embeddable":true,"href":"https:\/\/redsemlac.com\/semmexico\/wp-json\/wp\/v2\/comments?post=78926"}],"version-history":[{"count":0,"href":"https:\/\/redsemlac.com\/semmexico\/wp-json\/wp\/v2\/posts\/78926\/revisions"}],"wp:featuredmedia":[{"embeddable":true,"href":"https:\/\/redsemlac.com\/semmexico\/wp-json\/wp\/v2\/media\/78917"}],"wp:attachment":[{"href":"https:\/\/redsemlac.com\/semmexico\/wp-json\/wp\/v2\/media?parent=78926"}],"wp:term":[{"taxonomy":"category","embeddable":true,"href":"https:\/\/redsemlac.com\/semmexico\/wp-json\/wp\/v2\/categories?post=78926"},{"taxonomy":"post_tag","embeddable":true,"href":"https:\/\/redsemlac.com\/semmexico\/wp-json\/wp\/v2\/tags?post=78926"}],"curies":[{"name":"wp","href":"https:\/\/api.w.org\/{rel}","templated":true}]}}