{"id":78876,"date":"2024-03-14T11:27:08","date_gmt":"2024-03-14T17:27:08","guid":{"rendered":"https:\/\/redsemlac.com\/semmexico\/?p=78876"},"modified":"2024-03-14T11:27:09","modified_gmt":"2024-03-14T17:27:09","slug":"ine-realiza-foro-para-la-erradicacion-de-la-vpmrg","status":"publish","type":"post","link":"https:\/\/redsemlac.com\/semmexico\/ine-realiza-foro-para-la-erradicacion-de-la-vpmrg\/","title":{"rendered":"INE realiza Foro para la erradicaci\u00f3n de la VPMRG"},"content":{"rendered":"\n<ul class=\"wp-block-list\">\n<li>Ser\u00e1n cuatro foros que se llevar\u00e1n a cabo en Morelia, M\u00e9rida y CDMX<\/li>\n\n\n\n<li>Tenemos que lograr que los partidos pol\u00edticos tomen estas banderas<\/li>\n<\/ul>\n\n\n\n<p class=\"wp-block-paragraph\">Redacci\u00f3n<\/p>\n\n\n\n<p class=\"wp-block-paragraph\">SemM\u00e9xico, Cd. de M\u00e9xico, 14 de marzo, 2024.- El Instituto Nacional Electoral (INE) realiz\u00f3 el primer Foro para la erradicaci\u00f3n de la Violencia Pol\u00edtica contra las Mujeres en Raz\u00f3n de G\u00e9nero (VPMRG) y la inclusi\u00f3n de grupos en situaci\u00f3n de discriminaci\u00f3n en los Procesos Electorales Locales 2023-2024.<\/p>\n\n\n\n<p class=\"wp-block-paragraph\">El objetivo es reflexionar sobre la prevenci\u00f3n, atenci\u00f3n e ir pensando en la erradicaci\u00f3n de la Violencia Pol\u00edtica contra las Mujeres en Raz\u00f3n de G\u00e9nero, explic\u00f3 la consejera Rita Bell L\u00f3pez Vences.<\/p>\n\n\n\n<p class=\"wp-block-paragraph\">\u201cAsimismo, dar seguimiento y fortalecer acciones afirmativas para candidaturas de grupos en situaci\u00f3n de discriminaci\u00f3n a nivel federal y local, donde&nbsp;la diversidad y la inclusi\u00f3n son palabras clave de estos foros,&nbsp;no s\u00f3lo por los temas que nos convocan, sino porque coinciden en este espacio m\u00faltiples voces para dialogar, para compartir su conocimiento y experiencia en la materia\u201d, estableci\u00f3.<\/p>\n\n\n\n<p class=\"wp-block-paragraph\">Este a\u00f1o, dijo, se celebran elecciones federales con la concurrencia de 32 entidades federativas; se elegir\u00e1n 639 cargos a nivel federal y m\u00e1s de 20 mil locales.<\/p>\n\n\n\n<p class=\"wp-block-paragraph\">Precis\u00f3 que \u00e9ste es el primero de cuatro foros que se llevar\u00e1n a cabo en Morelia, M\u00e9rida y Ciudad de M\u00e9xico con el fin de escuchar a todas las voces.<\/p>\n\n\n\n<p class=\"wp-block-paragraph\">En su mensaje de bienvenida, ante la consejera&nbsp; presidenta del Instituto Electoral del Estado de Guanajuato (IEEG),&nbsp;Brenda Canchola Elizarraraz; el vocal de la Junta Local del INE, Jaime Ju\u00e1rez Jasso; la magistrada del Tribunal Electoral de Guanajuato, Yari Zapata L\u00f3pez, consejeras y consejeros, L\u00f3pez Vences subray\u00f3 la importancia de los foros en los que coincidan muchas voces para dialogar y tener una escucha permanente para redireccionar esfuerzos conjuntos entre los Organismos P\u00fablicos Locales, sociedad civil y los tribunales.<\/p>\n\n\n\n<p class=\"wp-block-paragraph\">\u201cTenemos que lograr que los partidos pol\u00edticos tomen estas banderas y hagan estos cambios dentro de sus estructuras que tanto est\u00e1 demandando la ciudadan\u00eda y cuenten con perfiles adecuados, liderazgos aut\u00e9nticos, una oferta pol\u00edtica que lleve a las personas a estar motivadas a votar\u201d, agreg\u00f3.<\/p>\n\n\n\n<p class=\"wp-block-paragraph\">Enseguida, la consejera presidenta del IEEG, Brenda Canchola Elizarraraz, enfatiz\u00f3 que \u201cel aumento de la participaci\u00f3n pol\u00edtica de las mujeres y de los grupos en situaci\u00f3n de discriminaci\u00f3n, parad\u00f3jicamente ha estado acompa\u00f1ado de un incremento de violencia, provocando resistencia en los actores e instituciones en la lucha por espacios de poder, lo que se traduce en mayor violencia\u201d.<\/p>\n\n\n\n<p class=\"wp-block-paragraph\">Hoy,&nbsp;<a>la discriminaci\u00f3n sigue siendo uno de los principales obst\u00e1culos para el ejercicio de los derechos humanos, entre ellos, los pol\u00edtico-electorales<\/a>, indic\u00f3.<\/p>\n\n\n\n<p class=\"wp-block-paragraph\">Los foros crean un espacio para visibilizar y sensibilizar acerca de estos temas y, sobre todo, contribuyen a concientizar a la poblaci\u00f3n en la necesidad de ser abordados y se genera la oportunidad de tener un diagn\u00f3stico preciso de la situaci\u00f3n actual lo que permite mejorar las pol\u00edticas y pr\u00e1cticas electorales, consider\u00f3 la magistrada Yari Zapata.<\/p>\n\n\n\n<p class=\"wp-block-paragraph\"><strong>Deben partidos pol\u00edticos efectuar acciones afirmativas de forma constante<\/strong><\/p>\n\n\n\n<p class=\"wp-block-paragraph\">En la primera mesa se abord\u00f3 la&nbsp;<em>Inclusi\u00f3n de grupos en situaci\u00f3n de discriminaci\u00f3n<\/em>, en donde participaron la consejera del IEEG, Mar\u00eda Concepci\u00f3n Esther Aboites S\u00e1mano; la consejera del INE, Rita L\u00f3pez; Daniel Alejandro Mares, de Movimiento Ciudadano; Sa\u00fal Ram\u00edrez S\u00e1nchez, de Morena y, por la sociedad civil, Celia Cuevas Morales, integrante del grupo Movimiento de Personas con Discapacidad, que fue moderada por Nora Ruth Ch\u00e1vez Gonz\u00e1lez.<\/p>\n\n\n\n<p class=\"wp-block-paragraph\">En estas elecciones, en Guanajuato, los partidos pol\u00edticos tienen la obligaci\u00f3n de postular al menos una f\u00f3rmula de candidaturas para personas ind\u00edgenas. Adem\u00e1s, se emitieron acciones afirmativas en favor de personas migrantes, con discapacidad, afromexicanas y de la diversidad sexual.<\/p>\n\n\n\n<p class=\"wp-block-paragraph\">\u201cLa idea de estas acciones afirmativas es que se queden como un ejercicio constante que beneficien a los grupos en situaci\u00f3n de vulnerabilidad y puedan estar representados\u201d, a\u00f1adi\u00f3 la consejera L\u00f3pez Vences, quien apunt\u00f3 que el reto es que sea un trabajo permanente de los partidos pol\u00edticos.<\/p>\n\n\n\n<p class=\"wp-block-paragraph\"><strong><em>Denunciar VPMRG para lograr justicia pronta y expedita<\/em><\/strong><\/p>\n\n\n\n<p class=\"wp-block-paragraph\">En la mesa:&nbsp;<em>Prevenci\u00f3n y atenci\u00f3n de la violencia pol\u00edtica contra las mujeres en raz\u00f3n de g\u00e9nero<\/em>&nbsp;participaron junto con la consejera L\u00f3pez Vences; la Consejera del IEEG, Sandra Liliana Prieto de Le\u00f3n; la Magistrada del TEEG, Yari Zapata L\u00f3pez; Carolina Contreras P\u00e9rez, representante del Partido de la Revoluci\u00f3n Democr\u00e1tica y Cesia Jael Vargas Rodr\u00edguez, en representaci\u00f3n del Partido Acci\u00f3n Nacional.<\/p>\n\n\n\n<p class=\"wp-block-paragraph\">En el panel se ponder\u00f3 que \u201cno es tarea f\u00e1cil\u201d impartir justicia en los casos de VPMRG, por lo que marcaron como pendiente que los procedimientos se tramiten con perspectiva de g\u00e9nero, la importancia de iniciar denuncias con probatorios para abatir la impunidad, a fin de que los expedientes queden debidamente integrados y se imparta justicia pronta y expedita.<\/p>\n\n\n\n<p class=\"wp-block-paragraph\">\u201cLa violencia pol\u00edtica contra la mujer es un tema de todas y todos, tiene que ver con desigualdades estructurales y se refleja m\u00e1s a nivel municipal y en el \u00e1mbito digital\u201d, apunt\u00f3 la consejera Rita L\u00f3pez, quien mencion\u00f3 que el INE cuenta con buenas pr\u00e1cticas para el uso de tecnolog\u00edas donde se presenta violencia digital, adem\u00e1s de un Programa Piloto para dar acompa\u00f1amiento a las mujeres v\u00edctimas de violencia pol\u00edtica.<\/p>\n\n\n\n<p class=\"wp-block-paragraph\">SEM\/sj<\/p>\n","protected":false},"excerpt":{"rendered":"<p>El Instituto Nacional Electoral (INE) realiz\u00f3 el primer Foro para la erradicaci\u00f3n de la Violencia Pol\u00edtica contra las Mujeres en Raz\u00f3n de G\u00e9nero (VPMRG) y la inclusi\u00f3n de grupos en situaci\u00f3n de discriminaci\u00f3n en los Procesos Electorales Locales 2023-2024.<\/p>\n","protected":false},"author":3,"featured_media":78877,"comment_status":"open","ping_status":"open","sticky":false,"template":"","format":"standard","meta":{"_monsterinsights_skip_tracking":false,"footnotes":""},"categories":[141],"tags":[],"class_list":["post-78876","post","type-post","status-publish","format-standard","has-post-thumbnail","category-elecciones-2020-2021"],"_links":{"self":[{"href":"https:\/\/redsemlac.com\/semmexico\/wp-json\/wp\/v2\/posts\/78876","targetHints":{"allow":["GET"]}}],"collection":[{"href":"https:\/\/redsemlac.com\/semmexico\/wp-json\/wp\/v2\/posts"}],"about":[{"href":"https:\/\/redsemlac.com\/semmexico\/wp-json\/wp\/v2\/types\/post"}],"author":[{"embeddable":true,"href":"https:\/\/redsemlac.com\/semmexico\/wp-json\/wp\/v2\/users\/3"}],"replies":[{"embeddable":true,"href":"https:\/\/redsemlac.com\/semmexico\/wp-json\/wp\/v2\/comments?post=78876"}],"version-history":[{"count":0,"href":"https:\/\/redsemlac.com\/semmexico\/wp-json\/wp\/v2\/posts\/78876\/revisions"}],"wp:featuredmedia":[{"embeddable":true,"href":"https:\/\/redsemlac.com\/semmexico\/wp-json\/wp\/v2\/media\/78877"}],"wp:attachment":[{"href":"https:\/\/redsemlac.com\/semmexico\/wp-json\/wp\/v2\/media?parent=78876"}],"wp:term":[{"taxonomy":"category","embeddable":true,"href":"https:\/\/redsemlac.com\/semmexico\/wp-json\/wp\/v2\/categories?post=78876"},{"taxonomy":"post_tag","embeddable":true,"href":"https:\/\/redsemlac.com\/semmexico\/wp-json\/wp\/v2\/tags?post=78876"}],"curies":[{"name":"wp","href":"https:\/\/api.w.org\/{rel}","templated":true}]}}