{"id":78871,"date":"2024-03-14T11:20:26","date_gmt":"2024-03-14T17:20:26","guid":{"rendered":"https:\/\/redsemlac.com\/semmexico\/?p=78871"},"modified":"2024-03-14T11:22:22","modified_gmt":"2024-03-14T17:22:22","slug":"los-capitales-citibanamex-anticipa-ligera-depreciacion-del-peso-si-sigue-el-diferencial-de-tasas-bancarias-con-eu","status":"publish","type":"post","link":"https:\/\/redsemlac.com\/semmexico\/los-capitales-citibanamex-anticipa-ligera-depreciacion-del-peso-si-sigue-el-diferencial-de-tasas-bancarias-con-eu\/","title":{"rendered":"Los Capitales| Citibanamex anticipa ligera depreciaci\u00f3n del peso si sigue el diferencial de tasas bancarias con EU."},"content":{"rendered":"\n<p class=\"wp-block-paragraph\">Edgar Gonz\u00e1lez Mart\u00ednez<\/p>\n\n\n\n<p class=\"wp-block-paragraph\">SemM\u00e9xico, Cd. de M\u00e9xico, 14 de marzo, 2024.- El martes el tipo de cambio lleg\u00f3 a cotizarse a 16.68 pesos por d\u00f3lar, pero el Citibanamex estima una ligera depreciaci\u00f3n a finales del mes de marzo \u201ca medida que se materialicen los efectos de un menor diferencial de tasas de inter\u00e9s con Estados Unidos\u201d. Adem\u00e1s, persisten otros factores que llevar\u00edan a que el peso se deprecie gradualmente. Para ver las posibilidades del peso en relaci\u00f3n al d\u00f3lar, empezar\u00edamos por enumerar la\u00a0<strong>fortaleza del tipo de cambio que vimos el a\u00f1o, la cual respondi\u00f3 a varios factores:<\/strong><\/p>\n\n\n\n<p class=\"wp-block-paragraph\">i) el amplio diferencial de tasas de inter\u00e9s con EU, en comparaci\u00f3n con los<\/p>\n\n\n\n<p class=\"wp-block-paragraph\">pares de M\u00e9xico;<\/p>\n\n\n\n<p class=\"wp-block-paragraph\">ii) mayores ingresos de d\u00f3lares por el aumento de las exportaciones (2.6%) y las remesas (7.6%);<\/p>\n\n\n\n<p class=\"wp-block-paragraph\">ii) redistribuci\u00f3n de flujos de capital;<\/p>\n\n\n\n<p class=\"wp-block-paragraph\">iii) la liquidez del peso mexicano;<\/p>\n\n\n\n<p class=\"wp-block-paragraph\">y iv) la narrativa del&nbsp;<em>nearshoring<\/em>.<\/p>\n\n\n\n<p class=\"wp-block-paragraph\">Algunos de estos hechos han seguido apoyando la reciente apreciaci\u00f3n del peso.<\/p>\n\n\n\n<p class=\"wp-block-paragraph\"><strong>A lo anterior se agrega el debilitamiento reciente del d\u00f3lar ante las expectativas del inicio del ciclo de recortes de la Fed en junio.&nbsp;<\/strong>Desde la segunda mitad de febrero, se ha observado un debilitamiento ligero del d\u00f3lar frente a otras monedas, con el \u00edndice DXY cayendo 1.3% en este periodo, lo que a su vez se ha reflejado en el fortalecimiento del peso. Ello ha respondido en parte a las expectativas de pol\u00edtica monetaria y datos recientes de EU. Y c\u00f3mo lo se\u00f1alan diversos analistas, aunque nuestra expectativa respecto del primer recorte de la Reserva Federal se ha mantenido en junio, las del mercado han sido m\u00e1s fluctuantes.<\/p>\n\n\n\n<p class=\"wp-block-paragraph\"><strong>Adem\u00e1s, persisten otros factores que llevar\u00edan a que el preso se deprecie gradualmente durante el a\u00f1o.&nbsp;<\/strong>Como mencionamos en una Nota Especial reciente, anticipamos que el tipo de cambio seguir\u00e1 una tendencia gradual al alza llegando al cierre de 2024 a 18.58 USDMXN. Ello estar\u00eda explicado por diversos factores adicionales a la disminuci\u00f3n del&nbsp;<em>spread&nbsp;<\/em>de tasas, incluyendo la desaceleraci\u00f3n estimada en el flujo de ingreso por remesas, una moderaci\u00f3n en el entusiasmo alrededor de la narrativa de&nbsp;<em>nearshoring,&nbsp;<\/em>y el hecho de que el tipo de cambio real registra una sobrevaluaci\u00f3n con respecto a su promedio de largo plazo. Finalmente, las elecciones presidenciales en M\u00e9xico en junio, as\u00ed como las de EU en noviembre, podr\u00edan generar periodos de mayor volatilidad, como ha ocurrido en procesos electorales previos, aunque sorprende que ello no se ha empezado a reflejar en el valor de la divisa.<\/p>\n\n\n\n<p class=\"wp-block-paragraph\">Rechaza la senadora Ana Lilia Rivera, la desaparici\u00f3n de poderes en Guerrero.<\/p>\n\n\n\n<p class=\"wp-block-paragraph\">En relaci\u00f3n con la solicitud presentada por el Grupo Parlamentario del Partido Acci\u00f3n Nacional en materia de desaparici\u00f3n de poderes en el estado de Guerrero, la senadora, la legisladora dijo que no existe un mecanismo procesal que confiera claridad y transparencia. Y subray\u00f3: en opini\u00f3n de esta Presidencia, someter este asunto a la consideraci\u00f3n de la Asamblea de inmediato, implicar\u00eda una decisi\u00f3n apresurada sobre los hechos que se est\u00e1n denunciando; sin conocer a plenitud el fondo y los argumentos de la solicitud, por lo que es necesario que tanto este \u00f3rgano de Gobierno como la Asamblea, analicen todos los razonamientos para poder tomar una determinaci\u00f3n en cualquier sentido.<\/p>\n\n\n\n<p class=\"wp-block-paragraph\"><strong>Standard &amp; Poor&#8217;s Eleva a Cemex a Grado de Inversi\u00f3n<\/strong><\/p>\n\n\n\n<p class=\"wp-block-paragraph\">La agencia calificadora Standard &amp; Poor\u2019s (S&amp;P) anunci\u00f3 que mejor\u00f3 la calificaci\u00f3n crediticia a escala global de largo plazo de Cemex a Grado de Inversi\u00f3n (BBB-) debido a su s\u00f3lido desempe\u00f1o financiero y operativo, su estrategia de desapalancamiento y su flexible asignaci\u00f3n de capital.<\/p>\n\n\n\n<p class=\"wp-block-paragraph\">\u201cLograr una calificaci\u00f3n crediticia de grado de inversi\u00f3n por parte de S&amp;P es un logro muy importante para Cemex\u201d, dijo Fernando Gonz\u00e1lez Olivieri, director general de Cemex. \u00abSi bien obtuvimos resultados r\u00e9cord el a\u00f1o pasado, esta calificaci\u00f3n es un reconocimiento a la exitosa ejecuci\u00f3n de nuestra estrategia de mediano plazo y al desempe\u00f1o financiero consistente durante varios a\u00f1os\u00bb.<\/p>\n\n\n\n<p class=\"wp-block-paragraph\">En 2023, el Flujo de Operaci\u00f3n de Cemex creci\u00f3 25%, mientras que el Flujo de Efectivo Libre despu\u00e9s de Inversiones en Activo Fijo de Mantenimiento creci\u00f3 m\u00e1s del doble. S&amp;P tambi\u00e9n elev\u00f3 la calificaci\u00f3n crediticia de Cemex en escala nacional (M\u00e9xico) a mxAA+ desde mxAA.<\/p>\n\n\n\n<p class=\"wp-block-paragraph\"><a href=\"mailto:loscapitales@yahoo.com.mx\" target=\"_blank\" rel=\"noreferrer noopener\">loscapitales@yahoo.com.mx<\/a><\/p>\n\n\n\n<p class=\"wp-block-paragraph\"><a href=\"http:\/\/www.agendadeinversiones.com.mx\/\" target=\"_blank\" rel=\"noreferrer noopener\">www.agendadeinversiones.com.mx<\/a><\/p>\n\n\n\n<p class=\"wp-block-paragraph\">Twiter: @Edgar4712<\/p>\n","protected":false},"excerpt":{"rendered":"<p>El martes el tipo de cambio lleg\u00f3 a cotizarse a 16.68 pesos por d\u00f3lar, pero el Citibanamex estima una ligera depreciaci\u00f3n a finales del mes de marzo \u201ca medida que se materialicen los efectos de un menor diferencial de tasas de inter\u00e9s con Estados Unidos\u201d.<\/p>\n","protected":false},"author":3,"featured_media":75979,"comment_status":"open","ping_status":"open","sticky":false,"template":"","format":"standard","meta":{"_monsterinsights_skip_tracking":false,"footnotes":""},"categories":[750,110,35],"tags":[],"class_list":["post-78871","post","type-post","status-publish","format-standard","has-post-thumbnail","category-edgar-gonzalez-martinez","category-la-opinion-columnas","category-opinion"],"_links":{"self":[{"href":"https:\/\/redsemlac.com\/semmexico\/wp-json\/wp\/v2\/posts\/78871","targetHints":{"allow":["GET"]}}],"collection":[{"href":"https:\/\/redsemlac.com\/semmexico\/wp-json\/wp\/v2\/posts"}],"about":[{"href":"https:\/\/redsemlac.com\/semmexico\/wp-json\/wp\/v2\/types\/post"}],"author":[{"embeddable":true,"href":"https:\/\/redsemlac.com\/semmexico\/wp-json\/wp\/v2\/users\/3"}],"replies":[{"embeddable":true,"href":"https:\/\/redsemlac.com\/semmexico\/wp-json\/wp\/v2\/comments?post=78871"}],"version-history":[{"count":0,"href":"https:\/\/redsemlac.com\/semmexico\/wp-json\/wp\/v2\/posts\/78871\/revisions"}],"wp:featuredmedia":[{"embeddable":true,"href":"https:\/\/redsemlac.com\/semmexico\/wp-json\/wp\/v2\/media\/75979"}],"wp:attachment":[{"href":"https:\/\/redsemlac.com\/semmexico\/wp-json\/wp\/v2\/media?parent=78871"}],"wp:term":[{"taxonomy":"category","embeddable":true,"href":"https:\/\/redsemlac.com\/semmexico\/wp-json\/wp\/v2\/categories?post=78871"},{"taxonomy":"post_tag","embeddable":true,"href":"https:\/\/redsemlac.com\/semmexico\/wp-json\/wp\/v2\/tags?post=78871"}],"curies":[{"name":"wp","href":"https:\/\/api.w.org\/{rel}","templated":true}]}}