{"id":78707,"date":"2024-03-11T18:09:58","date_gmt":"2024-03-12T00:09:58","guid":{"rendered":"https:\/\/redsemlac.com\/semmexico\/?p=78707"},"modified":"2024-03-12T08:38:44","modified_gmt":"2024-03-12T14:38:44","slug":"onu-mujeres-apoya-sostenibilidad-para-acabar-con-la-violencia-de-genero-en-edomex","status":"publish","type":"post","link":"https:\/\/redsemlac.com\/semmexico\/onu-mujeres-apoya-sostenibilidad-para-acabar-con-la-violencia-de-genero-en-edomex\/","title":{"rendered":"Onu Mujeres apoya sostenibilidad para acabar con la violencia de g\u00e9nero en Edomex"},"content":{"rendered":"\n<p class=\"wp-block-paragraph\">Testimonios sobre proyectos en Ecatepec, Ixtapaluca y Valle de Chalco&nbsp;<\/p>\n\n\n\n<p class=\"wp-block-paragraph\">Elo\u00edsa Farrera&nbsp;<\/p>\n\n\n\n<p class=\"wp-block-paragraph\">SemM\u00e9xico\/Noticias ONU, Ciudad de M\u00e9xico, 12 de marzo, 2024.- En M\u00e9xico, nueve mujeres fueron asesinadas al d\u00eda en 2023. Solo en el Estado de M\u00e9xico se perpetraron 372 asesinatos de mujeres en 2023, de los que solo 89 fueron investigados como feminicidio.<\/p>\n\n\n\n<p class=\"wp-block-paragraph\"><a href=\"https:\/\/youtu.be\/WmhDvh-7RVg\">https:\/\/youtu.be\/WmhDvh-7RVg<\/a><\/p>\n\n\n\n<p class=\"wp-block-paragraph\"><\/p>\n\n\n\n<p class=\"wp-block-paragraph\">Las organizaciones de la sociedad civil feministas, que incluyen activistas y v\u00edctimas, lideran la lucha contra la pobreza y la desigualdad de las mujeres en toda su diversidad. Sin embargo, muchas de ellas trabajan en contextos sociales desafiantes y con pocos recursos, ya que los fondos de la cooperaci\u00f3n internacional, los presupuestos nacionales o la filantrop\u00eda han disminuido dr\u00e1sticamente o son insuficientes.<\/p>\n\n\n\n<p class=\"wp-block-paragraph\">Este a\u00f1o, en el marco del 8 de marzo, D\u00eda Internacional de la Mujer, la ONU hace un llamado urgente para financiar a esas organizaciones, ya que fortalecer los movimientos y las organizaciones de la sociedad civil contribuye a la democracia, la paz y el desarrollo sostenible, objetivos de la Agenda 2030 de la ONU.<\/p>\n\n\n\n<p class=\"wp-block-paragraph\">En l\u00ednea con este llamado y en el marco de las dos Alertas de Violencia de G\u00e9nero contra las Mujeres (AVGM) por feminicidio y desaparici\u00f3n levantadas en el Estado de M\u00e9xico desde 2015, el a\u00f1o pasado la Secretar\u00eda de las Mujeres estatal se ali\u00f3 con ONU Mujeres* para contribuir a la sostenibilidad de organizaciones feministas y de base que promueven acciones de memoria, reparaci\u00f3n y justicia social en los 11 municipios donde se activaron estas alertas.<\/p>\n\n\n\n<p class=\"wp-block-paragraph\">Tres proyectos, realizados en los municipios de Ecatepec, Ixtapaluca y Valle de Chalco, usan el arte y el trabajo colectivo con la juventud y la comunidad para empoderar a la mujer.<\/p>\n\n\n\n<p class=\"wp-block-paragraph\"><strong>Lucha, la voz de resistencia en Ecatepec<\/strong><\/p>\n\n\n\n<p class=\"wp-block-paragraph\">\u201cMi mam\u00e1 me pide una foto antes de salir de casa porque me dice: tengo miedo, tengo que saber c\u00f3mo sales (vestida)\u201d, cuenta Pamela Gonz\u00e1lez, artista urbana de 25 a\u00f1os, oriunda de este municipio de la periferia de la Ciudad de M\u00e9xico con m\u00e1s de 1,6 millones de habitantes y con una de las tasas de feminicidio m\u00e1s altas a nivel nacional y estatal.<\/p>\n\n\n\n<p class=\"wp-block-paragraph\">Una v\u00edctima de esa violencia feminicida es Montserrat Mej\u00eda Rangel. Montse, como le dice su mam\u00e1, fue brutalmente golpeada por su esposo hace tres a\u00f1os.<\/p>\n\n\n\n<p class=\"wp-block-paragraph\">\u201cElla falleci\u00f3 el 20 de febrero de 2021 por traumatismo craneoencef\u00e1lico y m\u00faltiples golpes en el cuerpo. Estaba embarazada de casi 5 meses y dej\u00f3 una ni\u00f1a que hoy tiene 6 a\u00f1os\u201d, cuenta Mercedes Rangel, quien, como muchas madres del Estado de M\u00e9xico y del resto del pa\u00eds, se ha tenido que convertir en activista para exigir una sentencia firme y vitalicia contra el presunto feminicida de su hija. \u201cLo \u00fanico que queremos es que no haya ni una m\u00e1s\u201d, dice.<\/p>\n\n\n\n<p class=\"wp-block-paragraph\">Acompa\u00f1adas por el Observatorio Ciudadano Nacional del Feminicidio, una red conformada por organizaciones de la sociedad civil, defensoras de derechos humanos, colectivos y familiares de v\u00edctimas de violencia feminicida, Pamela y Mercedes participaron en la inauguraci\u00f3n del primer mural \u201cVoces en Resistencia: Murales por la Justicia y la Memoria\u201d, realizado en diciembre pasado en una de las fachadas del Centro de Justicia de Ecatepec \u201cSan Agust\u00edn\u201d, dependencia adscrita a la Fiscal\u00eda General de Justicia del estado.<\/p>\n\n\n\n<p class=\"wp-block-paragraph\">\u201cEl objetivo del mural es dignificar a las madres\u201d, dice Pamela, coautora del memorial e integrante del colectivo EL BANCO (Barrio con Arte, Nuestra Cultura Organizada).<\/p>\n\n\n\n<figure class=\"wp-block-gallery has-nested-images columns-default is-cropped wp-block-gallery-1 is-layout-flex wp-block-gallery-is-layout-flex\"><\/figure>\n\n\n\n<p class=\"wp-block-paragraph\">\u201cSabes que si en alg\u00fan momento desapareces, ellas van a estar gritando tu nombre para que se haga justicia\u201d. Por eso el personaje principal es Luc\u00eda, \u201cLucha\u201d, una mezcla de muchas madres.<\/p>\n\n\n\n<p class=\"wp-block-paragraph\">\u201cEs una mujer que no importa cu\u00e1nto miedo tenga, cu\u00e1nto se exponga, ella quiere justicia, pero tambi\u00e9n est\u00e1 cansada, est\u00e1 triste y est\u00e1 agotada. Porque todo esto es agotador\u201d. La vela del mural representa la luz y la esperanza, mientras que los p\u00e9talos morados, en alusi\u00f3n a la tradici\u00f3n mexica, dice, son rezos de paz y amor.<\/p>\n\n\n\n<p class=\"wp-block-paragraph\">\u201cMe gustar\u00eda incomodar un poco a la poblaci\u00f3n para que empatice con la situaci\u00f3n que estamos viviendo (las mujeres en Ecatepec) y que hemos normalizado. (Quiero) cambiar la realidad\u201d, indica Pamela.<\/p>\n\n\n\n<p class=\"wp-block-paragraph\">Dilcya Garc\u00eda, fiscal central del Estado de M\u00e9xico para la atenci\u00f3n de delitos vinculados a la violencia de g\u00e9nero, asegura que este memorial sirve \u201cpara poder recordar por siempre la justicia que le debemos, en esta instituci\u00f3n y en otras, a las madres, a las ni\u00f1as, a las mujeres que han sido v\u00edctimas de violencia feminicida (&#8230;) Que cada vez que entren aqu\u00ed (las y los servidores p\u00fablicos) se acuerden para qui\u00e9n trabajamos: la sociedad\u201d.<\/p>\n\n\n\n<p class=\"wp-block-paragraph\">\u201c(La idea es) no quedarnos solamente en la indignaci\u00f3n sino pasar a la justicia y a la esperanza (&#8230;) Este esfuerzo conjunto entre ONU Mujeres y la Secretar\u00eda de las Mujeres del Estado de M\u00e9xico es in\u00e9dito\u201d, destaca Mar\u00eda de la Luz Estrada, coordinadora del Observatorio Ciudadano Nacional del Feminicidio. Apoyos como \u00e9ste \u201cdeben continuar\u201d, agrega.<\/p>\n\n\n\n<p class=\"wp-block-paragraph\"><strong>Siembran esperanza en Chalco para cosechar justicia<\/strong><\/p>\n\n\n\n<p class=\"wp-block-paragraph\">En la escuela preparatoria oficial 123 de Valle de Chalco Solidaridad, otro de los municipios alertados por la violencia contra las mujeres en el Estado de M\u00e9xico, se ha sembrado la semilla de esperanza. Aqu\u00ed, en coordinaci\u00f3n con el personal escolar adscrito a la Secretar\u00eda de Educaci\u00f3n P\u00fablica estatal, as\u00ed como con las autoridades municipales, la organizaci\u00f3n Justicia Pro-Persona imparti\u00f3 talleres, organiz\u00f3 un encuentro de arte con la comunidad y realiz\u00f3 un mural que honra a las v\u00edctimas de feminicidio e inspira a la acci\u00f3n colectiva para visibilizar y erradicar este flagelo.<\/p>\n\n\n\n<p class=\"wp-block-paragraph\">\u201cColores que restauran\u201d fue la convocatoria que lanz\u00f3 en diciembre pasado la organizaci\u00f3n, dirigida a juventudes y estudiantes del municipio para \u201creflexionar y tejer juntxs una comunidad libre de violencias\u201d contra las mujeres, ni\u00f1as y adolescentes. En los talleres se impartieron conocimientos para identificar los diferentes tipos de violencia de g\u00e9nero, pero, sobre todo, se trabaj\u00f3 en la prevenci\u00f3n, la empat\u00eda, el trabajo en equipo y la sororidad.<\/p>\n\n\n\n<figure class=\"wp-block-image size-large\"><a href=\"https:\/\/redsemlac.com\/semmexico\/wp-content\/uploads\/2024\/03\/Captura-de-Pantalla-2024-03-11-a-las-18.05.03-1.png\"><img decoding=\"async\" src=\"https:\/\/redsemlac.com\/semmexico\/wp-content\/uploads\/2024\/03\/Captura-de-Pantalla-2024-03-11-a-las-18.05.03-1-1024x640.png\" alt=\"\" class=\"wp-image-78713\"\/><\/a><\/figure>\n\n\n\n<p class=\"wp-block-paragraph\">\u201cMi compromiso (ahora) con mi comunidad, cuando una mujer se sienta sola, est\u00e9 pasando por un mal momento con su pareja o con su familia, es escucharla y apoyarla como yo pueda. Tal vez ayud\u00e1ndola a denunciar\u201d, comenta Hannia Gissel Cruz, de 17 a\u00f1os, estudiante de la preparatoria.<\/p>\n\n\n\n<p class=\"wp-block-paragraph\">Joel Romero, de 15 a\u00f1os, destac\u00f3 el conocimiento adquirido en los talleres y el trabajo colectivo principalmente para la elaboraci\u00f3n del mural. \u201cAhora ya tengo m\u00e1s herramientas para llevar el mensaje a la comunidad (&#8230;) El mural no va a salvar vidas, no va a hacer que dejen de desaparecer las personas, pero va a hacer que disminuyan (los casos). Va a hacer que muchas personas se concienticen\u201d, asegura.<\/p>\n\n\n\n<p class=\"wp-block-paragraph\">El mural titulado \u201cSembrando memoria, cosechando justicia\u201d, dirigido por la artista mexiquense Ver\u00f3nica Rodr\u00edguez, PisiPop, fue realizado frente al huerto de la escuela, en una pared que puede ser vista desde la calle por las y los vecinos. \u201cTodos tenemos un poco de injusticia en nuestras familias y en nuestra periferia. Todos aqu\u00ed sabemos lo grave que est\u00e1n las cosas del feminicidio. Tenemos que hablar de esto, de c\u00f3mo nos est\u00e1n desapareciendo, c\u00f3mo nos est\u00e1n matando y que es algo que no se puede ya callar\u201d, indica.<\/p>\n\n\n\n<p class=\"wp-block-paragraph\">\u201cEl proyecto se enmarca en un tema de reparaci\u00f3n\u201d, destaca Ana Yeli P\u00e9rez, abogada feminista y directora de Justicia Pro-Persona. \u201cLa justicia no s\u00f3lo est\u00e1 en los tribunales. La justicia es social. La justicia se construye en comunidad y lo que queremos es una comunidad igualitaria donde la justicia sea un valor y donde podamos vivir libres de violencia y sin miedo\u201d.<\/p>\n\n\n\n<p class=\"wp-block-paragraph\">La participaci\u00f3n de ONU Mujeres con el gobierno del Estado de M\u00e9xico es clave, agrega, por c\u00f3mo \u201ctejemos en diferentes niveles de la sociedad y de las instituciones\u201d.<\/p>\n\n\n\n<p class=\"wp-block-paragraph\"><strong>Memoria viva para reparar y no olvidar a las v\u00edctimas en Ixtapaluca<\/strong><\/p>\n\n\n\n<p class=\"wp-block-paragraph\">\u201cNosotros no vivimos una guerra como en Siria, pero estamos viviendo el feminicidio, una pandemia\u201d, dice con contundencia Lorena Guti\u00e9rrez, quien no ha dejado de exigir verdad y justicia desde el feminicidio de su hija F\u00e1tima Varinia Quintana Guti\u00e9rrez, asesinada el 5 de febrero de 2015, a sus 12 a\u00f1os, tras la agresi\u00f3n f\u00edsica y sexual perpetrada por tres hombres en el municipio de Lerma, Estado de M\u00e9xico. Su hijo Daniel Quintana, hermano menor de Viri, falleci\u00f3 tiempo despu\u00e9s como v\u00edctima colateral del mismo delito.<\/p>\n\n\n\n<p class=\"wp-block-paragraph\">Para Lorena, mantener viva la memoria de F\u00e1tima y de todas las mujeres asesinadas a causa de la violencia feminicida es importante \u201cpara concientizar a una sociedad que ya ha aprendido a normalizar el feminicidio y la violencia de g\u00e9nero\u201d. Por esta raz\u00f3n quiso que su hija estuviera representada en el segundo proyecto de \u201cVoces en resistencia: murales por la justicia y la memoria\u201d, realizado por el citado Observatorio en coordinaci\u00f3n con las autoridades locales y personal educativo en el centro de Ixtapaluca, otro de los municipios alertados en el Estado de M\u00e9xico pero del que pocas veces se habla.<\/p>\n\n\n\n<p class=\"wp-block-paragraph\">\u201cEllas viven en nuestra voz\u201d, se puede leer debajo del nombre de F\u00e1tima. Junto a ella est\u00e1n los nombres de Jaqueline, Lul\u00fa, Paola, Karla y el de Alejandra Calvo, v\u00edctima de feminicidio el 16 de abril de 2020, en Ixtapaluca. Su madre, Teresa Calvo, considera clave la ubicaci\u00f3n de este mural no s\u00f3lo por estar afuera de una escuela, sino porque tambi\u00e9n est\u00e1 a unos pasos del Ayuntamiento.<\/p>\n\n\n\n<p class=\"wp-block-paragraph\">\u201cEs para que se visibilice y tanto autoridades como sociedad se den cuenta de que estamos viviendo una realidad, esto es verdad. Son hijas que fueron asesinadas, que ya no est\u00e1n y que nada m\u00e1s est\u00e1 aqu\u00ed el rostro y est\u00e1 el nombre, pero que no se les olvide que ellas vivieron y ellas son mujeres que debieron haber seguido viviendo aqu\u00ed\u201d, se\u00f1ala Teresa.<\/p>\n\n\n\n<p class=\"wp-block-paragraph\">La sororidad y la b\u00fasqueda de justicia es lo que ha unido a muchas madres como ellas. \u201cPara m\u00ed, Lorena es un gran ejemplo, es una mujer bien fuerte y bien aguerrida. Yo la admiro y la respeto mucho, porque su lucha ha ayudado a muchas mujeres\u201d, indica Teresa. \u201cLas mam\u00e1s unidas somos m\u00e1s fuertes, podemos llegar a obtener justicia y a cambiar un poco esta violencia hacia las mujeres\u201d.<\/p>\n\n\n\n<p class=\"wp-block-paragraph\">Para Mar\u00eda Figueroa Garc\u00eda, la artista pl\u00e1stica y activista encargada de realizar este mural, era importante recuperar la memoria viva de las madres, as\u00ed como colocar los nombres completos de las v\u00edctimas, las fechas de su defunci\u00f3n y una consigna. Con la t\u00e9cnica del estarcido se intent\u00f3 respetar lo mejor posible los rasgos de todas ellas.<\/p>\n\n\n\n<p class=\"wp-block-paragraph\">Proyectos como \u00e9ste, destaca, te permiten \u201creinterpretar la violencia que se est\u00e1 viviendo y darle una posibilidad a las mujeres que buscan justicia por sus hijas de tener un espacio de reflexi\u00f3n y de di\u00e1logo con la gente que por aqu\u00ed transita\u201d. Estas acciones son eficaces porque pueden empezar a \u201cpermear la conciencia colectiva\u201d, concluye.<\/p>\n\n\n\n<p class=\"wp-block-paragraph\">*El proyecto para contribuir a la sostenibilidad de organizaciones feministas y de base en el Estado de M\u00e9xico es producto del programa implementado en el marco de la Iniciativa Spotlight M\u00e9xico (2019-2023) para el fortalecimiento de organizaciones de la sociedad civil que trabajan en la defensa y promoci\u00f3n de los derechos humanos de las mujeres.<\/p>\n\n\n\n<figure class=\"wp-block-gallery has-nested-images columns-default is-cropped wp-block-gallery-2 is-layout-flex wp-block-gallery-is-layout-flex\"><\/figure>\n","protected":false},"excerpt":{"rendered":"<p>Testimonios sobre proyectos en Ecatepec, Ixtapaluca y Valle de Chalco&nbsp; Elo\u00edsa Farrera&nbsp; SemM\u00e9xico\/Noticias ONU, Ciudad de M\u00e9xico, 12 de marzo, 2024.- En M\u00e9xico, nueve mujeres fueron asesinadas al d\u00eda en 2023. Solo en el Estado de M\u00e9xico se perpetraron 372 asesinatos de mujeres en 2023, de los que solo 89 fueron investigados como feminicidio. https:\/\/youtu.be\/WmhDvh-7RVg [&hellip;]<\/p>\n","protected":false},"author":3,"featured_media":78721,"comment_status":"open","ping_status":"open","sticky":false,"template":"","format":"standard","meta":{"_monsterinsights_skip_tracking":false,"footnotes":""},"categories":[63],"tags":[],"class_list":["post-78707","post","type-post","status-publish","format-standard","has-post-thumbnail","category-reportajes"],"_links":{"self":[{"href":"https:\/\/redsemlac.com\/semmexico\/wp-json\/wp\/v2\/posts\/78707","targetHints":{"allow":["GET"]}}],"collection":[{"href":"https:\/\/redsemlac.com\/semmexico\/wp-json\/wp\/v2\/posts"}],"about":[{"href":"https:\/\/redsemlac.com\/semmexico\/wp-json\/wp\/v2\/types\/post"}],"author":[{"embeddable":true,"href":"https:\/\/redsemlac.com\/semmexico\/wp-json\/wp\/v2\/users\/3"}],"replies":[{"embeddable":true,"href":"https:\/\/redsemlac.com\/semmexico\/wp-json\/wp\/v2\/comments?post=78707"}],"version-history":[{"count":0,"href":"https:\/\/redsemlac.com\/semmexico\/wp-json\/wp\/v2\/posts\/78707\/revisions"}],"wp:featuredmedia":[{"embeddable":true,"href":"https:\/\/redsemlac.com\/semmexico\/wp-json\/wp\/v2\/media\/78721"}],"wp:attachment":[{"href":"https:\/\/redsemlac.com\/semmexico\/wp-json\/wp\/v2\/media?parent=78707"}],"wp:term":[{"taxonomy":"category","embeddable":true,"href":"https:\/\/redsemlac.com\/semmexico\/wp-json\/wp\/v2\/categories?post=78707"},{"taxonomy":"post_tag","embeddable":true,"href":"https:\/\/redsemlac.com\/semmexico\/wp-json\/wp\/v2\/tags?post=78707"}],"curies":[{"name":"wp","href":"https:\/\/api.w.org\/{rel}","templated":true}]}}